{"id":98626,"date":"2023-05-10T00:17:22","date_gmt":"2023-05-10T03:17:22","guid":{"rendered":"https:\/\/www.gaveanews.com\/?p=98626"},"modified":"2023-05-10T00:17:35","modified_gmt":"2023-05-10T03:17:35","slug":"jornalista-se-manifesta-apos-comentario-sobre-o-flamengo-viralizar","status":"publish","type":"post","link":"https:\/\/www.gaveanews.com\/index.php\/2023\/05\/10\/jornalista-se-manifesta-apos-comentario-sobre-o-flamengo-viralizar\/","title":{"rendered":"Jornalista da Globo se manifesta ap\u00f3s coment\u00e1rio sobre o Flamengo viralizar"},"content":{"rendered":"\n<p>O jornalista Eric Faria, do Grupo Globo, utilizou as suas redes sociais nesta ter\u00e7a (09) para se posicionar acerca de um outro tweet que ele fez abordando o time do Flamengo, ap\u00f3s um novo trope\u00e7o no Brasileir\u00e3o, diante do Athletico Paranaense, que inclusive provocou muita repercuss\u00e3o na web.<\/p>\n\n\n\n<p>Segundo Eric, o ponto de vista das declara\u00e7\u00f5es sobre o Flamengo foram tiradas de contexto, e que a opini\u00e3o retratada se referia aos 11 iniciais e ao time que entrou em campo contra o Furac\u00e3o, em Curitiba, e n\u00e3o contabilizando pe\u00e7as importantes que acabaram ficando de fora.<\/p>\n\n\n\n<p>\u201cVendo v\u00e1rios coment\u00e1rios aqui, acho que a galera pegou fora de contexto. Eu me referi ao time que entrou em campo no domingo. Claro que se vc coloca o Pedro, o Gerson, o Arrascaeta, o time sobe muito de n\u00edvel. De qualquer maneira sigo achando que o elenco tem car\u00eancias importantes. Abs\u201d, pontuou o jornalista.<\/p>\n\n\n\n<p>No posicionamento feito anteriormente, Eric apontou fragilidades no elenco do Flamengo, e ainda classificou que h\u00e1 muitos torcedores saudosistas de 2019, que acreditam em uma supremacia rubro-negra em termos de plantel.<\/p>\n\n\n\n<p>\u201cPeguem a escala\u00e7\u00e3o inicial do Flamengo. De um a onze, algu\u00e9m acha que \u00e9 um tima\u00e7o? Algu\u00e9m acha que \u00e9 uma equipe que vai jogar bem e ganhar todos os jogos? Tem muito torcedor morando em 2019. O elenco tem buracos enormes para um clube que fatura um bilh\u00e3o e \u00e9 colocado como favorito\u201d, disse o jornalista sobre o Flamengo na oportunidade.<\/p>\n\n\n\n<p>Retirado de: Torcedores<\/p>\n","protected":false},"excerpt":{"rendered":"<p>O jornalista Eric Faria, do Grupo Globo, utilizou as suas redes sociais nesta ter\u00e7a (09) para se posicionar acerca de um outro tweet que ele fez abordando o time do Flamengo, ap\u00f3s um novo trope\u00e7o no Brasileir\u00e3o, diante do Athletico Paranaense, que inclusive provocou muita repercuss\u00e3o na web. Segundo Eric, o ponto de vista das [&hellip;]<\/p>\n","protected":false},"author":1,"featured_media":17043,"comment_status":"open","ping_status":"closed","sticky":false,"template":"","format":"standard","meta":{"footnotes":""},"categories":[1],"tags":[],"class_list":["post-98626","post","type-post","status-publish","format-standard","has-post-thumbnail","hentry","category-flamengo"],"yoast_head":"<!-- This site is optimized with the Yoast SEO Premium plugin v24.2 (Yoast SEO v26.9) - https:\/\/yoast.com\/product\/yoast-seo-premium-wordpress\/ -->\n<title>Jornalista da Globo se manifesta ap\u00f3s coment\u00e1rio sobre o Flamengo viralizar<\/title>\n<meta name=\"robots\" content=\"index, follow, max-snippet:-1, max-image-preview:large, max-video-preview:-1\" \/>\n<link rel=\"canonical\" href=\"https:\/\/www.gaveanews.com\/index.php\/2023\/05\/10\/jornalista-se-manifesta-apos-comentario-sobre-o-flamengo-viralizar\/\" \/>\n<meta property=\"og:locale\" content=\"pt_BR\" \/>\n<meta property=\"og:type\" content=\"article\" \/>\n<meta property=\"og:title\" content=\"Jornalista da Globo se manifesta ap\u00f3s coment\u00e1rio sobre o Flamengo viralizar\" \/>\n<meta property=\"og:description\" content=\"O jornalista Eric Faria, do Grupo Globo, utilizou as suas redes sociais nesta ter\u00e7a (09) para se posicionar acerca de um outro tweet que ele fez abordando o time do Flamengo, ap\u00f3s um novo trope\u00e7o no Brasileir\u00e3o, diante do Athletico Paranaense, que inclusive provocou muita repercuss\u00e3o na web. Segundo Eric, o ponto de vista das [&hellip;]\" \/>\n<meta property=\"og:url\" content=\"https:\/\/www.gaveanews.com\/index.php\/2023\/05\/10\/jornalista-se-manifesta-apos-comentario-sobre-o-flamengo-viralizar\/\" \/>\n<meta property=\"og:site_name\" content=\"G\u00e1vea News\" \/>\n<meta property=\"article:publisher\" content=\"https:\/\/facebook.com\/gaveaNews\/\" \/>\n<meta property=\"article:published_time\" content=\"2023-05-10T03:17:22+00:00\" \/>\n<meta property=\"article:modified_time\" content=\"2023-05-10T03:17:35+00:00\" \/>\n<meta property=\"og:image\" content=\"https:\/\/www.gaveanews.com\/wp-content\/uploads\/2019\/04\/Logomarca-da-Rede-Globo.webp\" \/>\n\t<meta property=\"og:image:width\" content=\"1920\" \/>\n\t<meta property=\"og:image:height\" content=\"1076\" \/>\n\t<meta property=\"og:image:type\" content=\"image\/png\" \/>\n<meta name=\"author\" content=\"Equipe G\u00e1vea News\" \/>\n<meta name=\"twitter:card\" content=\"summary_large_image\" \/>\n<meta name=\"twitter:label1\" content=\"Escrito por\" \/>\n\t<meta name=\"twitter:data1\" content=\"Equipe G\u00e1vea News\" \/>\n\t<meta name=\"twitter:label2\" content=\"Est. tempo de leitura\" \/>\n\t<meta name=\"twitter:data2\" content=\"2 minutos\" \/>\n<script type=\"application\/ld+json\" class=\"yoast-schema-graph\">{\"@context\":\"https:\/\/schema.org\",\"@graph\":[{\"@type\":\"NewsArticle\",\"@id\":\"https:\/\/www.gaveanews.com\/index.php\/2023\/05\/10\/jornalista-se-manifesta-apos-comentario-sobre-o-flamengo-viralizar\/#article\",\"isPartOf\":{\"@id\":\"https:\/\/www.gaveanews.com\/index.php\/2023\/05\/10\/jornalista-se-manifesta-apos-comentario-sobre-o-flamengo-viralizar\/\"},\"author\":{\"name\":\"Equipe G\u00e1vea News\",\"@id\":\"https:\/\/www.gaveanews.com\/#\/schema\/person\/2ec14f73fb96be2caf28f91afb14749d\"},\"headline\":\"Jornalista da Globo se manifesta ap\u00f3s coment\u00e1rio sobre o Flamengo viralizar\",\"datePublished\":\"2023-05-10T03:17:22+00:00\",\"dateModified\":\"2023-05-10T03:17:35+00:00\",\"mainEntityOfPage\":{\"@id\":\"https:\/\/www.gaveanews.com\/index.php\/2023\/05\/10\/jornalista-se-manifesta-apos-comentario-sobre-o-flamengo-viralizar\/\"},\"wordCount\":271,\"commentCount\":0,\"image\":{\"@id\":\"https:\/\/www.gaveanews.com\/index.php\/2023\/05\/10\/jornalista-se-manifesta-apos-comentario-sobre-o-flamengo-viralizar\/#primaryimage\"},\"thumbnailUrl\":\"https:\/\/www.gaveanews.com\/wp-content\/uploads\/2019\/04\/Logomarca-da-Rede-Globo.webp\",\"articleSection\":[\"Flamengo\"],\"inLanguage\":\"pt-BR\",\"potentialAction\":[{\"@type\":\"CommentAction\",\"name\":\"Comment\",\"target\":[\"https:\/\/www.gaveanews.com\/index.php\/2023\/05\/10\/jornalista-se-manifesta-apos-comentario-sobre-o-flamengo-viralizar\/#respond\"]}],\"copyrightYear\":\"2023\",\"copyrightHolder\":{\"@id\":\"https:\/\/www.gaveanews.com\/#organization\"}},{\"@type\":\"WebPage\",\"@id\":\"https:\/\/www.gaveanews.com\/index.php\/2023\/05\/10\/jornalista-se-manifesta-apos-comentario-sobre-o-flamengo-viralizar\/\",\"url\":\"https:\/\/www.gaveanews.com\/index.php\/2023\/05\/10\/jornalista-se-manifesta-apos-comentario-sobre-o-flamengo-viralizar\/\",\"name\":\"Jornalista da Globo se manifesta ap\u00f3s coment\u00e1rio sobre o Flamengo viralizar\",\"isPartOf\":{\"@id\":\"https:\/\/www.gaveanews.com\/#website\"},\"primaryImageOfPage\":{\"@id\":\"https:\/\/www.gaveanews.com\/index.php\/2023\/05\/10\/jornalista-se-manifesta-apos-comentario-sobre-o-flamengo-viralizar\/#primaryimage\"},\"image\":{\"@id\":\"https:\/\/www.gaveanews.com\/index.php\/2023\/05\/10\/jornalista-se-manifesta-apos-comentario-sobre-o-flamengo-viralizar\/#primaryimage\"},\"thumbnailUrl\":\"https:\/\/www.gaveanews.com\/wp-content\/uploads\/2019\/04\/Logomarca-da-Rede-Globo.webp\",\"datePublished\":\"2023-05-10T03:17:22+00:00\",\"dateModified\":\"2023-05-10T03:17:35+00:00\",\"author\":{\"@id\":\"https:\/\/www.gaveanews.com\/#\/schema\/person\/2ec14f73fb96be2caf28f91afb14749d\"},\"breadcrumb\":{\"@id\":\"https:\/\/www.gaveanews.com\/index.php\/2023\/05\/10\/jornalista-se-manifesta-apos-comentario-sobre-o-flamengo-viralizar\/#breadcrumb\"},\"inLanguage\":\"pt-BR\",\"potentialAction\":[{\"@type\":\"ReadAction\",\"target\":[\"https:\/\/www.gaveanews.com\/index.php\/2023\/05\/10\/jornalista-se-manifesta-apos-comentario-sobre-o-flamengo-viralizar\/\"]}]},{\"@type\":\"ImageObject\",\"inLanguage\":\"pt-BR\",\"@id\":\"https:\/\/www.gaveanews.com\/index.php\/2023\/05\/10\/jornalista-se-manifesta-apos-comentario-sobre-o-flamengo-viralizar\/#primaryimage\",\"url\":\"https:\/\/www.gaveanews.com\/wp-content\/uploads\/2019\/04\/Logomarca-da-Rede-Globo.webp\",\"contentUrl\":\"https:\/\/www.gaveanews.com\/wp-content\/uploads\/2019\/04\/Logomarca-da-Rede-Globo.webp\",\"width\":1920,\"height\":1076,\"caption\":\"Logomarca da Rede Globo (Foto: Reprodu\u00e7\u00e3o)\"},{\"@type\":\"BreadcrumbList\",\"@id\":\"https:\/\/www.gaveanews.com\/index.php\/2023\/05\/10\/jornalista-se-manifesta-apos-comentario-sobre-o-flamengo-viralizar\/#breadcrumb\",\"itemListElement\":[{\"@type\":\"ListItem\",\"position\":1,\"name\":\"Home\",\"item\":\"https:\/\/www.gaveanews.com\/\"},{\"@type\":\"ListItem\",\"position\":2,\"name\":\"Jornalista da Globo se manifesta ap\u00f3s coment\u00e1rio sobre o Flamengo viralizar\"}]},{\"@type\":\"WebSite\",\"@id\":\"https:\/\/www.gaveanews.com\/#website\",\"url\":\"https:\/\/www.gaveanews.com\/\",\"name\":\"G\u00e1vea News\",\"description\":\"Veja todas as not\u00edcias sobre o Flamengo: Contrata\u00e7\u00f5es, categorias de base, resultados das partidas, tabela de classifica\u00e7\u00e3o, pr\u00f3ximos jogos!\",\"potentialAction\":[{\"@type\":\"SearchAction\",\"target\":{\"@type\":\"EntryPoint\",\"urlTemplate\":\"https:\/\/www.gaveanews.com\/?s={search_term_string}\"},\"query-input\":{\"@type\":\"PropertyValueSpecification\",\"valueRequired\":true,\"valueName\":\"search_term_string\"}}],\"inLanguage\":\"pt-BR\"},{\"@type\":\"Person\",\"@id\":\"https:\/\/www.gaveanews.com\/#\/schema\/person\/2ec14f73fb96be2caf28f91afb14749d\",\"name\":\"Equipe G\u00e1vea News\",\"image\":{\"@type\":\"ImageObject\",\"inLanguage\":\"pt-BR\",\"@id\":\"https:\/\/www.gaveanews.com\/#\/schema\/person\/image\/\",\"url\":\"https:\/\/secure.gravatar.com\/avatar\/1e1956f1facbffd3f8fa53a326721950116b3b9dc9bd44939c01180fd4a745a9?s=96&d=mm&r=g\",\"contentUrl\":\"https:\/\/secure.gravatar.com\/avatar\/1e1956f1facbffd3f8fa53a326721950116b3b9dc9bd44939c01180fd4a745a9?s=96&d=mm&r=g\",\"caption\":\"Equipe G\u00e1vea News\"}}]}<\/script>\n<!-- \/ Yoast SEO Premium plugin. -->","yoast_head_json":{"title":"Jornalista da Globo se manifesta ap\u00f3s coment\u00e1rio sobre o Flamengo viralizar","robots":{"index":"index","follow":"follow","max-snippet":"max-snippet:-1","max-image-preview":"max-image-preview:large","max-video-preview":"max-video-preview:-1"},"canonical":"https:\/\/www.gaveanews.com\/index.php\/2023\/05\/10\/jornalista-se-manifesta-apos-comentario-sobre-o-flamengo-viralizar\/","og_locale":"pt_BR","og_type":"article","og_title":"Jornalista da Globo se manifesta ap\u00f3s coment\u00e1rio sobre o Flamengo viralizar","og_description":"O jornalista Eric Faria, do Grupo Globo, utilizou as suas redes sociais nesta ter\u00e7a (09) para se posicionar acerca de um outro tweet que ele fez abordando o time do Flamengo, ap\u00f3s um novo trope\u00e7o no Brasileir\u00e3o, diante do Athletico Paranaense, que inclusive provocou muita repercuss\u00e3o na web. Segundo Eric, o ponto de vista das [&hellip;]","og_url":"https:\/\/www.gaveanews.com\/index.php\/2023\/05\/10\/jornalista-se-manifesta-apos-comentario-sobre-o-flamengo-viralizar\/","og_site_name":"G\u00e1vea News","article_publisher":"https:\/\/facebook.com\/gaveaNews\/","article_published_time":"2023-05-10T03:17:22+00:00","article_modified_time":"2023-05-10T03:17:35+00:00","og_image":[{"width":1920,"height":1076,"url":"https:\/\/www.gaveanews.com\/wp-content\/uploads\/2019\/04\/Logomarca-da-Rede-Globo.webp","type":"image\/png"}],"author":"Equipe G\u00e1vea News","twitter_card":"summary_large_image","twitter_misc":{"Escrito por":"Equipe G\u00e1vea News","Est. tempo de leitura":"2 minutos"},"schema":{"@context":"https:\/\/schema.org","@graph":[{"@type":"NewsArticle","@id":"https:\/\/www.gaveanews.com\/index.php\/2023\/05\/10\/jornalista-se-manifesta-apos-comentario-sobre-o-flamengo-viralizar\/#article","isPartOf":{"@id":"https:\/\/www.gaveanews.com\/index.php\/2023\/05\/10\/jornalista-se-manifesta-apos-comentario-sobre-o-flamengo-viralizar\/"},"author":{"name":"Equipe G\u00e1vea News","@id":"https:\/\/www.gaveanews.com\/#\/schema\/person\/2ec14f73fb96be2caf28f91afb14749d"},"headline":"Jornalista da Globo se manifesta ap\u00f3s coment\u00e1rio sobre o Flamengo viralizar","datePublished":"2023-05-10T03:17:22+00:00","dateModified":"2023-05-10T03:17:35+00:00","mainEntityOfPage":{"@id":"https:\/\/www.gaveanews.com\/index.php\/2023\/05\/10\/jornalista-se-manifesta-apos-comentario-sobre-o-flamengo-viralizar\/"},"wordCount":271,"commentCount":0,"image":{"@id":"https:\/\/www.gaveanews.com\/index.php\/2023\/05\/10\/jornalista-se-manifesta-apos-comentario-sobre-o-flamengo-viralizar\/#primaryimage"},"thumbnailUrl":"https:\/\/www.gaveanews.com\/wp-content\/uploads\/2019\/04\/Logomarca-da-Rede-Globo.webp","articleSection":["Flamengo"],"inLanguage":"pt-BR","potentialAction":[{"@type":"CommentAction","name":"Comment","target":["https:\/\/www.gaveanews.com\/index.php\/2023\/05\/10\/jornalista-se-manifesta-apos-comentario-sobre-o-flamengo-viralizar\/#respond"]}],"copyrightYear":"2023","copyrightHolder":{"@id":"https:\/\/www.gaveanews.com\/#organization"}},{"@type":"WebPage","@id":"https:\/\/www.gaveanews.com\/index.php\/2023\/05\/10\/jornalista-se-manifesta-apos-comentario-sobre-o-flamengo-viralizar\/","url":"https:\/\/www.gaveanews.com\/index.php\/2023\/05\/10\/jornalista-se-manifesta-apos-comentario-sobre-o-flamengo-viralizar\/","name":"Jornalista da Globo se manifesta ap\u00f3s coment\u00e1rio sobre o Flamengo viralizar","isPartOf":{"@id":"https:\/\/www.gaveanews.com\/#website"},"primaryImageOfPage":{"@id":"https:\/\/www.gaveanews.com\/index.php\/2023\/05\/10\/jornalista-se-manifesta-apos-comentario-sobre-o-flamengo-viralizar\/#primaryimage"},"image":{"@id":"https:\/\/www.gaveanews.com\/index.php\/2023\/05\/10\/jornalista-se-manifesta-apos-comentario-sobre-o-flamengo-viralizar\/#primaryimage"},"thumbnailUrl":"https:\/\/www.gaveanews.com\/wp-content\/uploads\/2019\/04\/Logomarca-da-Rede-Globo.webp","datePublished":"2023-05-10T03:17:22+00:00","dateModified":"2023-05-10T03:17:35+00:00","author":{"@id":"https:\/\/www.gaveanews.com\/#\/schema\/person\/2ec14f73fb96be2caf28f91afb14749d"},"breadcrumb":{"@id":"https:\/\/www.gaveanews.com\/index.php\/2023\/05\/10\/jornalista-se-manifesta-apos-comentario-sobre-o-flamengo-viralizar\/#breadcrumb"},"inLanguage":"pt-BR","potentialAction":[{"@type":"ReadAction","target":["https:\/\/www.gaveanews.com\/index.php\/2023\/05\/10\/jornalista-se-manifesta-apos-comentario-sobre-o-flamengo-viralizar\/"]}]},{"@type":"ImageObject","inLanguage":"pt-BR","@id":"https:\/\/www.gaveanews.com\/index.php\/2023\/05\/10\/jornalista-se-manifesta-apos-comentario-sobre-o-flamengo-viralizar\/#primaryimage","url":"https:\/\/www.gaveanews.com\/wp-content\/uploads\/2019\/04\/Logomarca-da-Rede-Globo.webp","contentUrl":"https:\/\/www.gaveanews.com\/wp-content\/uploads\/2019\/04\/Logomarca-da-Rede-Globo.webp","width":1920,"height":1076,"caption":"Logomarca da Rede Globo (Foto: Reprodu\u00e7\u00e3o)"},{"@type":"BreadcrumbList","@id":"https:\/\/www.gaveanews.com\/index.php\/2023\/05\/10\/jornalista-se-manifesta-apos-comentario-sobre-o-flamengo-viralizar\/#breadcrumb","itemListElement":[{"@type":"ListItem","position":1,"name":"Home","item":"https:\/\/www.gaveanews.com\/"},{"@type":"ListItem","position":2,"name":"Jornalista da Globo se manifesta ap\u00f3s coment\u00e1rio sobre o Flamengo viralizar"}]},{"@type":"WebSite","@id":"https:\/\/www.gaveanews.com\/#website","url":"https:\/\/www.gaveanews.com\/","name":"G\u00e1vea News","description":"Veja todas as not\u00edcias sobre o Flamengo: Contrata\u00e7\u00f5es, categorias de base, resultados das partidas, tabela de classifica\u00e7\u00e3o, pr\u00f3ximos jogos!","potentialAction":[{"@type":"SearchAction","target":{"@type":"EntryPoint","urlTemplate":"https:\/\/www.gaveanews.com\/?s={search_term_string}"},"query-input":{"@type":"PropertyValueSpecification","valueRequired":true,"valueName":"search_term_string"}}],"inLanguage":"pt-BR"},{"@type":"Person","@id":"https:\/\/www.gaveanews.com\/#\/schema\/person\/2ec14f73fb96be2caf28f91afb14749d","name":"Equipe G\u00e1vea News","image":{"@type":"ImageObject","inLanguage":"pt-BR","@id":"https:\/\/www.gaveanews.com\/#\/schema\/person\/image\/","url":"https:\/\/secure.gravatar.com\/avatar\/1e1956f1facbffd3f8fa53a326721950116b3b9dc9bd44939c01180fd4a745a9?s=96&d=mm&r=g","contentUrl":"https:\/\/secure.gravatar.com\/avatar\/1e1956f1facbffd3f8fa53a326721950116b3b9dc9bd44939c01180fd4a745a9?s=96&d=mm&r=g","caption":"Equipe G\u00e1vea News"}}]}},"_links":{"self":[{"href":"https:\/\/www.gaveanews.com\/index.php\/wp-json\/wp\/v2\/posts\/98626","targetHints":{"allow":["GET"]}}],"collection":[{"href":"https:\/\/www.gaveanews.com\/index.php\/wp-json\/wp\/v2\/posts"}],"about":[{"href":"https:\/\/www.gaveanews.com\/index.php\/wp-json\/wp\/v2\/types\/post"}],"author":[{"embeddable":true,"href":"https:\/\/www.gaveanews.com\/index.php\/wp-json\/wp\/v2\/users\/1"}],"replies":[{"embeddable":true,"href":"https:\/\/www.gaveanews.com\/index.php\/wp-json\/wp\/v2\/comments?post=98626"}],"version-history":[{"count":0,"href":"https:\/\/www.gaveanews.com\/index.php\/wp-json\/wp\/v2\/posts\/98626\/revisions"}],"wp:featuredmedia":[{"embeddable":true,"href":"https:\/\/www.gaveanews.com\/index.php\/wp-json\/wp\/v2\/media\/17043"}],"wp:attachment":[{"href":"https:\/\/www.gaveanews.com\/index.php\/wp-json\/wp\/v2\/media?parent=98626"}],"wp:term":[{"taxonomy":"category","embeddable":true,"href":"https:\/\/www.gaveanews.com\/index.php\/wp-json\/wp\/v2\/categories?post=98626"},{"taxonomy":"post_tag","embeddable":true,"href":"https:\/\/www.gaveanews.com\/index.php\/wp-json\/wp\/v2\/tags?post=98626"}],"curies":[{"name":"wp","href":"https:\/\/api.w.org\/{rel}","templated":true}]}}