{"id":98627,"date":"2023-05-09T22:09:56","date_gmt":"2023-05-10T01:09:56","guid":{"rendered":"https:\/\/www.gaveanews.com\/?p=98627"},"modified":"2023-05-09T22:12:40","modified_gmt":"2023-05-10T01:12:40","slug":"foto-oficial-do-novo-uniforme-do-flamengo-vaza","status":"publish","type":"post","link":"https:\/\/www.gaveanews.com\/index.php\/2023\/05\/09\/foto-oficial-do-novo-uniforme-do-flamengo-vaza\/","title":{"rendered":"Foto oficial do novo uniforme do Flamengo vaza"},"content":{"rendered":"\n<p>Na noite desta ter\u00e7a-feira (09 de maio), a foto do novo uniforme do Flamengo vazou nas redes sociais. Tal modelo ser\u00e1 utilizado pelos jogadores flamenguistas quando eles foram visitantes. Predominantemente branco, a nova camisa conta com detalhes nas cores vermelho, preto e dourado. <\/p>\n\n\n\n<p>O escudo do Meng\u00e3o, assim como a logomarca da adidas, ser\u00e3o estampados em dourado. No decorrer a camisa, \u00e9 poss\u00edvel observar 7 listras, sendo que cada listra conta uma pequena faixa vermelha e tamb\u00e9m preta.<\/p>\n\n\n\n<p>Em rela\u00e7\u00e3o a barra lateral e na altura dos ombros, ambos ser\u00e3o vermelhos. Por fim, mas n\u00e3o menos importante, a gola, \u00e9 quase que preta por completa, com pequenos detalhes em vermelho. O lan\u00e7amento oficial desta camisa ocorrer\u00e1 nesta quarta-feira (10) \u00e0s 00h (hor\u00e1rio de Bras\u00edlia).<\/p>\n\n\n\n<p>A respeito dos valores, nenhuma informa\u00e7\u00e3o foi divulgada at\u00e9 o momento. <strong>Veja abaixo as fotos oficiais:<\/strong><\/p>\n\n\n<div class=\"wp-block-image\">\n<figure class=\"aligncenter size-large\"><img decoding=\"async\" src=\"https:\/\/pbs.twimg.com\/media\/FvupnjcXgAA-jdu?format=jpg\" alt=\"\"\/><\/figure>\n<\/div>\n\n\n<figure class=\"wp-block-image size-large\"><img decoding=\"async\" src=\"https:\/\/pbs.twimg.com\/media\/FvukH0zXwAIpdIX?format=jpg\" alt=\"\"\/><\/figure>\n","protected":false},"excerpt":{"rendered":"<p>Na noite desta ter\u00e7a-feira (09 de maio), a foto do novo uniforme do Flamengo vazou nas redes sociais. Tal modelo ser\u00e1 utilizado pelos jogadores flamenguistas quando eles foram visitantes. Predominantemente branco, a nova camisa conta com detalhes nas cores vermelho, preto e dourado. O escudo do Meng\u00e3o, assim como a logomarca da adidas, ser\u00e3o estampados [&hellip;]<\/p>\n","protected":false},"author":2,"featured_media":97525,"comment_status":"open","ping_status":"closed","sticky":false,"template":"","format":"standard","meta":{"footnotes":""},"categories":[47],"tags":[],"class_list":["post-98627","post","type-post","status-publish","format-standard","has-post-thumbnail","hentry","category-destaques"],"yoast_head":"<!-- This site is optimized with the Yoast SEO Premium plugin v24.2 (Yoast SEO v26.9) - https:\/\/yoast.com\/product\/yoast-seo-premium-wordpress\/ -->\n<title>Foto oficial do novo uniforme do Flamengo vaza<\/title>\n<meta name=\"robots\" content=\"index, follow, max-snippet:-1, max-image-preview:large, max-video-preview:-1\" \/>\n<link rel=\"canonical\" href=\"https:\/\/www.gaveanews.com\/index.php\/2023\/05\/09\/foto-oficial-do-novo-uniforme-do-flamengo-vaza\/\" \/>\n<meta property=\"og:locale\" content=\"pt_BR\" \/>\n<meta property=\"og:type\" content=\"article\" \/>\n<meta property=\"og:title\" content=\"Foto oficial do novo uniforme do Flamengo vaza\" \/>\n<meta property=\"og:description\" content=\"Na noite desta ter\u00e7a-feira (09 de maio), a foto do novo uniforme do Flamengo vazou nas redes sociais. Tal modelo ser\u00e1 utilizado pelos jogadores flamenguistas quando eles foram visitantes. Predominantemente branco, a nova camisa conta com detalhes nas cores vermelho, preto e dourado. O escudo do Meng\u00e3o, assim como a logomarca da adidas, ser\u00e3o estampados [&hellip;]\" \/>\n<meta property=\"og:url\" content=\"https:\/\/www.gaveanews.com\/index.php\/2023\/05\/09\/foto-oficial-do-novo-uniforme-do-flamengo-vaza\/\" \/>\n<meta property=\"og:site_name\" content=\"G\u00e1vea News\" \/>\n<meta property=\"article:publisher\" content=\"https:\/\/facebook.com\/gaveaNews\/\" \/>\n<meta property=\"article:published_time\" content=\"2023-05-10T01:09:56+00:00\" \/>\n<meta property=\"article:modified_time\" content=\"2023-05-10T01:12:40+00:00\" \/>\n<meta property=\"og:image\" content=\"https:\/\/www.gaveanews.com\/wp-content\/uploads\/Logomarca-da-Adidas-ao-lado-do-escudo-do-Flamengo.webp\" \/>\n\t<meta property=\"og:image:width\" content=\"1920\" \/>\n\t<meta property=\"og:image:height\" content=\"1277\" \/>\n\t<meta property=\"og:image:type\" content=\"image\/webp\" \/>\n<meta name=\"author\" content=\"Hugo Nogueira\" \/>\n<meta name=\"twitter:card\" content=\"summary_large_image\" \/>\n<meta name=\"twitter:label1\" content=\"Escrito por\" \/>\n\t<meta name=\"twitter:data1\" content=\"Hugo Nogueira\" \/>\n\t<meta name=\"twitter:label2\" content=\"Est. tempo de leitura\" \/>\n\t<meta name=\"twitter:data2\" content=\"2 minutos\" \/>\n<script type=\"application\/ld+json\" class=\"yoast-schema-graph\">{\"@context\":\"https:\/\/schema.org\",\"@graph\":[{\"@type\":\"NewsArticle\",\"@id\":\"https:\/\/www.gaveanews.com\/index.php\/2023\/05\/09\/foto-oficial-do-novo-uniforme-do-flamengo-vaza\/#article\",\"isPartOf\":{\"@id\":\"https:\/\/www.gaveanews.com\/index.php\/2023\/05\/09\/foto-oficial-do-novo-uniforme-do-flamengo-vaza\/\"},\"author\":{\"name\":\"Hugo Nogueira\",\"@id\":\"https:\/\/www.gaveanews.com\/#\/schema\/person\/3a0372021fabaeec4e7e4242cfa27841\"},\"headline\":\"Foto oficial do novo uniforme do Flamengo vaza\",\"datePublished\":\"2023-05-10T01:09:56+00:00\",\"dateModified\":\"2023-05-10T01:12:40+00:00\",\"mainEntityOfPage\":{\"@id\":\"https:\/\/www.gaveanews.com\/index.php\/2023\/05\/09\/foto-oficial-do-novo-uniforme-do-flamengo-vaza\/\"},\"wordCount\":155,\"commentCount\":0,\"image\":{\"@id\":\"https:\/\/www.gaveanews.com\/index.php\/2023\/05\/09\/foto-oficial-do-novo-uniforme-do-flamengo-vaza\/#primaryimage\"},\"thumbnailUrl\":\"https:\/\/www.gaveanews.com\/wp-content\/uploads\/Logomarca-da-Adidas-ao-lado-do-escudo-do-Flamengo.webp\",\"articleSection\":[\"Destaques\"],\"inLanguage\":\"pt-BR\",\"potentialAction\":[{\"@type\":\"CommentAction\",\"name\":\"Comment\",\"target\":[\"https:\/\/www.gaveanews.com\/index.php\/2023\/05\/09\/foto-oficial-do-novo-uniforme-do-flamengo-vaza\/#respond\"]}],\"copyrightYear\":\"2023\",\"copyrightHolder\":{\"@id\":\"https:\/\/www.gaveanews.com\/#organization\"}},{\"@type\":\"WebPage\",\"@id\":\"https:\/\/www.gaveanews.com\/index.php\/2023\/05\/09\/foto-oficial-do-novo-uniforme-do-flamengo-vaza\/\",\"url\":\"https:\/\/www.gaveanews.com\/index.php\/2023\/05\/09\/foto-oficial-do-novo-uniforme-do-flamengo-vaza\/\",\"name\":\"Foto oficial do novo uniforme do Flamengo vaza\",\"isPartOf\":{\"@id\":\"https:\/\/www.gaveanews.com\/#website\"},\"primaryImageOfPage\":{\"@id\":\"https:\/\/www.gaveanews.com\/index.php\/2023\/05\/09\/foto-oficial-do-novo-uniforme-do-flamengo-vaza\/#primaryimage\"},\"image\":{\"@id\":\"https:\/\/www.gaveanews.com\/index.php\/2023\/05\/09\/foto-oficial-do-novo-uniforme-do-flamengo-vaza\/#primaryimage\"},\"thumbnailUrl\":\"https:\/\/www.gaveanews.com\/wp-content\/uploads\/Logomarca-da-Adidas-ao-lado-do-escudo-do-Flamengo.webp\",\"datePublished\":\"2023-05-10T01:09:56+00:00\",\"dateModified\":\"2023-05-10T01:12:40+00:00\",\"author\":{\"@id\":\"https:\/\/www.gaveanews.com\/#\/schema\/person\/3a0372021fabaeec4e7e4242cfa27841\"},\"breadcrumb\":{\"@id\":\"https:\/\/www.gaveanews.com\/index.php\/2023\/05\/09\/foto-oficial-do-novo-uniforme-do-flamengo-vaza\/#breadcrumb\"},\"inLanguage\":\"pt-BR\",\"potentialAction\":[{\"@type\":\"ReadAction\",\"target\":[\"https:\/\/www.gaveanews.com\/index.php\/2023\/05\/09\/foto-oficial-do-novo-uniforme-do-flamengo-vaza\/\"]}]},{\"@type\":\"ImageObject\",\"inLanguage\":\"pt-BR\",\"@id\":\"https:\/\/www.gaveanews.com\/index.php\/2023\/05\/09\/foto-oficial-do-novo-uniforme-do-flamengo-vaza\/#primaryimage\",\"url\":\"https:\/\/www.gaveanews.com\/wp-content\/uploads\/Logomarca-da-Adidas-ao-lado-do-escudo-do-Flamengo.webp\",\"contentUrl\":\"https:\/\/www.gaveanews.com\/wp-content\/uploads\/Logomarca-da-Adidas-ao-lado-do-escudo-do-Flamengo.webp\",\"width\":1920,\"height\":1277,\"caption\":\"Logomarca da Adidas ao lado do escudo do Flamengo (Foto: Reprodu\u00e7\u00e3o)\"},{\"@type\":\"BreadcrumbList\",\"@id\":\"https:\/\/www.gaveanews.com\/index.php\/2023\/05\/09\/foto-oficial-do-novo-uniforme-do-flamengo-vaza\/#breadcrumb\",\"itemListElement\":[{\"@type\":\"ListItem\",\"position\":1,\"name\":\"Home\",\"item\":\"https:\/\/www.gaveanews.com\/\"},{\"@type\":\"ListItem\",\"position\":2,\"name\":\"Foto oficial do novo uniforme do Flamengo vaza\"}]},{\"@type\":\"WebSite\",\"@id\":\"https:\/\/www.gaveanews.com\/#website\",\"url\":\"https:\/\/www.gaveanews.com\/\",\"name\":\"G\u00e1vea News\",\"description\":\"Veja todas as not\u00edcias sobre o Flamengo: Contrata\u00e7\u00f5es, categorias de base, resultados das partidas, tabela de classifica\u00e7\u00e3o, pr\u00f3ximos jogos!\",\"potentialAction\":[{\"@type\":\"SearchAction\",\"target\":{\"@type\":\"EntryPoint\",\"urlTemplate\":\"https:\/\/www.gaveanews.com\/?s={search_term_string}\"},\"query-input\":{\"@type\":\"PropertyValueSpecification\",\"valueRequired\":true,\"valueName\":\"search_term_string\"}}],\"inLanguage\":\"pt-BR\"},{\"@type\":\"Person\",\"@id\":\"https:\/\/www.gaveanews.com\/#\/schema\/person\/3a0372021fabaeec4e7e4242cfa27841\",\"name\":\"Hugo Nogueira\",\"image\":{\"@type\":\"ImageObject\",\"inLanguage\":\"pt-BR\",\"@id\":\"https:\/\/www.gaveanews.com\/#\/schema\/person\/image\/\",\"url\":\"https:\/\/secure.gravatar.com\/avatar\/0cdd89f3b47bb55926c08eee2db992845cfdd53f84c9fdd47a49d89b3cd40c0a?s=96&d=mm&r=g\",\"contentUrl\":\"https:\/\/secure.gravatar.com\/avatar\/0cdd89f3b47bb55926c08eee2db992845cfdd53f84c9fdd47a49d89b3cd40c0a?s=96&d=mm&r=g\",\"caption\":\"Hugo Nogueira\"}}]}<\/script>\n<!-- \/ Yoast SEO Premium plugin. -->","yoast_head_json":{"title":"Foto oficial do novo uniforme do Flamengo vaza","robots":{"index":"index","follow":"follow","max-snippet":"max-snippet:-1","max-image-preview":"max-image-preview:large","max-video-preview":"max-video-preview:-1"},"canonical":"https:\/\/www.gaveanews.com\/index.php\/2023\/05\/09\/foto-oficial-do-novo-uniforme-do-flamengo-vaza\/","og_locale":"pt_BR","og_type":"article","og_title":"Foto oficial do novo uniforme do Flamengo vaza","og_description":"Na noite desta ter\u00e7a-feira (09 de maio), a foto do novo uniforme do Flamengo vazou nas redes sociais. Tal modelo ser\u00e1 utilizado pelos jogadores flamenguistas quando eles foram visitantes. Predominantemente branco, a nova camisa conta com detalhes nas cores vermelho, preto e dourado. O escudo do Meng\u00e3o, assim como a logomarca da adidas, ser\u00e3o estampados [&hellip;]","og_url":"https:\/\/www.gaveanews.com\/index.php\/2023\/05\/09\/foto-oficial-do-novo-uniforme-do-flamengo-vaza\/","og_site_name":"G\u00e1vea News","article_publisher":"https:\/\/facebook.com\/gaveaNews\/","article_published_time":"2023-05-10T01:09:56+00:00","article_modified_time":"2023-05-10T01:12:40+00:00","og_image":[{"width":1920,"height":1277,"url":"https:\/\/www.gaveanews.com\/wp-content\/uploads\/Logomarca-da-Adidas-ao-lado-do-escudo-do-Flamengo.webp","type":"image\/webp"}],"author":"Hugo Nogueira","twitter_card":"summary_large_image","twitter_misc":{"Escrito por":"Hugo Nogueira","Est. tempo de leitura":"2 minutos"},"schema":{"@context":"https:\/\/schema.org","@graph":[{"@type":"NewsArticle","@id":"https:\/\/www.gaveanews.com\/index.php\/2023\/05\/09\/foto-oficial-do-novo-uniforme-do-flamengo-vaza\/#article","isPartOf":{"@id":"https:\/\/www.gaveanews.com\/index.php\/2023\/05\/09\/foto-oficial-do-novo-uniforme-do-flamengo-vaza\/"},"author":{"name":"Hugo Nogueira","@id":"https:\/\/www.gaveanews.com\/#\/schema\/person\/3a0372021fabaeec4e7e4242cfa27841"},"headline":"Foto oficial do novo uniforme do Flamengo vaza","datePublished":"2023-05-10T01:09:56+00:00","dateModified":"2023-05-10T01:12:40+00:00","mainEntityOfPage":{"@id":"https:\/\/www.gaveanews.com\/index.php\/2023\/05\/09\/foto-oficial-do-novo-uniforme-do-flamengo-vaza\/"},"wordCount":155,"commentCount":0,"image":{"@id":"https:\/\/www.gaveanews.com\/index.php\/2023\/05\/09\/foto-oficial-do-novo-uniforme-do-flamengo-vaza\/#primaryimage"},"thumbnailUrl":"https:\/\/www.gaveanews.com\/wp-content\/uploads\/Logomarca-da-Adidas-ao-lado-do-escudo-do-Flamengo.webp","articleSection":["Destaques"],"inLanguage":"pt-BR","potentialAction":[{"@type":"CommentAction","name":"Comment","target":["https:\/\/www.gaveanews.com\/index.php\/2023\/05\/09\/foto-oficial-do-novo-uniforme-do-flamengo-vaza\/#respond"]}],"copyrightYear":"2023","copyrightHolder":{"@id":"https:\/\/www.gaveanews.com\/#organization"}},{"@type":"WebPage","@id":"https:\/\/www.gaveanews.com\/index.php\/2023\/05\/09\/foto-oficial-do-novo-uniforme-do-flamengo-vaza\/","url":"https:\/\/www.gaveanews.com\/index.php\/2023\/05\/09\/foto-oficial-do-novo-uniforme-do-flamengo-vaza\/","name":"Foto oficial do novo uniforme do Flamengo vaza","isPartOf":{"@id":"https:\/\/www.gaveanews.com\/#website"},"primaryImageOfPage":{"@id":"https:\/\/www.gaveanews.com\/index.php\/2023\/05\/09\/foto-oficial-do-novo-uniforme-do-flamengo-vaza\/#primaryimage"},"image":{"@id":"https:\/\/www.gaveanews.com\/index.php\/2023\/05\/09\/foto-oficial-do-novo-uniforme-do-flamengo-vaza\/#primaryimage"},"thumbnailUrl":"https:\/\/www.gaveanews.com\/wp-content\/uploads\/Logomarca-da-Adidas-ao-lado-do-escudo-do-Flamengo.webp","datePublished":"2023-05-10T01:09:56+00:00","dateModified":"2023-05-10T01:12:40+00:00","author":{"@id":"https:\/\/www.gaveanews.com\/#\/schema\/person\/3a0372021fabaeec4e7e4242cfa27841"},"breadcrumb":{"@id":"https:\/\/www.gaveanews.com\/index.php\/2023\/05\/09\/foto-oficial-do-novo-uniforme-do-flamengo-vaza\/#breadcrumb"},"inLanguage":"pt-BR","potentialAction":[{"@type":"ReadAction","target":["https:\/\/www.gaveanews.com\/index.php\/2023\/05\/09\/foto-oficial-do-novo-uniforme-do-flamengo-vaza\/"]}]},{"@type":"ImageObject","inLanguage":"pt-BR","@id":"https:\/\/www.gaveanews.com\/index.php\/2023\/05\/09\/foto-oficial-do-novo-uniforme-do-flamengo-vaza\/#primaryimage","url":"https:\/\/www.gaveanews.com\/wp-content\/uploads\/Logomarca-da-Adidas-ao-lado-do-escudo-do-Flamengo.webp","contentUrl":"https:\/\/www.gaveanews.com\/wp-content\/uploads\/Logomarca-da-Adidas-ao-lado-do-escudo-do-Flamengo.webp","width":1920,"height":1277,"caption":"Logomarca da Adidas ao lado do escudo do Flamengo (Foto: Reprodu\u00e7\u00e3o)"},{"@type":"BreadcrumbList","@id":"https:\/\/www.gaveanews.com\/index.php\/2023\/05\/09\/foto-oficial-do-novo-uniforme-do-flamengo-vaza\/#breadcrumb","itemListElement":[{"@type":"ListItem","position":1,"name":"Home","item":"https:\/\/www.gaveanews.com\/"},{"@type":"ListItem","position":2,"name":"Foto oficial do novo uniforme do Flamengo vaza"}]},{"@type":"WebSite","@id":"https:\/\/www.gaveanews.com\/#website","url":"https:\/\/www.gaveanews.com\/","name":"G\u00e1vea News","description":"Veja todas as not\u00edcias sobre o Flamengo: Contrata\u00e7\u00f5es, categorias de base, resultados das partidas, tabela de classifica\u00e7\u00e3o, pr\u00f3ximos jogos!","potentialAction":[{"@type":"SearchAction","target":{"@type":"EntryPoint","urlTemplate":"https:\/\/www.gaveanews.com\/?s={search_term_string}"},"query-input":{"@type":"PropertyValueSpecification","valueRequired":true,"valueName":"search_term_string"}}],"inLanguage":"pt-BR"},{"@type":"Person","@id":"https:\/\/www.gaveanews.com\/#\/schema\/person\/3a0372021fabaeec4e7e4242cfa27841","name":"Hugo Nogueira","image":{"@type":"ImageObject","inLanguage":"pt-BR","@id":"https:\/\/www.gaveanews.com\/#\/schema\/person\/image\/","url":"https:\/\/secure.gravatar.com\/avatar\/0cdd89f3b47bb55926c08eee2db992845cfdd53f84c9fdd47a49d89b3cd40c0a?s=96&d=mm&r=g","contentUrl":"https:\/\/secure.gravatar.com\/avatar\/0cdd89f3b47bb55926c08eee2db992845cfdd53f84c9fdd47a49d89b3cd40c0a?s=96&d=mm&r=g","caption":"Hugo Nogueira"}}]}},"_links":{"self":[{"href":"https:\/\/www.gaveanews.com\/index.php\/wp-json\/wp\/v2\/posts\/98627","targetHints":{"allow":["GET"]}}],"collection":[{"href":"https:\/\/www.gaveanews.com\/index.php\/wp-json\/wp\/v2\/posts"}],"about":[{"href":"https:\/\/www.gaveanews.com\/index.php\/wp-json\/wp\/v2\/types\/post"}],"author":[{"embeddable":true,"href":"https:\/\/www.gaveanews.com\/index.php\/wp-json\/wp\/v2\/users\/2"}],"replies":[{"embeddable":true,"href":"https:\/\/www.gaveanews.com\/index.php\/wp-json\/wp\/v2\/comments?post=98627"}],"version-history":[{"count":0,"href":"https:\/\/www.gaveanews.com\/index.php\/wp-json\/wp\/v2\/posts\/98627\/revisions"}],"wp:featuredmedia":[{"embeddable":true,"href":"https:\/\/www.gaveanews.com\/index.php\/wp-json\/wp\/v2\/media\/97525"}],"wp:attachment":[{"href":"https:\/\/www.gaveanews.com\/index.php\/wp-json\/wp\/v2\/media?parent=98627"}],"wp:term":[{"taxonomy":"category","embeddable":true,"href":"https:\/\/www.gaveanews.com\/index.php\/wp-json\/wp\/v2\/categories?post=98627"},{"taxonomy":"post_tag","embeddable":true,"href":"https:\/\/www.gaveanews.com\/index.php\/wp-json\/wp\/v2\/tags?post=98627"}],"curies":[{"name":"wp","href":"https:\/\/api.w.org\/{rel}","templated":true}]}}