{"id":98681,"date":"2023-05-10T15:09:46","date_gmt":"2023-05-10T18:09:46","guid":{"rendered":"https:\/\/www.gaveanews.com\/?p=98681"},"modified":"2023-05-10T15:09:49","modified_gmt":"2023-05-10T18:09:49","slug":"apos-pedido-da-torcida-do-flamengo-lateral-rafinha-se-manifesta-sobre-especulacoes-relacionadas-sobre-o-seu-retorno","status":"publish","type":"post","link":"https:\/\/www.gaveanews.com\/index.php\/2023\/05\/10\/apos-pedido-da-torcida-do-flamengo-lateral-rafinha-se-manifesta-sobre-especulacoes-relacionadas-sobre-o-seu-retorno\/","title":{"rendered":"Ap\u00f3s pedido da torcida do Flamengo, lateral Rafinha se manifesta sobre especula\u00e7\u00f5es relacionadas sobre o seu retorno"},"content":{"rendered":"\n<p>O lateral-direito Rafinha, de 37 anos, foi relembrado por torcedores do Flamengo, ap\u00f3s o empate contra o Racing, pela Libertadores, na \u00faltima quinta. Na madrugada do dia seguinte, o muro da G\u00e1vea foi pichado com os dizeres &#8220;Volta Rafinha&#8221;. Apesar de guardar recorda\u00e7\u00f5es positivas da passagem que teve pelo Rubro-Negro, o veterano descartou uma volta ao clube carioca.<\/p>\n\n\n\n<p><em>\u2014 Passou aquele ano (2019), n\u00e3o volta mais. Agora estou no S\u00e3o Paulo e espero ter sucesso aqui tamb\u00e9m. Eu tenho um carinho muito grande pelo Flamengo. Todo mundo sabe que eu tive um ano (2019) maravilhoso l\u00e1. Foi um ano que eu acho que nenhum torcedor do Flamengo t\u00e1 acostumado a viver, n\u00e9? Foi um ano de muitas conquistas. Eu tive mais t\u00edtulos do que derrotas. Todo mundo sabe que o flamenguista e o Flamengo t\u00eam um lugar especial no meu cora\u00e7\u00e3o, \u00e9 claro. Mas assim, espero que o Flamengo possa voltar ao caminho das vit\u00f3rias para que os jogadores de l\u00e1 tamb\u00e9m tenham paz pra trabalhar. De um lado \u00e9 legal saber que o torcedor sente saudade, por outro lado \u00e9 ruim porque pressiona quem est\u00e1 l\u00e1<\/em>, disse em entrevista \u00e0 TNT Sports.<\/p>\n\n\n\n<p>Rafinha defendeu o Flamengo no segundo semestre de 2019 e deixou o clube no meio do ano seguinte. Ele colecionou t\u00edtulos importantes como Brasileiro e Libertadores. Acabou acertando com o Olympiacos, da Gr\u00e9cia. Em 2021, voltou ao futebol brasileiro, mas para defender o Gr\u00eamio. Desde o ano passado atua pelo S\u00e3o Paulo.<\/p>\n\n\n\n<p>Retirado de: O Dia<\/p>\n","protected":false},"excerpt":{"rendered":"<p>O lateral-direito Rafinha, de 37 anos, foi relembrado por torcedores do Flamengo, ap\u00f3s o empate contra o Racing, pela Libertadores, na \u00faltima quinta. Na madrugada do dia seguinte, o muro da G\u00e1vea foi pichado com os dizeres &#8220;Volta Rafinha&#8221;. Apesar de guardar recorda\u00e7\u00f5es positivas da passagem que teve pelo Rubro-Negro, o veterano descartou uma volta [&hellip;]<\/p>\n","protected":false},"author":1,"featured_media":28892,"comment_status":"open","ping_status":"closed","sticky":false,"template":"","format":"standard","meta":{"footnotes":""},"categories":[1],"tags":[],"class_list":["post-98681","post","type-post","status-publish","format-standard","has-post-thumbnail","hentry","category-flamengo"],"yoast_head":"<!-- This site is optimized with the Yoast SEO Premium plugin v24.2 (Yoast SEO v26.9) - https:\/\/yoast.com\/product\/yoast-seo-premium-wordpress\/ -->\n<title>Ap\u00f3s pedido da torcida do Flamengo, lateral Rafinha se manifesta sobre especula\u00e7\u00f5es relacionadas sobre o seu retorno<\/title>\n<meta name=\"robots\" content=\"index, follow, max-snippet:-1, max-image-preview:large, max-video-preview:-1\" \/>\n<link rel=\"canonical\" href=\"https:\/\/www.gaveanews.com\/index.php\/2023\/05\/10\/apos-pedido-da-torcida-do-flamengo-lateral-rafinha-se-manifesta-sobre-especulacoes-relacionadas-sobre-o-seu-retorno\/\" \/>\n<meta property=\"og:locale\" content=\"pt_BR\" \/>\n<meta property=\"og:type\" content=\"article\" \/>\n<meta property=\"og:title\" content=\"Ap\u00f3s pedido da torcida do Flamengo, lateral Rafinha se manifesta sobre especula\u00e7\u00f5es relacionadas sobre o seu retorno\" \/>\n<meta property=\"og:description\" content=\"O lateral-direito Rafinha, de 37 anos, foi relembrado por torcedores do Flamengo, ap\u00f3s o empate contra o Racing, pela Libertadores, na \u00faltima quinta. Na madrugada do dia seguinte, o muro da G\u00e1vea foi pichado com os dizeres &#8220;Volta Rafinha&#8221;. Apesar de guardar recorda\u00e7\u00f5es positivas da passagem que teve pelo Rubro-Negro, o veterano descartou uma volta [&hellip;]\" \/>\n<meta property=\"og:url\" content=\"https:\/\/www.gaveanews.com\/index.php\/2023\/05\/10\/apos-pedido-da-torcida-do-flamengo-lateral-rafinha-se-manifesta-sobre-especulacoes-relacionadas-sobre-o-seu-retorno\/\" \/>\n<meta property=\"og:site_name\" content=\"G\u00e1vea News\" \/>\n<meta property=\"article:publisher\" content=\"https:\/\/facebook.com\/gaveaNews\/\" \/>\n<meta property=\"article:published_time\" content=\"2023-05-10T18:09:46+00:00\" \/>\n<meta property=\"article:modified_time\" content=\"2023-05-10T18:09:49+00:00\" \/>\n<meta property=\"og:image\" content=\"https:\/\/www.gaveanews.com\/wp-content\/uploads\/Lateral-Rafinha-em-acao-pelo-Flamengo.webp\" \/>\n\t<meta property=\"og:image:width\" content=\"1\" \/>\n\t<meta property=\"og:image:height\" content=\"1\" \/>\n\t<meta property=\"og:image:type\" content=\"image\/jpeg\" \/>\n<meta name=\"author\" content=\"Equipe G\u00e1vea News\" \/>\n<meta name=\"twitter:card\" content=\"summary_large_image\" \/>\n<meta name=\"twitter:label1\" content=\"Escrito por\" \/>\n\t<meta name=\"twitter:data1\" content=\"Equipe G\u00e1vea News\" \/>\n\t<meta name=\"twitter:label2\" content=\"Est. tempo de leitura\" \/>\n\t<meta name=\"twitter:data2\" content=\"2 minutos\" \/>\n<script type=\"application\/ld+json\" class=\"yoast-schema-graph\">{\"@context\":\"https:\/\/schema.org\",\"@graph\":[{\"@type\":\"NewsArticle\",\"@id\":\"https:\/\/www.gaveanews.com\/index.php\/2023\/05\/10\/apos-pedido-da-torcida-do-flamengo-lateral-rafinha-se-manifesta-sobre-especulacoes-relacionadas-sobre-o-seu-retorno\/#article\",\"isPartOf\":{\"@id\":\"https:\/\/www.gaveanews.com\/index.php\/2023\/05\/10\/apos-pedido-da-torcida-do-flamengo-lateral-rafinha-se-manifesta-sobre-especulacoes-relacionadas-sobre-o-seu-retorno\/\"},\"author\":{\"name\":\"Equipe G\u00e1vea News\",\"@id\":\"https:\/\/www.gaveanews.com\/#\/schema\/person\/2ec14f73fb96be2caf28f91afb14749d\"},\"headline\":\"Ap\u00f3s pedido da torcida do Flamengo, lateral Rafinha se manifesta sobre especula\u00e7\u00f5es relacionadas sobre o seu retorno\",\"datePublished\":\"2023-05-10T18:09:46+00:00\",\"dateModified\":\"2023-05-10T18:09:49+00:00\",\"mainEntityOfPage\":{\"@id\":\"https:\/\/www.gaveanews.com\/index.php\/2023\/05\/10\/apos-pedido-da-torcida-do-flamengo-lateral-rafinha-se-manifesta-sobre-especulacoes-relacionadas-sobre-o-seu-retorno\/\"},\"wordCount\":273,\"commentCount\":0,\"image\":{\"@id\":\"https:\/\/www.gaveanews.com\/index.php\/2023\/05\/10\/apos-pedido-da-torcida-do-flamengo-lateral-rafinha-se-manifesta-sobre-especulacoes-relacionadas-sobre-o-seu-retorno\/#primaryimage\"},\"thumbnailUrl\":\"https:\/\/www.gaveanews.com\/wp-content\/uploads\/Lateral-Rafinha-em-acao-pelo-Flamengo.webp\",\"articleSection\":[\"Flamengo\"],\"inLanguage\":\"pt-BR\",\"potentialAction\":[{\"@type\":\"CommentAction\",\"name\":\"Comment\",\"target\":[\"https:\/\/www.gaveanews.com\/index.php\/2023\/05\/10\/apos-pedido-da-torcida-do-flamengo-lateral-rafinha-se-manifesta-sobre-especulacoes-relacionadas-sobre-o-seu-retorno\/#respond\"]}],\"copyrightYear\":\"2023\",\"copyrightHolder\":{\"@id\":\"https:\/\/www.gaveanews.com\/#organization\"}},{\"@type\":\"WebPage\",\"@id\":\"https:\/\/www.gaveanews.com\/index.php\/2023\/05\/10\/apos-pedido-da-torcida-do-flamengo-lateral-rafinha-se-manifesta-sobre-especulacoes-relacionadas-sobre-o-seu-retorno\/\",\"url\":\"https:\/\/www.gaveanews.com\/index.php\/2023\/05\/10\/apos-pedido-da-torcida-do-flamengo-lateral-rafinha-se-manifesta-sobre-especulacoes-relacionadas-sobre-o-seu-retorno\/\",\"name\":\"Ap\u00f3s pedido da torcida do Flamengo, lateral Rafinha se manifesta sobre especula\u00e7\u00f5es relacionadas sobre o seu retorno\",\"isPartOf\":{\"@id\":\"https:\/\/www.gaveanews.com\/#website\"},\"primaryImageOfPage\":{\"@id\":\"https:\/\/www.gaveanews.com\/index.php\/2023\/05\/10\/apos-pedido-da-torcida-do-flamengo-lateral-rafinha-se-manifesta-sobre-especulacoes-relacionadas-sobre-o-seu-retorno\/#primaryimage\"},\"image\":{\"@id\":\"https:\/\/www.gaveanews.com\/index.php\/2023\/05\/10\/apos-pedido-da-torcida-do-flamengo-lateral-rafinha-se-manifesta-sobre-especulacoes-relacionadas-sobre-o-seu-retorno\/#primaryimage\"},\"thumbnailUrl\":\"https:\/\/www.gaveanews.com\/wp-content\/uploads\/Lateral-Rafinha-em-acao-pelo-Flamengo.webp\",\"datePublished\":\"2023-05-10T18:09:46+00:00\",\"dateModified\":\"2023-05-10T18:09:49+00:00\",\"author\":{\"@id\":\"https:\/\/www.gaveanews.com\/#\/schema\/person\/2ec14f73fb96be2caf28f91afb14749d\"},\"breadcrumb\":{\"@id\":\"https:\/\/www.gaveanews.com\/index.php\/2023\/05\/10\/apos-pedido-da-torcida-do-flamengo-lateral-rafinha-se-manifesta-sobre-especulacoes-relacionadas-sobre-o-seu-retorno\/#breadcrumb\"},\"inLanguage\":\"pt-BR\",\"potentialAction\":[{\"@type\":\"ReadAction\",\"target\":[\"https:\/\/www.gaveanews.com\/index.php\/2023\/05\/10\/apos-pedido-da-torcida-do-flamengo-lateral-rafinha-se-manifesta-sobre-especulacoes-relacionadas-sobre-o-seu-retorno\/\"]}]},{\"@type\":\"ImageObject\",\"inLanguage\":\"pt-BR\",\"@id\":\"https:\/\/www.gaveanews.com\/index.php\/2023\/05\/10\/apos-pedido-da-torcida-do-flamengo-lateral-rafinha-se-manifesta-sobre-especulacoes-relacionadas-sobre-o-seu-retorno\/#primaryimage\",\"url\":\"https:\/\/www.gaveanews.com\/wp-content\/uploads\/Lateral-Rafinha-em-acao-pelo-Flamengo.webp\",\"contentUrl\":\"https:\/\/www.gaveanews.com\/wp-content\/uploads\/Lateral-Rafinha-em-acao-pelo-Flamengo.webp\",\"caption\":\"Lateral Rafinha em a\u00e7\u00e3o pelo Flamengo (Foto: Marcelo Theobald\/Ag\u00eancia O Globo)\"},{\"@type\":\"BreadcrumbList\",\"@id\":\"https:\/\/www.gaveanews.com\/index.php\/2023\/05\/10\/apos-pedido-da-torcida-do-flamengo-lateral-rafinha-se-manifesta-sobre-especulacoes-relacionadas-sobre-o-seu-retorno\/#breadcrumb\",\"itemListElement\":[{\"@type\":\"ListItem\",\"position\":1,\"name\":\"Home\",\"item\":\"https:\/\/www.gaveanews.com\/\"},{\"@type\":\"ListItem\",\"position\":2,\"name\":\"Ap\u00f3s pedido da torcida do Flamengo, lateral Rafinha se manifesta sobre especula\u00e7\u00f5es relacionadas sobre o seu retorno\"}]},{\"@type\":\"WebSite\",\"@id\":\"https:\/\/www.gaveanews.com\/#website\",\"url\":\"https:\/\/www.gaveanews.com\/\",\"name\":\"G\u00e1vea News\",\"description\":\"Veja todas as not\u00edcias sobre o Flamengo: Contrata\u00e7\u00f5es, categorias de base, resultados das partidas, tabela de classifica\u00e7\u00e3o, pr\u00f3ximos jogos!\",\"potentialAction\":[{\"@type\":\"SearchAction\",\"target\":{\"@type\":\"EntryPoint\",\"urlTemplate\":\"https:\/\/www.gaveanews.com\/?s={search_term_string}\"},\"query-input\":{\"@type\":\"PropertyValueSpecification\",\"valueRequired\":true,\"valueName\":\"search_term_string\"}}],\"inLanguage\":\"pt-BR\"},{\"@type\":\"Person\",\"@id\":\"https:\/\/www.gaveanews.com\/#\/schema\/person\/2ec14f73fb96be2caf28f91afb14749d\",\"name\":\"Equipe G\u00e1vea News\",\"image\":{\"@type\":\"ImageObject\",\"inLanguage\":\"pt-BR\",\"@id\":\"https:\/\/www.gaveanews.com\/#\/schema\/person\/image\/\",\"url\":\"https:\/\/secure.gravatar.com\/avatar\/1e1956f1facbffd3f8fa53a326721950116b3b9dc9bd44939c01180fd4a745a9?s=96&d=mm&r=g\",\"contentUrl\":\"https:\/\/secure.gravatar.com\/avatar\/1e1956f1facbffd3f8fa53a326721950116b3b9dc9bd44939c01180fd4a745a9?s=96&d=mm&r=g\",\"caption\":\"Equipe G\u00e1vea News\"}}]}<\/script>\n<!-- \/ Yoast SEO Premium plugin. -->","yoast_head_json":{"title":"Ap\u00f3s pedido da torcida do Flamengo, lateral Rafinha se manifesta sobre especula\u00e7\u00f5es relacionadas sobre o seu retorno","robots":{"index":"index","follow":"follow","max-snippet":"max-snippet:-1","max-image-preview":"max-image-preview:large","max-video-preview":"max-video-preview:-1"},"canonical":"https:\/\/www.gaveanews.com\/index.php\/2023\/05\/10\/apos-pedido-da-torcida-do-flamengo-lateral-rafinha-se-manifesta-sobre-especulacoes-relacionadas-sobre-o-seu-retorno\/","og_locale":"pt_BR","og_type":"article","og_title":"Ap\u00f3s pedido da torcida do Flamengo, lateral Rafinha se manifesta sobre especula\u00e7\u00f5es relacionadas sobre o seu retorno","og_description":"O lateral-direito Rafinha, de 37 anos, foi relembrado por torcedores do Flamengo, ap\u00f3s o empate contra o Racing, pela Libertadores, na \u00faltima quinta. Na madrugada do dia seguinte, o muro da G\u00e1vea foi pichado com os dizeres &#8220;Volta Rafinha&#8221;. Apesar de guardar recorda\u00e7\u00f5es positivas da passagem que teve pelo Rubro-Negro, o veterano descartou uma volta [&hellip;]","og_url":"https:\/\/www.gaveanews.com\/index.php\/2023\/05\/10\/apos-pedido-da-torcida-do-flamengo-lateral-rafinha-se-manifesta-sobre-especulacoes-relacionadas-sobre-o-seu-retorno\/","og_site_name":"G\u00e1vea News","article_publisher":"https:\/\/facebook.com\/gaveaNews\/","article_published_time":"2023-05-10T18:09:46+00:00","article_modified_time":"2023-05-10T18:09:49+00:00","og_image":[{"url":"https:\/\/www.gaveanews.com\/wp-content\/uploads\/Lateral-Rafinha-em-acao-pelo-Flamengo.webp","width":1,"height":1,"type":"image\/jpeg"}],"author":"Equipe G\u00e1vea News","twitter_card":"summary_large_image","twitter_misc":{"Escrito por":"Equipe G\u00e1vea News","Est. tempo de leitura":"2 minutos"},"schema":{"@context":"https:\/\/schema.org","@graph":[{"@type":"NewsArticle","@id":"https:\/\/www.gaveanews.com\/index.php\/2023\/05\/10\/apos-pedido-da-torcida-do-flamengo-lateral-rafinha-se-manifesta-sobre-especulacoes-relacionadas-sobre-o-seu-retorno\/#article","isPartOf":{"@id":"https:\/\/www.gaveanews.com\/index.php\/2023\/05\/10\/apos-pedido-da-torcida-do-flamengo-lateral-rafinha-se-manifesta-sobre-especulacoes-relacionadas-sobre-o-seu-retorno\/"},"author":{"name":"Equipe G\u00e1vea News","@id":"https:\/\/www.gaveanews.com\/#\/schema\/person\/2ec14f73fb96be2caf28f91afb14749d"},"headline":"Ap\u00f3s pedido da torcida do Flamengo, lateral Rafinha se manifesta sobre especula\u00e7\u00f5es relacionadas sobre o seu retorno","datePublished":"2023-05-10T18:09:46+00:00","dateModified":"2023-05-10T18:09:49+00:00","mainEntityOfPage":{"@id":"https:\/\/www.gaveanews.com\/index.php\/2023\/05\/10\/apos-pedido-da-torcida-do-flamengo-lateral-rafinha-se-manifesta-sobre-especulacoes-relacionadas-sobre-o-seu-retorno\/"},"wordCount":273,"commentCount":0,"image":{"@id":"https:\/\/www.gaveanews.com\/index.php\/2023\/05\/10\/apos-pedido-da-torcida-do-flamengo-lateral-rafinha-se-manifesta-sobre-especulacoes-relacionadas-sobre-o-seu-retorno\/#primaryimage"},"thumbnailUrl":"https:\/\/www.gaveanews.com\/wp-content\/uploads\/Lateral-Rafinha-em-acao-pelo-Flamengo.webp","articleSection":["Flamengo"],"inLanguage":"pt-BR","potentialAction":[{"@type":"CommentAction","name":"Comment","target":["https:\/\/www.gaveanews.com\/index.php\/2023\/05\/10\/apos-pedido-da-torcida-do-flamengo-lateral-rafinha-se-manifesta-sobre-especulacoes-relacionadas-sobre-o-seu-retorno\/#respond"]}],"copyrightYear":"2023","copyrightHolder":{"@id":"https:\/\/www.gaveanews.com\/#organization"}},{"@type":"WebPage","@id":"https:\/\/www.gaveanews.com\/index.php\/2023\/05\/10\/apos-pedido-da-torcida-do-flamengo-lateral-rafinha-se-manifesta-sobre-especulacoes-relacionadas-sobre-o-seu-retorno\/","url":"https:\/\/www.gaveanews.com\/index.php\/2023\/05\/10\/apos-pedido-da-torcida-do-flamengo-lateral-rafinha-se-manifesta-sobre-especulacoes-relacionadas-sobre-o-seu-retorno\/","name":"Ap\u00f3s pedido da torcida do Flamengo, lateral Rafinha se manifesta sobre especula\u00e7\u00f5es relacionadas sobre o seu retorno","isPartOf":{"@id":"https:\/\/www.gaveanews.com\/#website"},"primaryImageOfPage":{"@id":"https:\/\/www.gaveanews.com\/index.php\/2023\/05\/10\/apos-pedido-da-torcida-do-flamengo-lateral-rafinha-se-manifesta-sobre-especulacoes-relacionadas-sobre-o-seu-retorno\/#primaryimage"},"image":{"@id":"https:\/\/www.gaveanews.com\/index.php\/2023\/05\/10\/apos-pedido-da-torcida-do-flamengo-lateral-rafinha-se-manifesta-sobre-especulacoes-relacionadas-sobre-o-seu-retorno\/#primaryimage"},"thumbnailUrl":"https:\/\/www.gaveanews.com\/wp-content\/uploads\/Lateral-Rafinha-em-acao-pelo-Flamengo.webp","datePublished":"2023-05-10T18:09:46+00:00","dateModified":"2023-05-10T18:09:49+00:00","author":{"@id":"https:\/\/www.gaveanews.com\/#\/schema\/person\/2ec14f73fb96be2caf28f91afb14749d"},"breadcrumb":{"@id":"https:\/\/www.gaveanews.com\/index.php\/2023\/05\/10\/apos-pedido-da-torcida-do-flamengo-lateral-rafinha-se-manifesta-sobre-especulacoes-relacionadas-sobre-o-seu-retorno\/#breadcrumb"},"inLanguage":"pt-BR","potentialAction":[{"@type":"ReadAction","target":["https:\/\/www.gaveanews.com\/index.php\/2023\/05\/10\/apos-pedido-da-torcida-do-flamengo-lateral-rafinha-se-manifesta-sobre-especulacoes-relacionadas-sobre-o-seu-retorno\/"]}]},{"@type":"ImageObject","inLanguage":"pt-BR","@id":"https:\/\/www.gaveanews.com\/index.php\/2023\/05\/10\/apos-pedido-da-torcida-do-flamengo-lateral-rafinha-se-manifesta-sobre-especulacoes-relacionadas-sobre-o-seu-retorno\/#primaryimage","url":"https:\/\/www.gaveanews.com\/wp-content\/uploads\/Lateral-Rafinha-em-acao-pelo-Flamengo.webp","contentUrl":"https:\/\/www.gaveanews.com\/wp-content\/uploads\/Lateral-Rafinha-em-acao-pelo-Flamengo.webp","caption":"Lateral Rafinha em a\u00e7\u00e3o pelo Flamengo (Foto: Marcelo Theobald\/Ag\u00eancia O Globo)"},{"@type":"BreadcrumbList","@id":"https:\/\/www.gaveanews.com\/index.php\/2023\/05\/10\/apos-pedido-da-torcida-do-flamengo-lateral-rafinha-se-manifesta-sobre-especulacoes-relacionadas-sobre-o-seu-retorno\/#breadcrumb","itemListElement":[{"@type":"ListItem","position":1,"name":"Home","item":"https:\/\/www.gaveanews.com\/"},{"@type":"ListItem","position":2,"name":"Ap\u00f3s pedido da torcida do Flamengo, lateral Rafinha se manifesta sobre especula\u00e7\u00f5es relacionadas sobre o seu retorno"}]},{"@type":"WebSite","@id":"https:\/\/www.gaveanews.com\/#website","url":"https:\/\/www.gaveanews.com\/","name":"G\u00e1vea News","description":"Veja todas as not\u00edcias sobre o Flamengo: Contrata\u00e7\u00f5es, categorias de base, resultados das partidas, tabela de classifica\u00e7\u00e3o, pr\u00f3ximos jogos!","potentialAction":[{"@type":"SearchAction","target":{"@type":"EntryPoint","urlTemplate":"https:\/\/www.gaveanews.com\/?s={search_term_string}"},"query-input":{"@type":"PropertyValueSpecification","valueRequired":true,"valueName":"search_term_string"}}],"inLanguage":"pt-BR"},{"@type":"Person","@id":"https:\/\/www.gaveanews.com\/#\/schema\/person\/2ec14f73fb96be2caf28f91afb14749d","name":"Equipe G\u00e1vea News","image":{"@type":"ImageObject","inLanguage":"pt-BR","@id":"https:\/\/www.gaveanews.com\/#\/schema\/person\/image\/","url":"https:\/\/secure.gravatar.com\/avatar\/1e1956f1facbffd3f8fa53a326721950116b3b9dc9bd44939c01180fd4a745a9?s=96&d=mm&r=g","contentUrl":"https:\/\/secure.gravatar.com\/avatar\/1e1956f1facbffd3f8fa53a326721950116b3b9dc9bd44939c01180fd4a745a9?s=96&d=mm&r=g","caption":"Equipe G\u00e1vea News"}}]}},"_links":{"self":[{"href":"https:\/\/www.gaveanews.com\/index.php\/wp-json\/wp\/v2\/posts\/98681","targetHints":{"allow":["GET"]}}],"collection":[{"href":"https:\/\/www.gaveanews.com\/index.php\/wp-json\/wp\/v2\/posts"}],"about":[{"href":"https:\/\/www.gaveanews.com\/index.php\/wp-json\/wp\/v2\/types\/post"}],"author":[{"embeddable":true,"href":"https:\/\/www.gaveanews.com\/index.php\/wp-json\/wp\/v2\/users\/1"}],"replies":[{"embeddable":true,"href":"https:\/\/www.gaveanews.com\/index.php\/wp-json\/wp\/v2\/comments?post=98681"}],"version-history":[{"count":0,"href":"https:\/\/www.gaveanews.com\/index.php\/wp-json\/wp\/v2\/posts\/98681\/revisions"}],"wp:featuredmedia":[{"embeddable":true,"href":"https:\/\/www.gaveanews.com\/index.php\/wp-json\/wp\/v2\/media\/28892"}],"wp:attachment":[{"href":"https:\/\/www.gaveanews.com\/index.php\/wp-json\/wp\/v2\/media?parent=98681"}],"wp:term":[{"taxonomy":"category","embeddable":true,"href":"https:\/\/www.gaveanews.com\/index.php\/wp-json\/wp\/v2\/categories?post=98681"},{"taxonomy":"post_tag","embeddable":true,"href":"https:\/\/www.gaveanews.com\/index.php\/wp-json\/wp\/v2\/tags?post=98681"}],"curies":[{"name":"wp","href":"https:\/\/api.w.org\/{rel}","templated":true}]}}