{"id":98797,"date":"2023-05-11T10:44:33","date_gmt":"2023-05-11T13:44:33","guid":{"rendered":"https:\/\/www.gaveanews.com\/?p=98797"},"modified":"2023-05-11T10:44:35","modified_gmt":"2023-05-11T13:44:35","slug":"destaque-do-flamengo-na-vitoria-sobre-o-goias-victor-hugo-faz-aniversario-nesta-quinta-feira","status":"publish","type":"post","link":"https:\/\/www.gaveanews.com\/index.php\/2023\/05\/11\/destaque-do-flamengo-na-vitoria-sobre-o-goias-victor-hugo-faz-aniversario-nesta-quinta-feira\/","title":{"rendered":"Destaque do Flamengo na vit\u00f3ria sobre o Goi\u00e1s, Victor Hugo faz anivers\u00e1rio nesta quinta-feira"},"content":{"rendered":"\n<p>A Na\u00e7\u00e3o Rubro-Negra fez a festa no Maracan\u00e3 na \u00faltima quarta-feira (10), quando o Flamengo venceu o Goi\u00e1s e deixou a zona de rebaixamento do Brasileir\u00e3o. A vit\u00f3ria contou com grandes atua\u00e7\u00f5es dos jogadores do Fla, mas as novidades de Sampaoli ganharam destaque na noite.<\/p>\n\n\n\n<p>Um dos pontos altos do duelo foi Victor Hugo, jovem revelado pela base rubro-negra. O meia estreou no futebol profissional no ano passado e marcou gol no dia de seu anivers\u00e1rio.<\/p>\n\n\n\n<p>Neste ano o gol n\u00e3o veio, mas o meia foi coroado com uma atua\u00e7\u00e3o de gala no Maracan\u00e3 logo na v\u00e9spera. Acionado pelo t\u00e9cnico portugu\u00eas para fazer dupla com Erick Pulgar na vol\u00e2ncia, Victor Hugo arrancou elogios dos torcedores, que agora esperam v\u00ea-lo mais vezes em campo.<\/p>\n\n\n\n<p>O Flamengo iniciou o dia ainda embalado nas comemora\u00e7\u00f5es de ontem e parabenizou o jogador pelos seus 19 anos de vida.<\/p>\n\n\n\n<h2 class=\"wp-block-heading\" id=\"h-confira\">Confira:<\/h2>\n\n\n\n<figure class=\"wp-block-embed is-type-rich is-provider-twitter wp-block-embed-twitter\"><div class=\"wp-block-embed__wrapper\">\n<blockquote class=\"twitter-tweet\" data-width=\"550\" data-dnt=\"true\"><p lang=\"pt\" dir=\"ltr\">Hoje \u00e9 anivers\u00e1rio do nosso cria Victor Hugo, que, vale destacar, fez uma grande partida ontem! Com o Manto, ele conquistou a Libertadores e a Copa do Brasil em 2022! Parab\u00e9ns, felicidades e SRN, <a href=\"https:\/\/twitter.com\/hashtag\/GarotoDoNinho?src=hash&amp;ref_src=twsrc%5Etfw\">#GarotoDoNinho<\/a>! \ud83d\udc4f\ud83c\udf82\u2764\ufe0f\ud83d\udda4<a href=\"https:\/\/twitter.com\/hashtag\/CRF?src=hash&amp;ref_src=twsrc%5Etfw\">#CRF<\/a> <a href=\"https:\/\/t.co\/KcSFa8HZmk\">pic.twitter.com\/KcSFa8HZmk<\/a><\/p>&mdash; Flamengo (@Flamengo) <a href=\"https:\/\/twitter.com\/Flamengo\/status\/1656630653595660291?ref_src=twsrc%5Etfw\">May 11, 2023<\/a><\/blockquote><script async src=\"https:\/\/platform.twitter.com\/widgets.js\" charset=\"utf-8\"><\/script>\n<\/div><\/figure>\n","protected":false},"excerpt":{"rendered":"<p>A Na\u00e7\u00e3o Rubro-Negra fez a festa no Maracan\u00e3 na \u00faltima quarta-feira (10), quando o Flamengo venceu o Goi\u00e1s e deixou a zona de rebaixamento do Brasileir\u00e3o. A vit\u00f3ria contou com grandes atua\u00e7\u00f5es dos jogadores do Fla, mas as novidades de Sampaoli ganharam destaque na noite. Um dos pontos altos do duelo foi Victor Hugo, jovem [&hellip;]<\/p>\n","protected":false},"author":4,"featured_media":98798,"comment_status":"open","ping_status":"closed","sticky":false,"template":"","format":"standard","meta":{"footnotes":""},"categories":[1],"tags":[],"class_list":["post-98797","post","type-post","status-publish","format-standard","has-post-thumbnail","hentry","category-flamengo"],"yoast_head":"<!-- This site is optimized with the Yoast SEO Premium plugin v24.2 (Yoast SEO v26.9) - https:\/\/yoast.com\/product\/yoast-seo-premium-wordpress\/ -->\n<title>Destaque do Flamengo na vit\u00f3ria sobre o Goi\u00e1s, Victor Hugo faz anivers\u00e1rio nesta quinta-feira<\/title>\n<meta name=\"robots\" content=\"index, follow, max-snippet:-1, max-image-preview:large, max-video-preview:-1\" \/>\n<link rel=\"canonical\" href=\"https:\/\/www.gaveanews.com\/index.php\/2023\/05\/11\/destaque-do-flamengo-na-vitoria-sobre-o-goias-victor-hugo-faz-aniversario-nesta-quinta-feira\/\" \/>\n<meta property=\"og:locale\" content=\"pt_BR\" \/>\n<meta property=\"og:type\" content=\"article\" \/>\n<meta property=\"og:title\" content=\"Destaque do Flamengo na vit\u00f3ria sobre o Goi\u00e1s, Victor Hugo faz anivers\u00e1rio nesta quinta-feira\" \/>\n<meta property=\"og:description\" content=\"A Na\u00e7\u00e3o Rubro-Negra fez a festa no Maracan\u00e3 na \u00faltima quarta-feira (10), quando o Flamengo venceu o Goi\u00e1s e deixou a zona de rebaixamento do Brasileir\u00e3o. A vit\u00f3ria contou com grandes atua\u00e7\u00f5es dos jogadores do Fla, mas as novidades de Sampaoli ganharam destaque na noite. Um dos pontos altos do duelo foi Victor Hugo, jovem [&hellip;]\" \/>\n<meta property=\"og:url\" content=\"https:\/\/www.gaveanews.com\/index.php\/2023\/05\/11\/destaque-do-flamengo-na-vitoria-sobre-o-goias-victor-hugo-faz-aniversario-nesta-quinta-feira\/\" \/>\n<meta property=\"og:site_name\" content=\"G\u00e1vea News\" \/>\n<meta property=\"article:publisher\" content=\"https:\/\/facebook.com\/gaveaNews\/\" \/>\n<meta property=\"article:published_time\" content=\"2023-05-11T13:44:33+00:00\" \/>\n<meta property=\"article:modified_time\" content=\"2023-05-11T13:44:35+00:00\" \/>\n<meta property=\"og:image\" content=\"https:\/\/www.gaveanews.com\/wp-content\/uploads\/victor-hugo-flamengo-goias-brasileirao.webp\" \/>\n\t<meta property=\"og:image:width\" content=\"899\" \/>\n\t<meta property=\"og:image:height\" content=\"599\" \/>\n\t<meta property=\"og:image:type\" content=\"image\/jpeg\" \/>\n<meta name=\"author\" content=\"Let\u00edcia Gerheim\" \/>\n<meta name=\"twitter:card\" content=\"summary_large_image\" \/>\n<meta name=\"twitter:label1\" content=\"Escrito por\" \/>\n\t<meta name=\"twitter:data1\" content=\"Let\u00edcia Gerheim\" \/>\n\t<meta name=\"twitter:label2\" content=\"Est. tempo de leitura\" \/>\n\t<meta name=\"twitter:data2\" content=\"1 minuto\" \/>\n<script type=\"application\/ld+json\" class=\"yoast-schema-graph\">{\"@context\":\"https:\/\/schema.org\",\"@graph\":[{\"@type\":\"NewsArticle\",\"@id\":\"https:\/\/www.gaveanews.com\/index.php\/2023\/05\/11\/destaque-do-flamengo-na-vitoria-sobre-o-goias-victor-hugo-faz-aniversario-nesta-quinta-feira\/#article\",\"isPartOf\":{\"@id\":\"https:\/\/www.gaveanews.com\/index.php\/2023\/05\/11\/destaque-do-flamengo-na-vitoria-sobre-o-goias-victor-hugo-faz-aniversario-nesta-quinta-feira\/\"},\"author\":{\"name\":\"Let\u00edcia Gerheim\",\"@id\":\"https:\/\/www.gaveanews.com\/#\/schema\/person\/714c67050b836198af2450ba1c142a67\"},\"headline\":\"Destaque do Flamengo na vit\u00f3ria sobre o Goi\u00e1s, Victor Hugo faz anivers\u00e1rio nesta quinta-feira\",\"datePublished\":\"2023-05-11T13:44:33+00:00\",\"dateModified\":\"2023-05-11T13:44:35+00:00\",\"mainEntityOfPage\":{\"@id\":\"https:\/\/www.gaveanews.com\/index.php\/2023\/05\/11\/destaque-do-flamengo-na-vitoria-sobre-o-goias-victor-hugo-faz-aniversario-nesta-quinta-feira\/\"},\"wordCount\":179,\"commentCount\":0,\"image\":{\"@id\":\"https:\/\/www.gaveanews.com\/index.php\/2023\/05\/11\/destaque-do-flamengo-na-vitoria-sobre-o-goias-victor-hugo-faz-aniversario-nesta-quinta-feira\/#primaryimage\"},\"thumbnailUrl\":\"https:\/\/www.gaveanews.com\/wp-content\/uploads\/victor-hugo-flamengo-goias-brasileirao.webp\",\"articleSection\":[\"Flamengo\"],\"inLanguage\":\"pt-BR\",\"potentialAction\":[{\"@type\":\"CommentAction\",\"name\":\"Comment\",\"target\":[\"https:\/\/www.gaveanews.com\/index.php\/2023\/05\/11\/destaque-do-flamengo-na-vitoria-sobre-o-goias-victor-hugo-faz-aniversario-nesta-quinta-feira\/#respond\"]}],\"copyrightYear\":\"2023\",\"copyrightHolder\":{\"@id\":\"https:\/\/www.gaveanews.com\/#organization\"}},{\"@type\":\"WebPage\",\"@id\":\"https:\/\/www.gaveanews.com\/index.php\/2023\/05\/11\/destaque-do-flamengo-na-vitoria-sobre-o-goias-victor-hugo-faz-aniversario-nesta-quinta-feira\/\",\"url\":\"https:\/\/www.gaveanews.com\/index.php\/2023\/05\/11\/destaque-do-flamengo-na-vitoria-sobre-o-goias-victor-hugo-faz-aniversario-nesta-quinta-feira\/\",\"name\":\"Destaque do Flamengo na vit\u00f3ria sobre o Goi\u00e1s, Victor Hugo faz anivers\u00e1rio nesta quinta-feira\",\"isPartOf\":{\"@id\":\"https:\/\/www.gaveanews.com\/#website\"},\"primaryImageOfPage\":{\"@id\":\"https:\/\/www.gaveanews.com\/index.php\/2023\/05\/11\/destaque-do-flamengo-na-vitoria-sobre-o-goias-victor-hugo-faz-aniversario-nesta-quinta-feira\/#primaryimage\"},\"image\":{\"@id\":\"https:\/\/www.gaveanews.com\/index.php\/2023\/05\/11\/destaque-do-flamengo-na-vitoria-sobre-o-goias-victor-hugo-faz-aniversario-nesta-quinta-feira\/#primaryimage\"},\"thumbnailUrl\":\"https:\/\/www.gaveanews.com\/wp-content\/uploads\/victor-hugo-flamengo-goias-brasileirao.webp\",\"datePublished\":\"2023-05-11T13:44:33+00:00\",\"dateModified\":\"2023-05-11T13:44:35+00:00\",\"author\":{\"@id\":\"https:\/\/www.gaveanews.com\/#\/schema\/person\/714c67050b836198af2450ba1c142a67\"},\"breadcrumb\":{\"@id\":\"https:\/\/www.gaveanews.com\/index.php\/2023\/05\/11\/destaque-do-flamengo-na-vitoria-sobre-o-goias-victor-hugo-faz-aniversario-nesta-quinta-feira\/#breadcrumb\"},\"inLanguage\":\"pt-BR\",\"potentialAction\":[{\"@type\":\"ReadAction\",\"target\":[\"https:\/\/www.gaveanews.com\/index.php\/2023\/05\/11\/destaque-do-flamengo-na-vitoria-sobre-o-goias-victor-hugo-faz-aniversario-nesta-quinta-feira\/\"]}]},{\"@type\":\"ImageObject\",\"inLanguage\":\"pt-BR\",\"@id\":\"https:\/\/www.gaveanews.com\/index.php\/2023\/05\/11\/destaque-do-flamengo-na-vitoria-sobre-o-goias-victor-hugo-faz-aniversario-nesta-quinta-feira\/#primaryimage\",\"url\":\"https:\/\/www.gaveanews.com\/wp-content\/uploads\/victor-hugo-flamengo-goias-brasileirao.webp\",\"contentUrl\":\"https:\/\/www.gaveanews.com\/wp-content\/uploads\/victor-hugo-flamengo-goias-brasileirao.webp\",\"width\":899,\"height\":599,\"caption\":\"Victor Hugo em atua\u00e7\u00e3o pelo Flamengo contra o Goi\u00e1s (Foto: Marcelo Cortes\/Flamengo)\"},{\"@type\":\"BreadcrumbList\",\"@id\":\"https:\/\/www.gaveanews.com\/index.php\/2023\/05\/11\/destaque-do-flamengo-na-vitoria-sobre-o-goias-victor-hugo-faz-aniversario-nesta-quinta-feira\/#breadcrumb\",\"itemListElement\":[{\"@type\":\"ListItem\",\"position\":1,\"name\":\"Home\",\"item\":\"https:\/\/www.gaveanews.com\/\"},{\"@type\":\"ListItem\",\"position\":2,\"name\":\"Destaque do Flamengo na vit\u00f3ria sobre o Goi\u00e1s, Victor Hugo faz anivers\u00e1rio nesta quinta-feira\"}]},{\"@type\":\"WebSite\",\"@id\":\"https:\/\/www.gaveanews.com\/#website\",\"url\":\"https:\/\/www.gaveanews.com\/\",\"name\":\"G\u00e1vea News\",\"description\":\"Veja todas as not\u00edcias sobre o Flamengo: Contrata\u00e7\u00f5es, categorias de base, resultados das partidas, tabela de classifica\u00e7\u00e3o, pr\u00f3ximos jogos!\",\"potentialAction\":[{\"@type\":\"SearchAction\",\"target\":{\"@type\":\"EntryPoint\",\"urlTemplate\":\"https:\/\/www.gaveanews.com\/?s={search_term_string}\"},\"query-input\":{\"@type\":\"PropertyValueSpecification\",\"valueRequired\":true,\"valueName\":\"search_term_string\"}}],\"inLanguage\":\"pt-BR\"},{\"@type\":\"Person\",\"@id\":\"https:\/\/www.gaveanews.com\/#\/schema\/person\/714c67050b836198af2450ba1c142a67\",\"name\":\"Let\u00edcia Gerheim\",\"image\":{\"@type\":\"ImageObject\",\"inLanguage\":\"pt-BR\",\"@id\":\"https:\/\/www.gaveanews.com\/#\/schema\/person\/image\/\",\"url\":\"https:\/\/secure.gravatar.com\/avatar\/60734739c50fcebfbac509e2a826ccd0ff405c019bc73aab9354f19ecad1dcb4?s=96&d=mm&r=g\",\"contentUrl\":\"https:\/\/secure.gravatar.com\/avatar\/60734739c50fcebfbac509e2a826ccd0ff405c019bc73aab9354f19ecad1dcb4?s=96&d=mm&r=g\",\"caption\":\"Let\u00edcia Gerheim\"}}]}<\/script>\n<!-- \/ Yoast SEO Premium plugin. -->","yoast_head_json":{"title":"Destaque do Flamengo na vit\u00f3ria sobre o Goi\u00e1s, Victor Hugo faz anivers\u00e1rio nesta quinta-feira","robots":{"index":"index","follow":"follow","max-snippet":"max-snippet:-1","max-image-preview":"max-image-preview:large","max-video-preview":"max-video-preview:-1"},"canonical":"https:\/\/www.gaveanews.com\/index.php\/2023\/05\/11\/destaque-do-flamengo-na-vitoria-sobre-o-goias-victor-hugo-faz-aniversario-nesta-quinta-feira\/","og_locale":"pt_BR","og_type":"article","og_title":"Destaque do Flamengo na vit\u00f3ria sobre o Goi\u00e1s, Victor Hugo faz anivers\u00e1rio nesta quinta-feira","og_description":"A Na\u00e7\u00e3o Rubro-Negra fez a festa no Maracan\u00e3 na \u00faltima quarta-feira (10), quando o Flamengo venceu o Goi\u00e1s e deixou a zona de rebaixamento do Brasileir\u00e3o. A vit\u00f3ria contou com grandes atua\u00e7\u00f5es dos jogadores do Fla, mas as novidades de Sampaoli ganharam destaque na noite. Um dos pontos altos do duelo foi Victor Hugo, jovem [&hellip;]","og_url":"https:\/\/www.gaveanews.com\/index.php\/2023\/05\/11\/destaque-do-flamengo-na-vitoria-sobre-o-goias-victor-hugo-faz-aniversario-nesta-quinta-feira\/","og_site_name":"G\u00e1vea News","article_publisher":"https:\/\/facebook.com\/gaveaNews\/","article_published_time":"2023-05-11T13:44:33+00:00","article_modified_time":"2023-05-11T13:44:35+00:00","og_image":[{"width":899,"height":599,"url":"https:\/\/www.gaveanews.com\/wp-content\/uploads\/victor-hugo-flamengo-goias-brasileirao.webp","type":"image\/jpeg"}],"author":"Let\u00edcia Gerheim","twitter_card":"summary_large_image","twitter_misc":{"Escrito por":"Let\u00edcia Gerheim","Est. tempo de leitura":"1 minuto"},"schema":{"@context":"https:\/\/schema.org","@graph":[{"@type":"NewsArticle","@id":"https:\/\/www.gaveanews.com\/index.php\/2023\/05\/11\/destaque-do-flamengo-na-vitoria-sobre-o-goias-victor-hugo-faz-aniversario-nesta-quinta-feira\/#article","isPartOf":{"@id":"https:\/\/www.gaveanews.com\/index.php\/2023\/05\/11\/destaque-do-flamengo-na-vitoria-sobre-o-goias-victor-hugo-faz-aniversario-nesta-quinta-feira\/"},"author":{"name":"Let\u00edcia Gerheim","@id":"https:\/\/www.gaveanews.com\/#\/schema\/person\/714c67050b836198af2450ba1c142a67"},"headline":"Destaque do Flamengo na vit\u00f3ria sobre o Goi\u00e1s, Victor Hugo faz anivers\u00e1rio nesta quinta-feira","datePublished":"2023-05-11T13:44:33+00:00","dateModified":"2023-05-11T13:44:35+00:00","mainEntityOfPage":{"@id":"https:\/\/www.gaveanews.com\/index.php\/2023\/05\/11\/destaque-do-flamengo-na-vitoria-sobre-o-goias-victor-hugo-faz-aniversario-nesta-quinta-feira\/"},"wordCount":179,"commentCount":0,"image":{"@id":"https:\/\/www.gaveanews.com\/index.php\/2023\/05\/11\/destaque-do-flamengo-na-vitoria-sobre-o-goias-victor-hugo-faz-aniversario-nesta-quinta-feira\/#primaryimage"},"thumbnailUrl":"https:\/\/www.gaveanews.com\/wp-content\/uploads\/victor-hugo-flamengo-goias-brasileirao.webp","articleSection":["Flamengo"],"inLanguage":"pt-BR","potentialAction":[{"@type":"CommentAction","name":"Comment","target":["https:\/\/www.gaveanews.com\/index.php\/2023\/05\/11\/destaque-do-flamengo-na-vitoria-sobre-o-goias-victor-hugo-faz-aniversario-nesta-quinta-feira\/#respond"]}],"copyrightYear":"2023","copyrightHolder":{"@id":"https:\/\/www.gaveanews.com\/#organization"}},{"@type":"WebPage","@id":"https:\/\/www.gaveanews.com\/index.php\/2023\/05\/11\/destaque-do-flamengo-na-vitoria-sobre-o-goias-victor-hugo-faz-aniversario-nesta-quinta-feira\/","url":"https:\/\/www.gaveanews.com\/index.php\/2023\/05\/11\/destaque-do-flamengo-na-vitoria-sobre-o-goias-victor-hugo-faz-aniversario-nesta-quinta-feira\/","name":"Destaque do Flamengo na vit\u00f3ria sobre o Goi\u00e1s, Victor Hugo faz anivers\u00e1rio nesta quinta-feira","isPartOf":{"@id":"https:\/\/www.gaveanews.com\/#website"},"primaryImageOfPage":{"@id":"https:\/\/www.gaveanews.com\/index.php\/2023\/05\/11\/destaque-do-flamengo-na-vitoria-sobre-o-goias-victor-hugo-faz-aniversario-nesta-quinta-feira\/#primaryimage"},"image":{"@id":"https:\/\/www.gaveanews.com\/index.php\/2023\/05\/11\/destaque-do-flamengo-na-vitoria-sobre-o-goias-victor-hugo-faz-aniversario-nesta-quinta-feira\/#primaryimage"},"thumbnailUrl":"https:\/\/www.gaveanews.com\/wp-content\/uploads\/victor-hugo-flamengo-goias-brasileirao.webp","datePublished":"2023-05-11T13:44:33+00:00","dateModified":"2023-05-11T13:44:35+00:00","author":{"@id":"https:\/\/www.gaveanews.com\/#\/schema\/person\/714c67050b836198af2450ba1c142a67"},"breadcrumb":{"@id":"https:\/\/www.gaveanews.com\/index.php\/2023\/05\/11\/destaque-do-flamengo-na-vitoria-sobre-o-goias-victor-hugo-faz-aniversario-nesta-quinta-feira\/#breadcrumb"},"inLanguage":"pt-BR","potentialAction":[{"@type":"ReadAction","target":["https:\/\/www.gaveanews.com\/index.php\/2023\/05\/11\/destaque-do-flamengo-na-vitoria-sobre-o-goias-victor-hugo-faz-aniversario-nesta-quinta-feira\/"]}]},{"@type":"ImageObject","inLanguage":"pt-BR","@id":"https:\/\/www.gaveanews.com\/index.php\/2023\/05\/11\/destaque-do-flamengo-na-vitoria-sobre-o-goias-victor-hugo-faz-aniversario-nesta-quinta-feira\/#primaryimage","url":"https:\/\/www.gaveanews.com\/wp-content\/uploads\/victor-hugo-flamengo-goias-brasileirao.webp","contentUrl":"https:\/\/www.gaveanews.com\/wp-content\/uploads\/victor-hugo-flamengo-goias-brasileirao.webp","width":899,"height":599,"caption":"Victor Hugo em atua\u00e7\u00e3o pelo Flamengo contra o Goi\u00e1s (Foto: Marcelo Cortes\/Flamengo)"},{"@type":"BreadcrumbList","@id":"https:\/\/www.gaveanews.com\/index.php\/2023\/05\/11\/destaque-do-flamengo-na-vitoria-sobre-o-goias-victor-hugo-faz-aniversario-nesta-quinta-feira\/#breadcrumb","itemListElement":[{"@type":"ListItem","position":1,"name":"Home","item":"https:\/\/www.gaveanews.com\/"},{"@type":"ListItem","position":2,"name":"Destaque do Flamengo na vit\u00f3ria sobre o Goi\u00e1s, Victor Hugo faz anivers\u00e1rio nesta quinta-feira"}]},{"@type":"WebSite","@id":"https:\/\/www.gaveanews.com\/#website","url":"https:\/\/www.gaveanews.com\/","name":"G\u00e1vea News","description":"Veja todas as not\u00edcias sobre o Flamengo: Contrata\u00e7\u00f5es, categorias de base, resultados das partidas, tabela de classifica\u00e7\u00e3o, pr\u00f3ximos jogos!","potentialAction":[{"@type":"SearchAction","target":{"@type":"EntryPoint","urlTemplate":"https:\/\/www.gaveanews.com\/?s={search_term_string}"},"query-input":{"@type":"PropertyValueSpecification","valueRequired":true,"valueName":"search_term_string"}}],"inLanguage":"pt-BR"},{"@type":"Person","@id":"https:\/\/www.gaveanews.com\/#\/schema\/person\/714c67050b836198af2450ba1c142a67","name":"Let\u00edcia Gerheim","image":{"@type":"ImageObject","inLanguage":"pt-BR","@id":"https:\/\/www.gaveanews.com\/#\/schema\/person\/image\/","url":"https:\/\/secure.gravatar.com\/avatar\/60734739c50fcebfbac509e2a826ccd0ff405c019bc73aab9354f19ecad1dcb4?s=96&d=mm&r=g","contentUrl":"https:\/\/secure.gravatar.com\/avatar\/60734739c50fcebfbac509e2a826ccd0ff405c019bc73aab9354f19ecad1dcb4?s=96&d=mm&r=g","caption":"Let\u00edcia Gerheim"}}]}},"_links":{"self":[{"href":"https:\/\/www.gaveanews.com\/index.php\/wp-json\/wp\/v2\/posts\/98797","targetHints":{"allow":["GET"]}}],"collection":[{"href":"https:\/\/www.gaveanews.com\/index.php\/wp-json\/wp\/v2\/posts"}],"about":[{"href":"https:\/\/www.gaveanews.com\/index.php\/wp-json\/wp\/v2\/types\/post"}],"author":[{"embeddable":true,"href":"https:\/\/www.gaveanews.com\/index.php\/wp-json\/wp\/v2\/users\/4"}],"replies":[{"embeddable":true,"href":"https:\/\/www.gaveanews.com\/index.php\/wp-json\/wp\/v2\/comments?post=98797"}],"version-history":[{"count":0,"href":"https:\/\/www.gaveanews.com\/index.php\/wp-json\/wp\/v2\/posts\/98797\/revisions"}],"wp:featuredmedia":[{"embeddable":true,"href":"https:\/\/www.gaveanews.com\/index.php\/wp-json\/wp\/v2\/media\/98798"}],"wp:attachment":[{"href":"https:\/\/www.gaveanews.com\/index.php\/wp-json\/wp\/v2\/media?parent=98797"}],"wp:term":[{"taxonomy":"category","embeddable":true,"href":"https:\/\/www.gaveanews.com\/index.php\/wp-json\/wp\/v2\/categories?post=98797"},{"taxonomy":"post_tag","embeddable":true,"href":"https:\/\/www.gaveanews.com\/index.php\/wp-json\/wp\/v2\/tags?post=98797"}],"curies":[{"name":"wp","href":"https:\/\/api.w.org\/{rel}","templated":true}]}}