{"id":98826,"date":"2023-05-11T18:30:46","date_gmt":"2023-05-11T21:30:46","guid":{"rendered":"https:\/\/www.gaveanews.com\/?p=98826"},"modified":"2023-05-11T18:30:50","modified_gmt":"2023-05-11T21:30:50","slug":"flamengo-emite-nota-oficial-sobre-pedro-5","status":"publish","type":"post","link":"https:\/\/www.gaveanews.com\/index.php\/2023\/05\/11\/flamengo-emite-nota-oficial-sobre-pedro-5\/","title":{"rendered":"Flamengo emite nota oficial sobre Pedro"},"content":{"rendered":"\n<p>Submetido a exame na tarde desta quinta-feira, o atacante Pedro teve pequena les\u00e3o constatada na coxa direita. O atacante iniciou tratamento intensivo, mas est\u00e1 fora do jogo com o Bahia, no s\u00e1bado, \u00e0s 16h, na Fonte Nova.<\/p>\n\n\n\n<p>Submetido a exame na tarde desta quinta-feira, o atacante Pedro teve pequena les\u00e3o constatada na coxa direita. O atacante iniciou tratamento intensivo, mas est\u00e1 fora do jogo com o Bahia, no s\u00e1bado, \u00e0s 16h, na Fonte Nova.<\/p>\n\n\n\n<p>Pedro foi substitu\u00eddo aos 12 minutos do primeiro tempo da partida contra o Goi\u00e1s, vencida pelo Flamengo por 2 a 0. A les\u00e3o foi sofrida na cobran\u00e7a de p\u00eanalti que permitiu ao Flamengo abrir o placar no Maracan\u00e3.<\/p>\n\n\n\n<figure class=\"wp-block-embed is-type-rich is-provider-twitter wp-block-embed-twitter\"><div class=\"wp-block-embed__wrapper\">\n<blockquote class=\"twitter-tweet\" data-width=\"550\" data-dnt=\"true\"><p lang=\"pt\" dir=\"ltr\">O atleta Pedro realizou exames que constataram uma pequena les\u00e3o no adutor direito. Segue tratamento no CT. <a href=\"https:\/\/twitter.com\/hashtag\/CRF?src=hash&amp;ref_src=twsrc%5Etfw\">#CRF<\/a><\/p>&mdash; Flamengo (@Flamengo) <a href=\"https:\/\/twitter.com\/Flamengo\/status\/1656762905025470466?ref_src=twsrc%5Etfw\">May 11, 2023<\/a><\/blockquote><script async src=\"https:\/\/platform.twitter.com\/widgets.js\" charset=\"utf-8\"><\/script>\n<\/div><\/figure>\n\n\n\n<p>Gerson, Varela, Filipe Lu\u00eds e Thiago Maia, todos em processo de recupera\u00e7\u00e3o de les\u00f5es, tamb\u00e9m est\u00e3o sendo preparados para o Fla-Flu de ter\u00e7a-feira. \u00c9 poss\u00edvel que um deles figure no jogo com o Bahia, e avalia\u00e7\u00f5es nesta sexta-feira definir\u00e3o cada caso individualmente.<\/p>\n\n\n\n<p>Embora exista a chance da utiliza\u00e7\u00e3o de um dos jogadores do quarteto citado, o Flamengo tem como prioridade o duelo com o Fluminense pela competi\u00e7\u00e3o nacional. Se algum deles for relacionado para a viagem a Salvador, a tend\u00eancia \u00e9 que o escolhido fique no banco de reservas.<\/p>\n\n\n\n<p>Retirado de: Globo Esporte<\/p>\n","protected":false},"excerpt":{"rendered":"<p>Submetido a exame na tarde desta quinta-feira, o atacante Pedro teve pequena les\u00e3o constatada na coxa direita. O atacante iniciou tratamento intensivo, mas est\u00e1 fora do jogo com o Bahia, no s\u00e1bado, \u00e0s 16h, na Fonte Nova. Submetido a exame na tarde desta quinta-feira, o atacante Pedro teve pequena les\u00e3o constatada na coxa direita. O [&hellip;]<\/p>\n","protected":false},"author":1,"featured_media":96304,"comment_status":"open","ping_status":"closed","sticky":false,"template":"","format":"standard","meta":{"footnotes":""},"categories":[1],"tags":[],"class_list":["post-98826","post","type-post","status-publish","format-standard","has-post-thumbnail","hentry","category-flamengo"],"yoast_head":"<!-- This site is optimized with the Yoast SEO Premium plugin v24.2 (Yoast SEO v26.9) - https:\/\/yoast.com\/product\/yoast-seo-premium-wordpress\/ -->\n<title>Flamengo emite nota oficial sobre Pedro<\/title>\n<meta name=\"robots\" content=\"index, follow, max-snippet:-1, max-image-preview:large, max-video-preview:-1\" \/>\n<link rel=\"canonical\" href=\"https:\/\/www.gaveanews.com\/index.php\/2023\/05\/11\/flamengo-emite-nota-oficial-sobre-pedro-5\/\" \/>\n<meta property=\"og:locale\" content=\"pt_BR\" \/>\n<meta property=\"og:type\" content=\"article\" \/>\n<meta property=\"og:title\" content=\"Flamengo emite nota oficial sobre Pedro\" \/>\n<meta property=\"og:description\" content=\"Submetido a exame na tarde desta quinta-feira, o atacante Pedro teve pequena les\u00e3o constatada na coxa direita. O atacante iniciou tratamento intensivo, mas est\u00e1 fora do jogo com o Bahia, no s\u00e1bado, \u00e0s 16h, na Fonte Nova. Submetido a exame na tarde desta quinta-feira, o atacante Pedro teve pequena les\u00e3o constatada na coxa direita. O [&hellip;]\" \/>\n<meta property=\"og:url\" content=\"https:\/\/www.gaveanews.com\/index.php\/2023\/05\/11\/flamengo-emite-nota-oficial-sobre-pedro-5\/\" \/>\n<meta property=\"og:site_name\" content=\"G\u00e1vea News\" \/>\n<meta property=\"article:publisher\" content=\"https:\/\/facebook.com\/gaveaNews\/\" \/>\n<meta property=\"article:published_time\" content=\"2023-05-11T21:30:46+00:00\" \/>\n<meta property=\"article:modified_time\" content=\"2023-05-11T21:30:50+00:00\" \/>\n<meta property=\"og:image\" content=\"https:\/\/www.gaveanews.com\/wp-content\/uploads\/pedro-treino-flamengo.webp\" \/>\n\t<meta property=\"og:image:width\" content=\"900\" \/>\n\t<meta property=\"og:image:height\" content=\"900\" \/>\n\t<meta property=\"og:image:type\" content=\"image\/jpeg\" \/>\n<meta name=\"author\" content=\"Equipe G\u00e1vea News\" \/>\n<meta name=\"twitter:card\" content=\"summary_large_image\" \/>\n<meta name=\"twitter:label1\" content=\"Escrito por\" \/>\n\t<meta name=\"twitter:data1\" content=\"Equipe G\u00e1vea News\" \/>\n\t<meta name=\"twitter:label2\" content=\"Est. tempo de leitura\" \/>\n\t<meta name=\"twitter:data2\" content=\"2 minutos\" \/>\n<script type=\"application\/ld+json\" class=\"yoast-schema-graph\">{\"@context\":\"https:\/\/schema.org\",\"@graph\":[{\"@type\":\"NewsArticle\",\"@id\":\"https:\/\/www.gaveanews.com\/index.php\/2023\/05\/11\/flamengo-emite-nota-oficial-sobre-pedro-5\/#article\",\"isPartOf\":{\"@id\":\"https:\/\/www.gaveanews.com\/index.php\/2023\/05\/11\/flamengo-emite-nota-oficial-sobre-pedro-5\/\"},\"author\":{\"name\":\"Equipe G\u00e1vea News\",\"@id\":\"https:\/\/www.gaveanews.com\/#\/schema\/person\/2ec14f73fb96be2caf28f91afb14749d\"},\"headline\":\"Flamengo emite nota oficial sobre Pedro\",\"datePublished\":\"2023-05-11T21:30:46+00:00\",\"dateModified\":\"2023-05-11T21:30:50+00:00\",\"mainEntityOfPage\":{\"@id\":\"https:\/\/www.gaveanews.com\/index.php\/2023\/05\/11\/flamengo-emite-nota-oficial-sobre-pedro-5\/\"},\"wordCount\":232,\"commentCount\":0,\"image\":{\"@id\":\"https:\/\/www.gaveanews.com\/index.php\/2023\/05\/11\/flamengo-emite-nota-oficial-sobre-pedro-5\/#primaryimage\"},\"thumbnailUrl\":\"https:\/\/www.gaveanews.com\/wp-content\/uploads\/pedro-treino-flamengo.webp\",\"articleSection\":[\"Flamengo\"],\"inLanguage\":\"pt-BR\",\"potentialAction\":[{\"@type\":\"CommentAction\",\"name\":\"Comment\",\"target\":[\"https:\/\/www.gaveanews.com\/index.php\/2023\/05\/11\/flamengo-emite-nota-oficial-sobre-pedro-5\/#respond\"]}],\"copyrightYear\":\"2023\",\"copyrightHolder\":{\"@id\":\"https:\/\/www.gaveanews.com\/#organization\"}},{\"@type\":\"WebPage\",\"@id\":\"https:\/\/www.gaveanews.com\/index.php\/2023\/05\/11\/flamengo-emite-nota-oficial-sobre-pedro-5\/\",\"url\":\"https:\/\/www.gaveanews.com\/index.php\/2023\/05\/11\/flamengo-emite-nota-oficial-sobre-pedro-5\/\",\"name\":\"Flamengo emite nota oficial sobre Pedro\",\"isPartOf\":{\"@id\":\"https:\/\/www.gaveanews.com\/#website\"},\"primaryImageOfPage\":{\"@id\":\"https:\/\/www.gaveanews.com\/index.php\/2023\/05\/11\/flamengo-emite-nota-oficial-sobre-pedro-5\/#primaryimage\"},\"image\":{\"@id\":\"https:\/\/www.gaveanews.com\/index.php\/2023\/05\/11\/flamengo-emite-nota-oficial-sobre-pedro-5\/#primaryimage\"},\"thumbnailUrl\":\"https:\/\/www.gaveanews.com\/wp-content\/uploads\/pedro-treino-flamengo.webp\",\"datePublished\":\"2023-05-11T21:30:46+00:00\",\"dateModified\":\"2023-05-11T21:30:50+00:00\",\"author\":{\"@id\":\"https:\/\/www.gaveanews.com\/#\/schema\/person\/2ec14f73fb96be2caf28f91afb14749d\"},\"breadcrumb\":{\"@id\":\"https:\/\/www.gaveanews.com\/index.php\/2023\/05\/11\/flamengo-emite-nota-oficial-sobre-pedro-5\/#breadcrumb\"},\"inLanguage\":\"pt-BR\",\"potentialAction\":[{\"@type\":\"ReadAction\",\"target\":[\"https:\/\/www.gaveanews.com\/index.php\/2023\/05\/11\/flamengo-emite-nota-oficial-sobre-pedro-5\/\"]}]},{\"@type\":\"ImageObject\",\"inLanguage\":\"pt-BR\",\"@id\":\"https:\/\/www.gaveanews.com\/index.php\/2023\/05\/11\/flamengo-emite-nota-oficial-sobre-pedro-5\/#primaryimage\",\"url\":\"https:\/\/www.gaveanews.com\/wp-content\/uploads\/pedro-treino-flamengo.webp\",\"contentUrl\":\"https:\/\/www.gaveanews.com\/wp-content\/uploads\/pedro-treino-flamengo.webp\",\"width\":900,\"height\":900,\"caption\":\"Pedro em treino do Flamengo no Ninho do Urubu (Foto: Gilvan de Souza\/Flamengo)\"},{\"@type\":\"BreadcrumbList\",\"@id\":\"https:\/\/www.gaveanews.com\/index.php\/2023\/05\/11\/flamengo-emite-nota-oficial-sobre-pedro-5\/#breadcrumb\",\"itemListElement\":[{\"@type\":\"ListItem\",\"position\":1,\"name\":\"Home\",\"item\":\"https:\/\/www.gaveanews.com\/\"},{\"@type\":\"ListItem\",\"position\":2,\"name\":\"Flamengo emite nota oficial sobre Pedro\"}]},{\"@type\":\"WebSite\",\"@id\":\"https:\/\/www.gaveanews.com\/#website\",\"url\":\"https:\/\/www.gaveanews.com\/\",\"name\":\"G\u00e1vea News\",\"description\":\"Veja todas as not\u00edcias sobre o Flamengo: Contrata\u00e7\u00f5es, categorias de base, resultados das partidas, tabela de classifica\u00e7\u00e3o, pr\u00f3ximos jogos!\",\"potentialAction\":[{\"@type\":\"SearchAction\",\"target\":{\"@type\":\"EntryPoint\",\"urlTemplate\":\"https:\/\/www.gaveanews.com\/?s={search_term_string}\"},\"query-input\":{\"@type\":\"PropertyValueSpecification\",\"valueRequired\":true,\"valueName\":\"search_term_string\"}}],\"inLanguage\":\"pt-BR\"},{\"@type\":\"Person\",\"@id\":\"https:\/\/www.gaveanews.com\/#\/schema\/person\/2ec14f73fb96be2caf28f91afb14749d\",\"name\":\"Equipe G\u00e1vea News\",\"image\":{\"@type\":\"ImageObject\",\"inLanguage\":\"pt-BR\",\"@id\":\"https:\/\/www.gaveanews.com\/#\/schema\/person\/image\/\",\"url\":\"https:\/\/secure.gravatar.com\/avatar\/1e1956f1facbffd3f8fa53a326721950116b3b9dc9bd44939c01180fd4a745a9?s=96&d=mm&r=g\",\"contentUrl\":\"https:\/\/secure.gravatar.com\/avatar\/1e1956f1facbffd3f8fa53a326721950116b3b9dc9bd44939c01180fd4a745a9?s=96&d=mm&r=g\",\"caption\":\"Equipe G\u00e1vea News\"}}]}<\/script>\n<!-- \/ Yoast SEO Premium plugin. -->","yoast_head_json":{"title":"Flamengo emite nota oficial sobre Pedro","robots":{"index":"index","follow":"follow","max-snippet":"max-snippet:-1","max-image-preview":"max-image-preview:large","max-video-preview":"max-video-preview:-1"},"canonical":"https:\/\/www.gaveanews.com\/index.php\/2023\/05\/11\/flamengo-emite-nota-oficial-sobre-pedro-5\/","og_locale":"pt_BR","og_type":"article","og_title":"Flamengo emite nota oficial sobre Pedro","og_description":"Submetido a exame na tarde desta quinta-feira, o atacante Pedro teve pequena les\u00e3o constatada na coxa direita. O atacante iniciou tratamento intensivo, mas est\u00e1 fora do jogo com o Bahia, no s\u00e1bado, \u00e0s 16h, na Fonte Nova. Submetido a exame na tarde desta quinta-feira, o atacante Pedro teve pequena les\u00e3o constatada na coxa direita. O [&hellip;]","og_url":"https:\/\/www.gaveanews.com\/index.php\/2023\/05\/11\/flamengo-emite-nota-oficial-sobre-pedro-5\/","og_site_name":"G\u00e1vea News","article_publisher":"https:\/\/facebook.com\/gaveaNews\/","article_published_time":"2023-05-11T21:30:46+00:00","article_modified_time":"2023-05-11T21:30:50+00:00","og_image":[{"width":900,"height":900,"url":"https:\/\/www.gaveanews.com\/wp-content\/uploads\/pedro-treino-flamengo.webp","type":"image\/jpeg"}],"author":"Equipe G\u00e1vea News","twitter_card":"summary_large_image","twitter_misc":{"Escrito por":"Equipe G\u00e1vea News","Est. tempo de leitura":"2 minutos"},"schema":{"@context":"https:\/\/schema.org","@graph":[{"@type":"NewsArticle","@id":"https:\/\/www.gaveanews.com\/index.php\/2023\/05\/11\/flamengo-emite-nota-oficial-sobre-pedro-5\/#article","isPartOf":{"@id":"https:\/\/www.gaveanews.com\/index.php\/2023\/05\/11\/flamengo-emite-nota-oficial-sobre-pedro-5\/"},"author":{"name":"Equipe G\u00e1vea News","@id":"https:\/\/www.gaveanews.com\/#\/schema\/person\/2ec14f73fb96be2caf28f91afb14749d"},"headline":"Flamengo emite nota oficial sobre Pedro","datePublished":"2023-05-11T21:30:46+00:00","dateModified":"2023-05-11T21:30:50+00:00","mainEntityOfPage":{"@id":"https:\/\/www.gaveanews.com\/index.php\/2023\/05\/11\/flamengo-emite-nota-oficial-sobre-pedro-5\/"},"wordCount":232,"commentCount":0,"image":{"@id":"https:\/\/www.gaveanews.com\/index.php\/2023\/05\/11\/flamengo-emite-nota-oficial-sobre-pedro-5\/#primaryimage"},"thumbnailUrl":"https:\/\/www.gaveanews.com\/wp-content\/uploads\/pedro-treino-flamengo.webp","articleSection":["Flamengo"],"inLanguage":"pt-BR","potentialAction":[{"@type":"CommentAction","name":"Comment","target":["https:\/\/www.gaveanews.com\/index.php\/2023\/05\/11\/flamengo-emite-nota-oficial-sobre-pedro-5\/#respond"]}],"copyrightYear":"2023","copyrightHolder":{"@id":"https:\/\/www.gaveanews.com\/#organization"}},{"@type":"WebPage","@id":"https:\/\/www.gaveanews.com\/index.php\/2023\/05\/11\/flamengo-emite-nota-oficial-sobre-pedro-5\/","url":"https:\/\/www.gaveanews.com\/index.php\/2023\/05\/11\/flamengo-emite-nota-oficial-sobre-pedro-5\/","name":"Flamengo emite nota oficial sobre Pedro","isPartOf":{"@id":"https:\/\/www.gaveanews.com\/#website"},"primaryImageOfPage":{"@id":"https:\/\/www.gaveanews.com\/index.php\/2023\/05\/11\/flamengo-emite-nota-oficial-sobre-pedro-5\/#primaryimage"},"image":{"@id":"https:\/\/www.gaveanews.com\/index.php\/2023\/05\/11\/flamengo-emite-nota-oficial-sobre-pedro-5\/#primaryimage"},"thumbnailUrl":"https:\/\/www.gaveanews.com\/wp-content\/uploads\/pedro-treino-flamengo.webp","datePublished":"2023-05-11T21:30:46+00:00","dateModified":"2023-05-11T21:30:50+00:00","author":{"@id":"https:\/\/www.gaveanews.com\/#\/schema\/person\/2ec14f73fb96be2caf28f91afb14749d"},"breadcrumb":{"@id":"https:\/\/www.gaveanews.com\/index.php\/2023\/05\/11\/flamengo-emite-nota-oficial-sobre-pedro-5\/#breadcrumb"},"inLanguage":"pt-BR","potentialAction":[{"@type":"ReadAction","target":["https:\/\/www.gaveanews.com\/index.php\/2023\/05\/11\/flamengo-emite-nota-oficial-sobre-pedro-5\/"]}]},{"@type":"ImageObject","inLanguage":"pt-BR","@id":"https:\/\/www.gaveanews.com\/index.php\/2023\/05\/11\/flamengo-emite-nota-oficial-sobre-pedro-5\/#primaryimage","url":"https:\/\/www.gaveanews.com\/wp-content\/uploads\/pedro-treino-flamengo.webp","contentUrl":"https:\/\/www.gaveanews.com\/wp-content\/uploads\/pedro-treino-flamengo.webp","width":900,"height":900,"caption":"Pedro em treino do Flamengo no Ninho do Urubu (Foto: Gilvan de Souza\/Flamengo)"},{"@type":"BreadcrumbList","@id":"https:\/\/www.gaveanews.com\/index.php\/2023\/05\/11\/flamengo-emite-nota-oficial-sobre-pedro-5\/#breadcrumb","itemListElement":[{"@type":"ListItem","position":1,"name":"Home","item":"https:\/\/www.gaveanews.com\/"},{"@type":"ListItem","position":2,"name":"Flamengo emite nota oficial sobre Pedro"}]},{"@type":"WebSite","@id":"https:\/\/www.gaveanews.com\/#website","url":"https:\/\/www.gaveanews.com\/","name":"G\u00e1vea News","description":"Veja todas as not\u00edcias sobre o Flamengo: Contrata\u00e7\u00f5es, categorias de base, resultados das partidas, tabela de classifica\u00e7\u00e3o, pr\u00f3ximos jogos!","potentialAction":[{"@type":"SearchAction","target":{"@type":"EntryPoint","urlTemplate":"https:\/\/www.gaveanews.com\/?s={search_term_string}"},"query-input":{"@type":"PropertyValueSpecification","valueRequired":true,"valueName":"search_term_string"}}],"inLanguage":"pt-BR"},{"@type":"Person","@id":"https:\/\/www.gaveanews.com\/#\/schema\/person\/2ec14f73fb96be2caf28f91afb14749d","name":"Equipe G\u00e1vea News","image":{"@type":"ImageObject","inLanguage":"pt-BR","@id":"https:\/\/www.gaveanews.com\/#\/schema\/person\/image\/","url":"https:\/\/secure.gravatar.com\/avatar\/1e1956f1facbffd3f8fa53a326721950116b3b9dc9bd44939c01180fd4a745a9?s=96&d=mm&r=g","contentUrl":"https:\/\/secure.gravatar.com\/avatar\/1e1956f1facbffd3f8fa53a326721950116b3b9dc9bd44939c01180fd4a745a9?s=96&d=mm&r=g","caption":"Equipe G\u00e1vea News"}}]}},"_links":{"self":[{"href":"https:\/\/www.gaveanews.com\/index.php\/wp-json\/wp\/v2\/posts\/98826","targetHints":{"allow":["GET"]}}],"collection":[{"href":"https:\/\/www.gaveanews.com\/index.php\/wp-json\/wp\/v2\/posts"}],"about":[{"href":"https:\/\/www.gaveanews.com\/index.php\/wp-json\/wp\/v2\/types\/post"}],"author":[{"embeddable":true,"href":"https:\/\/www.gaveanews.com\/index.php\/wp-json\/wp\/v2\/users\/1"}],"replies":[{"embeddable":true,"href":"https:\/\/www.gaveanews.com\/index.php\/wp-json\/wp\/v2\/comments?post=98826"}],"version-history":[{"count":0,"href":"https:\/\/www.gaveanews.com\/index.php\/wp-json\/wp\/v2\/posts\/98826\/revisions"}],"wp:featuredmedia":[{"embeddable":true,"href":"https:\/\/www.gaveanews.com\/index.php\/wp-json\/wp\/v2\/media\/96304"}],"wp:attachment":[{"href":"https:\/\/www.gaveanews.com\/index.php\/wp-json\/wp\/v2\/media?parent=98826"}],"wp:term":[{"taxonomy":"category","embeddable":true,"href":"https:\/\/www.gaveanews.com\/index.php\/wp-json\/wp\/v2\/categories?post=98826"},{"taxonomy":"post_tag","embeddable":true,"href":"https:\/\/www.gaveanews.com\/index.php\/wp-json\/wp\/v2\/tags?post=98826"}],"curies":[{"name":"wp","href":"https:\/\/api.w.org\/{rel}","templated":true}]}}