{"id":98910,"date":"2023-05-13T19:44:26","date_gmt":"2023-05-13T22:44:26","guid":{"rendered":"https:\/\/www.gaveanews.com\/?p=98910"},"modified":"2023-05-13T19:44:29","modified_gmt":"2023-05-13T22:44:29","slug":"flamengo-emite-nota-oficial-sobre-lesoes-de-matheus-cunha-david-luiz-matheus-franca-e-everton-cebolinha","status":"publish","type":"post","link":"https:\/\/www.gaveanews.com\/index.php\/2023\/05\/13\/flamengo-emite-nota-oficial-sobre-lesoes-de-matheus-cunha-david-luiz-matheus-franca-e-everton-cebolinha\/","title":{"rendered":"Flamengo emite nota oficial sobre les\u00f5es de Matheus Cunha, David Luiz, Matheus Fran\u00e7a e Everton Cebolinha"},"content":{"rendered":"\n<p>O Flamengo informou que Matheus Cunha, David Luiz, Matheus Fran\u00e7a e Everton Cebolinha sa\u00edram machucados da vit\u00f3ria sobre o Bahia, por 3 a 2, neste s\u00e1bado, fora de casa, pelo Brasileir\u00e3o. Todos ser\u00e3o reavaliados na reapresenta\u00e7\u00e3o do elenco, marcada para domingo, no Ninho do Urubu. <\/p>\n\n\n\n<p><em>\u2014 Os jogadores Everton Cebolinha, com entorse no tornozelo esquerdo, Matheus Fran\u00e7a, com pancada no joelho, David Luiz com dores no m\u00fasculo posterior da coxa direita e Matheus Cunha, com dores no quadril e na coxa direita, ser\u00e3o reavaliados amanh\u00e3. J\u00e1 Thiago Maia sentiu desgaste e pediu para ser substitu\u00eddo <\/em>&#8211; publicou o clube nas redes sociais.<\/p>\n\n\n\n<p>Os quatro sa\u00edram no intervalo da partida. Assim como Thiago Maia, o \u00fanico sem suspeita de les\u00e3o desse grupo. Com isso, o t\u00e9cnico Jorge Sampaoli ganha mais preocupa\u00e7\u00f5es para o jogo da pr\u00f3xima ter\u00e7a-feira, contra o Fluminense, pela ida das oitavas de final da Copa do Brasil, no Maracan\u00e3.<\/p>\n\n\n\n<h2 class=\"wp-block-heading\" id=\"h-filipe-luis-gerson-e-pedro-pode-voltar\">Filipe Lu\u00eds, Gerson e Pedro pode voltar<\/h2>\n\n\n\n<p>Por outro lado, o argentino pode ter as voltas de Filipe Lu\u00eds, Gerson e Pedro, que est\u00e3o em reta final de recupera\u00e7\u00e3o e tentam ganhar condi\u00e7\u00e3o de jogo a tempo do mata-mata.<\/p>\n\n\n\n<p>Al\u00e9m dos nomes novos, o departamento m\u00e9dico do\u00a0Flamengo\u00a0tamb\u00e9m cuida dos laterais-direitos Varela e Matheuzinho, que se recuperam de cirurgias.<\/p>\n\n\n\n<p>Retirado de: Globo Esporte<\/p>\n","protected":false},"excerpt":{"rendered":"<p>O Flamengo informou que Matheus Cunha, David Luiz, Matheus Fran\u00e7a e Everton Cebolinha sa\u00edram machucados da vit\u00f3ria sobre o Bahia, por 3 a 2, neste s\u00e1bado, fora de casa, pelo Brasileir\u00e3o. Todos ser\u00e3o reavaliados na reapresenta\u00e7\u00e3o do elenco, marcada para domingo, no Ninho do Urubu. \u2014 Os jogadores Everton Cebolinha, com entorse no tornozelo esquerdo, [&hellip;]<\/p>\n","protected":false},"author":1,"featured_media":94692,"comment_status":"open","ping_status":"closed","sticky":false,"template":"","format":"standard","meta":{"footnotes":""},"categories":[1],"tags":[],"class_list":["post-98910","post","type-post","status-publish","format-standard","has-post-thumbnail","hentry","category-flamengo"],"yoast_head":"<!-- This site is optimized with the Yoast SEO Premium plugin v24.2 (Yoast SEO v26.9) - https:\/\/yoast.com\/product\/yoast-seo-premium-wordpress\/ -->\n<title>Flamengo emite nota oficial sobre les\u00f5es de Matheus Cunha, David Luiz, Matheus Fran\u00e7a e Everton Cebolinha<\/title>\n<meta name=\"robots\" content=\"index, follow, max-snippet:-1, max-image-preview:large, max-video-preview:-1\" \/>\n<link rel=\"canonical\" href=\"https:\/\/www.gaveanews.com\/index.php\/2023\/05\/13\/flamengo-emite-nota-oficial-sobre-lesoes-de-matheus-cunha-david-luiz-matheus-franca-e-everton-cebolinha\/\" \/>\n<meta property=\"og:locale\" content=\"pt_BR\" \/>\n<meta property=\"og:type\" content=\"article\" \/>\n<meta property=\"og:title\" content=\"Flamengo emite nota oficial sobre les\u00f5es de Matheus Cunha, David Luiz, Matheus Fran\u00e7a e Everton Cebolinha\" \/>\n<meta property=\"og:description\" content=\"O Flamengo informou que Matheus Cunha, David Luiz, Matheus Fran\u00e7a e Everton Cebolinha sa\u00edram machucados da vit\u00f3ria sobre o Bahia, por 3 a 2, neste s\u00e1bado, fora de casa, pelo Brasileir\u00e3o. Todos ser\u00e3o reavaliados na reapresenta\u00e7\u00e3o do elenco, marcada para domingo, no Ninho do Urubu. \u2014 Os jogadores Everton Cebolinha, com entorse no tornozelo esquerdo, [&hellip;]\" \/>\n<meta property=\"og:url\" content=\"https:\/\/www.gaveanews.com\/index.php\/2023\/05\/13\/flamengo-emite-nota-oficial-sobre-lesoes-de-matheus-cunha-david-luiz-matheus-franca-e-everton-cebolinha\/\" \/>\n<meta property=\"og:site_name\" content=\"G\u00e1vea News\" \/>\n<meta property=\"article:publisher\" content=\"https:\/\/facebook.com\/gaveaNews\/\" \/>\n<meta property=\"article:published_time\" content=\"2023-05-13T22:44:26+00:00\" \/>\n<meta property=\"article:modified_time\" content=\"2023-05-13T22:44:29+00:00\" \/>\n<meta property=\"og:image\" content=\"https:\/\/www.gaveanews.com\/wp-content\/uploads\/matheus-cunha-goleiro-flamengo.webp\" \/>\n\t<meta property=\"og:image:width\" content=\"640\" \/>\n\t<meta property=\"og:image:height\" content=\"401\" \/>\n\t<meta property=\"og:image:type\" content=\"image\/jpeg\" \/>\n<meta name=\"author\" content=\"Equipe G\u00e1vea News\" \/>\n<meta name=\"twitter:card\" content=\"summary_large_image\" \/>\n<meta name=\"twitter:label1\" content=\"Escrito por\" \/>\n\t<meta name=\"twitter:data1\" content=\"Equipe G\u00e1vea News\" \/>\n\t<meta name=\"twitter:label2\" content=\"Est. tempo de leitura\" \/>\n\t<meta name=\"twitter:data2\" content=\"2 minutos\" \/>\n<script type=\"application\/ld+json\" class=\"yoast-schema-graph\">{\"@context\":\"https:\/\/schema.org\",\"@graph\":[{\"@type\":\"NewsArticle\",\"@id\":\"https:\/\/www.gaveanews.com\/index.php\/2023\/05\/13\/flamengo-emite-nota-oficial-sobre-lesoes-de-matheus-cunha-david-luiz-matheus-franca-e-everton-cebolinha\/#article\",\"isPartOf\":{\"@id\":\"https:\/\/www.gaveanews.com\/index.php\/2023\/05\/13\/flamengo-emite-nota-oficial-sobre-lesoes-de-matheus-cunha-david-luiz-matheus-franca-e-everton-cebolinha\/\"},\"author\":{\"name\":\"Equipe G\u00e1vea News\",\"@id\":\"https:\/\/www.gaveanews.com\/#\/schema\/person\/2ec14f73fb96be2caf28f91afb14749d\"},\"headline\":\"Flamengo emite nota oficial sobre les\u00f5es de Matheus Cunha, David Luiz, Matheus Fran\u00e7a e Everton Cebolinha\",\"datePublished\":\"2023-05-13T22:44:26+00:00\",\"dateModified\":\"2023-05-13T22:44:29+00:00\",\"mainEntityOfPage\":{\"@id\":\"https:\/\/www.gaveanews.com\/index.php\/2023\/05\/13\/flamengo-emite-nota-oficial-sobre-lesoes-de-matheus-cunha-david-luiz-matheus-franca-e-everton-cebolinha\/\"},\"wordCount\":255,\"commentCount\":0,\"image\":{\"@id\":\"https:\/\/www.gaveanews.com\/index.php\/2023\/05\/13\/flamengo-emite-nota-oficial-sobre-lesoes-de-matheus-cunha-david-luiz-matheus-franca-e-everton-cebolinha\/#primaryimage\"},\"thumbnailUrl\":\"https:\/\/www.gaveanews.com\/wp-content\/uploads\/matheus-cunha-goleiro-flamengo.webp\",\"articleSection\":[\"Flamengo\"],\"inLanguage\":\"pt-BR\",\"potentialAction\":[{\"@type\":\"CommentAction\",\"name\":\"Comment\",\"target\":[\"https:\/\/www.gaveanews.com\/index.php\/2023\/05\/13\/flamengo-emite-nota-oficial-sobre-lesoes-de-matheus-cunha-david-luiz-matheus-franca-e-everton-cebolinha\/#respond\"]}],\"copyrightYear\":\"2023\",\"copyrightHolder\":{\"@id\":\"https:\/\/www.gaveanews.com\/#organization\"}},{\"@type\":\"WebPage\",\"@id\":\"https:\/\/www.gaveanews.com\/index.php\/2023\/05\/13\/flamengo-emite-nota-oficial-sobre-lesoes-de-matheus-cunha-david-luiz-matheus-franca-e-everton-cebolinha\/\",\"url\":\"https:\/\/www.gaveanews.com\/index.php\/2023\/05\/13\/flamengo-emite-nota-oficial-sobre-lesoes-de-matheus-cunha-david-luiz-matheus-franca-e-everton-cebolinha\/\",\"name\":\"Flamengo emite nota oficial sobre les\u00f5es de Matheus Cunha, David Luiz, Matheus Fran\u00e7a e Everton Cebolinha\",\"isPartOf\":{\"@id\":\"https:\/\/www.gaveanews.com\/#website\"},\"primaryImageOfPage\":{\"@id\":\"https:\/\/www.gaveanews.com\/index.php\/2023\/05\/13\/flamengo-emite-nota-oficial-sobre-lesoes-de-matheus-cunha-david-luiz-matheus-franca-e-everton-cebolinha\/#primaryimage\"},\"image\":{\"@id\":\"https:\/\/www.gaveanews.com\/index.php\/2023\/05\/13\/flamengo-emite-nota-oficial-sobre-lesoes-de-matheus-cunha-david-luiz-matheus-franca-e-everton-cebolinha\/#primaryimage\"},\"thumbnailUrl\":\"https:\/\/www.gaveanews.com\/wp-content\/uploads\/matheus-cunha-goleiro-flamengo.webp\",\"datePublished\":\"2023-05-13T22:44:26+00:00\",\"dateModified\":\"2023-05-13T22:44:29+00:00\",\"author\":{\"@id\":\"https:\/\/www.gaveanews.com\/#\/schema\/person\/2ec14f73fb96be2caf28f91afb14749d\"},\"breadcrumb\":{\"@id\":\"https:\/\/www.gaveanews.com\/index.php\/2023\/05\/13\/flamengo-emite-nota-oficial-sobre-lesoes-de-matheus-cunha-david-luiz-matheus-franca-e-everton-cebolinha\/#breadcrumb\"},\"inLanguage\":\"pt-BR\",\"potentialAction\":[{\"@type\":\"ReadAction\",\"target\":[\"https:\/\/www.gaveanews.com\/index.php\/2023\/05\/13\/flamengo-emite-nota-oficial-sobre-lesoes-de-matheus-cunha-david-luiz-matheus-franca-e-everton-cebolinha\/\"]}]},{\"@type\":\"ImageObject\",\"inLanguage\":\"pt-BR\",\"@id\":\"https:\/\/www.gaveanews.com\/index.php\/2023\/05\/13\/flamengo-emite-nota-oficial-sobre-lesoes-de-matheus-cunha-david-luiz-matheus-franca-e-everton-cebolinha\/#primaryimage\",\"url\":\"https:\/\/www.gaveanews.com\/wp-content\/uploads\/matheus-cunha-goleiro-flamengo.webp\",\"contentUrl\":\"https:\/\/www.gaveanews.com\/wp-content\/uploads\/matheus-cunha-goleiro-flamengo.webp\",\"width\":640,\"height\":401,\"caption\":\"Matheus Cunha em a\u00e7\u00e3o pelo Flamengo (Foto: Marcelo Cortes\/Flamengo)\"},{\"@type\":\"BreadcrumbList\",\"@id\":\"https:\/\/www.gaveanews.com\/index.php\/2023\/05\/13\/flamengo-emite-nota-oficial-sobre-lesoes-de-matheus-cunha-david-luiz-matheus-franca-e-everton-cebolinha\/#breadcrumb\",\"itemListElement\":[{\"@type\":\"ListItem\",\"position\":1,\"name\":\"Home\",\"item\":\"https:\/\/www.gaveanews.com\/\"},{\"@type\":\"ListItem\",\"position\":2,\"name\":\"Flamengo emite nota oficial sobre les\u00f5es de Matheus Cunha, David Luiz, Matheus Fran\u00e7a e Everton Cebolinha\"}]},{\"@type\":\"WebSite\",\"@id\":\"https:\/\/www.gaveanews.com\/#website\",\"url\":\"https:\/\/www.gaveanews.com\/\",\"name\":\"G\u00e1vea News\",\"description\":\"Veja todas as not\u00edcias sobre o Flamengo: Contrata\u00e7\u00f5es, categorias de base, resultados das partidas, tabela de classifica\u00e7\u00e3o, pr\u00f3ximos jogos!\",\"potentialAction\":[{\"@type\":\"SearchAction\",\"target\":{\"@type\":\"EntryPoint\",\"urlTemplate\":\"https:\/\/www.gaveanews.com\/?s={search_term_string}\"},\"query-input\":{\"@type\":\"PropertyValueSpecification\",\"valueRequired\":true,\"valueName\":\"search_term_string\"}}],\"inLanguage\":\"pt-BR\"},{\"@type\":\"Person\",\"@id\":\"https:\/\/www.gaveanews.com\/#\/schema\/person\/2ec14f73fb96be2caf28f91afb14749d\",\"name\":\"Equipe G\u00e1vea News\",\"image\":{\"@type\":\"ImageObject\",\"inLanguage\":\"pt-BR\",\"@id\":\"https:\/\/www.gaveanews.com\/#\/schema\/person\/image\/\",\"url\":\"https:\/\/secure.gravatar.com\/avatar\/1e1956f1facbffd3f8fa53a326721950116b3b9dc9bd44939c01180fd4a745a9?s=96&d=mm&r=g\",\"contentUrl\":\"https:\/\/secure.gravatar.com\/avatar\/1e1956f1facbffd3f8fa53a326721950116b3b9dc9bd44939c01180fd4a745a9?s=96&d=mm&r=g\",\"caption\":\"Equipe G\u00e1vea News\"}}]}<\/script>\n<!-- \/ Yoast SEO Premium plugin. -->","yoast_head_json":{"title":"Flamengo emite nota oficial sobre les\u00f5es de Matheus Cunha, David Luiz, Matheus Fran\u00e7a e Everton Cebolinha","robots":{"index":"index","follow":"follow","max-snippet":"max-snippet:-1","max-image-preview":"max-image-preview:large","max-video-preview":"max-video-preview:-1"},"canonical":"https:\/\/www.gaveanews.com\/index.php\/2023\/05\/13\/flamengo-emite-nota-oficial-sobre-lesoes-de-matheus-cunha-david-luiz-matheus-franca-e-everton-cebolinha\/","og_locale":"pt_BR","og_type":"article","og_title":"Flamengo emite nota oficial sobre les\u00f5es de Matheus Cunha, David Luiz, Matheus Fran\u00e7a e Everton Cebolinha","og_description":"O Flamengo informou que Matheus Cunha, David Luiz, Matheus Fran\u00e7a e Everton Cebolinha sa\u00edram machucados da vit\u00f3ria sobre o Bahia, por 3 a 2, neste s\u00e1bado, fora de casa, pelo Brasileir\u00e3o. Todos ser\u00e3o reavaliados na reapresenta\u00e7\u00e3o do elenco, marcada para domingo, no Ninho do Urubu. \u2014 Os jogadores Everton Cebolinha, com entorse no tornozelo esquerdo, [&hellip;]","og_url":"https:\/\/www.gaveanews.com\/index.php\/2023\/05\/13\/flamengo-emite-nota-oficial-sobre-lesoes-de-matheus-cunha-david-luiz-matheus-franca-e-everton-cebolinha\/","og_site_name":"G\u00e1vea News","article_publisher":"https:\/\/facebook.com\/gaveaNews\/","article_published_time":"2023-05-13T22:44:26+00:00","article_modified_time":"2023-05-13T22:44:29+00:00","og_image":[{"width":640,"height":401,"url":"https:\/\/www.gaveanews.com\/wp-content\/uploads\/matheus-cunha-goleiro-flamengo.webp","type":"image\/jpeg"}],"author":"Equipe G\u00e1vea News","twitter_card":"summary_large_image","twitter_misc":{"Escrito por":"Equipe G\u00e1vea News","Est. tempo de leitura":"2 minutos"},"schema":{"@context":"https:\/\/schema.org","@graph":[{"@type":"NewsArticle","@id":"https:\/\/www.gaveanews.com\/index.php\/2023\/05\/13\/flamengo-emite-nota-oficial-sobre-lesoes-de-matheus-cunha-david-luiz-matheus-franca-e-everton-cebolinha\/#article","isPartOf":{"@id":"https:\/\/www.gaveanews.com\/index.php\/2023\/05\/13\/flamengo-emite-nota-oficial-sobre-lesoes-de-matheus-cunha-david-luiz-matheus-franca-e-everton-cebolinha\/"},"author":{"name":"Equipe G\u00e1vea News","@id":"https:\/\/www.gaveanews.com\/#\/schema\/person\/2ec14f73fb96be2caf28f91afb14749d"},"headline":"Flamengo emite nota oficial sobre les\u00f5es de Matheus Cunha, David Luiz, Matheus Fran\u00e7a e Everton Cebolinha","datePublished":"2023-05-13T22:44:26+00:00","dateModified":"2023-05-13T22:44:29+00:00","mainEntityOfPage":{"@id":"https:\/\/www.gaveanews.com\/index.php\/2023\/05\/13\/flamengo-emite-nota-oficial-sobre-lesoes-de-matheus-cunha-david-luiz-matheus-franca-e-everton-cebolinha\/"},"wordCount":255,"commentCount":0,"image":{"@id":"https:\/\/www.gaveanews.com\/index.php\/2023\/05\/13\/flamengo-emite-nota-oficial-sobre-lesoes-de-matheus-cunha-david-luiz-matheus-franca-e-everton-cebolinha\/#primaryimage"},"thumbnailUrl":"https:\/\/www.gaveanews.com\/wp-content\/uploads\/matheus-cunha-goleiro-flamengo.webp","articleSection":["Flamengo"],"inLanguage":"pt-BR","potentialAction":[{"@type":"CommentAction","name":"Comment","target":["https:\/\/www.gaveanews.com\/index.php\/2023\/05\/13\/flamengo-emite-nota-oficial-sobre-lesoes-de-matheus-cunha-david-luiz-matheus-franca-e-everton-cebolinha\/#respond"]}],"copyrightYear":"2023","copyrightHolder":{"@id":"https:\/\/www.gaveanews.com\/#organization"}},{"@type":"WebPage","@id":"https:\/\/www.gaveanews.com\/index.php\/2023\/05\/13\/flamengo-emite-nota-oficial-sobre-lesoes-de-matheus-cunha-david-luiz-matheus-franca-e-everton-cebolinha\/","url":"https:\/\/www.gaveanews.com\/index.php\/2023\/05\/13\/flamengo-emite-nota-oficial-sobre-lesoes-de-matheus-cunha-david-luiz-matheus-franca-e-everton-cebolinha\/","name":"Flamengo emite nota oficial sobre les\u00f5es de Matheus Cunha, David Luiz, Matheus Fran\u00e7a e Everton Cebolinha","isPartOf":{"@id":"https:\/\/www.gaveanews.com\/#website"},"primaryImageOfPage":{"@id":"https:\/\/www.gaveanews.com\/index.php\/2023\/05\/13\/flamengo-emite-nota-oficial-sobre-lesoes-de-matheus-cunha-david-luiz-matheus-franca-e-everton-cebolinha\/#primaryimage"},"image":{"@id":"https:\/\/www.gaveanews.com\/index.php\/2023\/05\/13\/flamengo-emite-nota-oficial-sobre-lesoes-de-matheus-cunha-david-luiz-matheus-franca-e-everton-cebolinha\/#primaryimage"},"thumbnailUrl":"https:\/\/www.gaveanews.com\/wp-content\/uploads\/matheus-cunha-goleiro-flamengo.webp","datePublished":"2023-05-13T22:44:26+00:00","dateModified":"2023-05-13T22:44:29+00:00","author":{"@id":"https:\/\/www.gaveanews.com\/#\/schema\/person\/2ec14f73fb96be2caf28f91afb14749d"},"breadcrumb":{"@id":"https:\/\/www.gaveanews.com\/index.php\/2023\/05\/13\/flamengo-emite-nota-oficial-sobre-lesoes-de-matheus-cunha-david-luiz-matheus-franca-e-everton-cebolinha\/#breadcrumb"},"inLanguage":"pt-BR","potentialAction":[{"@type":"ReadAction","target":["https:\/\/www.gaveanews.com\/index.php\/2023\/05\/13\/flamengo-emite-nota-oficial-sobre-lesoes-de-matheus-cunha-david-luiz-matheus-franca-e-everton-cebolinha\/"]}]},{"@type":"ImageObject","inLanguage":"pt-BR","@id":"https:\/\/www.gaveanews.com\/index.php\/2023\/05\/13\/flamengo-emite-nota-oficial-sobre-lesoes-de-matheus-cunha-david-luiz-matheus-franca-e-everton-cebolinha\/#primaryimage","url":"https:\/\/www.gaveanews.com\/wp-content\/uploads\/matheus-cunha-goleiro-flamengo.webp","contentUrl":"https:\/\/www.gaveanews.com\/wp-content\/uploads\/matheus-cunha-goleiro-flamengo.webp","width":640,"height":401,"caption":"Matheus Cunha em a\u00e7\u00e3o pelo Flamengo (Foto: Marcelo Cortes\/Flamengo)"},{"@type":"BreadcrumbList","@id":"https:\/\/www.gaveanews.com\/index.php\/2023\/05\/13\/flamengo-emite-nota-oficial-sobre-lesoes-de-matheus-cunha-david-luiz-matheus-franca-e-everton-cebolinha\/#breadcrumb","itemListElement":[{"@type":"ListItem","position":1,"name":"Home","item":"https:\/\/www.gaveanews.com\/"},{"@type":"ListItem","position":2,"name":"Flamengo emite nota oficial sobre les\u00f5es de Matheus Cunha, David Luiz, Matheus Fran\u00e7a e Everton Cebolinha"}]},{"@type":"WebSite","@id":"https:\/\/www.gaveanews.com\/#website","url":"https:\/\/www.gaveanews.com\/","name":"G\u00e1vea News","description":"Veja todas as not\u00edcias sobre o Flamengo: Contrata\u00e7\u00f5es, categorias de base, resultados das partidas, tabela de classifica\u00e7\u00e3o, pr\u00f3ximos jogos!","potentialAction":[{"@type":"SearchAction","target":{"@type":"EntryPoint","urlTemplate":"https:\/\/www.gaveanews.com\/?s={search_term_string}"},"query-input":{"@type":"PropertyValueSpecification","valueRequired":true,"valueName":"search_term_string"}}],"inLanguage":"pt-BR"},{"@type":"Person","@id":"https:\/\/www.gaveanews.com\/#\/schema\/person\/2ec14f73fb96be2caf28f91afb14749d","name":"Equipe G\u00e1vea News","image":{"@type":"ImageObject","inLanguage":"pt-BR","@id":"https:\/\/www.gaveanews.com\/#\/schema\/person\/image\/","url":"https:\/\/secure.gravatar.com\/avatar\/1e1956f1facbffd3f8fa53a326721950116b3b9dc9bd44939c01180fd4a745a9?s=96&d=mm&r=g","contentUrl":"https:\/\/secure.gravatar.com\/avatar\/1e1956f1facbffd3f8fa53a326721950116b3b9dc9bd44939c01180fd4a745a9?s=96&d=mm&r=g","caption":"Equipe G\u00e1vea News"}}]}},"_links":{"self":[{"href":"https:\/\/www.gaveanews.com\/index.php\/wp-json\/wp\/v2\/posts\/98910","targetHints":{"allow":["GET"]}}],"collection":[{"href":"https:\/\/www.gaveanews.com\/index.php\/wp-json\/wp\/v2\/posts"}],"about":[{"href":"https:\/\/www.gaveanews.com\/index.php\/wp-json\/wp\/v2\/types\/post"}],"author":[{"embeddable":true,"href":"https:\/\/www.gaveanews.com\/index.php\/wp-json\/wp\/v2\/users\/1"}],"replies":[{"embeddable":true,"href":"https:\/\/www.gaveanews.com\/index.php\/wp-json\/wp\/v2\/comments?post=98910"}],"version-history":[{"count":0,"href":"https:\/\/www.gaveanews.com\/index.php\/wp-json\/wp\/v2\/posts\/98910\/revisions"}],"wp:featuredmedia":[{"embeddable":true,"href":"https:\/\/www.gaveanews.com\/index.php\/wp-json\/wp\/v2\/media\/94692"}],"wp:attachment":[{"href":"https:\/\/www.gaveanews.com\/index.php\/wp-json\/wp\/v2\/media?parent=98910"}],"wp:term":[{"taxonomy":"category","embeddable":true,"href":"https:\/\/www.gaveanews.com\/index.php\/wp-json\/wp\/v2\/categories?post=98910"},{"taxonomy":"post_tag","embeddable":true,"href":"https:\/\/www.gaveanews.com\/index.php\/wp-json\/wp\/v2\/tags?post=98910"}],"curies":[{"name":"wp","href":"https:\/\/api.w.org\/{rel}","templated":true}]}}