{"id":98918,"date":"2023-05-13T22:56:10","date_gmt":"2023-05-14T01:56:10","guid":{"rendered":"https:\/\/www.gaveanews.com\/?p=98918"},"modified":"2023-05-13T22:56:13","modified_gmt":"2023-05-14T01:56:13","slug":"flamengo-assina-contrato-com-atacante-que-estava-no-corinthians","status":"publish","type":"post","link":"https:\/\/www.gaveanews.com\/index.php\/2023\/05\/13\/flamengo-assina-contrato-com-atacante-que-estava-no-corinthians\/","title":{"rendered":"Flamengo assina contrato com atacante que estava no Corinthians"},"content":{"rendered":"\n<p>O Departamento de Futebol da categoria de base do Flamengo, comandado por Luiz Carlos, acertou uma importante transa\u00e7\u00e3o: a assinatura do primeiro contrato profissional do atacante David Viana, joia de 15 anos e maior artilheiro da base. O v\u00ednculo ser\u00e1 v\u00e1lido por tr\u00eas anos, e o Fla vai divulgar quando o jogador completar 16 anos, no dia 18 deste m\u00eas.<\/p>\n\n\n\n<p>David Viana \u00e9 considerado uma das maiores joias do Flamengo na categoria de base e possui hist\u00f3ria curiosa: com mais de 100 gols com a camisa rubro-negra, contando todas as categorias em que participou, inclusive Futsal, o jovem atacante chegou a deixar o time carioca e se transferir ao Corinthians quando a gest\u00e3o da base era comandada por Eduardo Freeland.<\/p>\n\n\n\n<p>Quando Freeland pediu para sair do Flamengo e se transferir ao Corinthians, Luiz Carlos assumiu a ger\u00eancia da base e colocou como meta: recuperar David Viana e &#8220;roub\u00e1-lo&#8221; de volta do time paulista. E conseguiu. E n\u00e3o s\u00f3 conseguiu como ainda fechou o primeiro contrato profissional da joia.<\/p>\n\n\n\n<h2 class=\"wp-block-heading\" id=\"h-numeros-de-david-viana-no-flamengo\">N\u00fameros de David Viana no Flamengo:<\/h2>\n\n\n\n<ul class=\"wp-block-list\">\n<li><strong>Ano 2018 Sub\/11<\/strong>\n<ul class=\"wp-block-list\">\n<li>32 gols<\/li>\n<\/ul>\n<\/li>\n\n\n\n<li><strong>Ano 2019 sub 12\/ sub13<\/strong>\n<ul class=\"wp-block-list\">\n<li>107 gols<\/li>\n<\/ul>\n<\/li>\n\n\n\n<li><strong>Ano 2021 sub 14 \/Sub15<\/strong>\n<ul class=\"wp-block-list\">\n<li>13 gols<\/li>\n<\/ul>\n<\/li>\n\n\n\n<li><strong>Ano 2022 Sub15 \/Sub16<\/strong>\n<ul class=\"wp-block-list\">\n<li>40 gols<\/li>\n<\/ul>\n<\/li>\n\n\n\n<li><strong>Em andamento ano 2023<\/strong><\/li>\n\n\n\n<li>Sub 17\n<ul class=\"wp-block-list\">\n<li>5 gols<\/li>\n<\/ul>\n<\/li>\n<\/ul>\n\n\n\n<p>No futsal aproximadamente mais de 70 gols entre Sub11 at\u00e9 Sub13<\/p>\n\n\n\n<p>Retirado de: O Dia<\/p>\n","protected":false},"excerpt":{"rendered":"<p>O Departamento de Futebol da categoria de base do Flamengo, comandado por Luiz Carlos, acertou uma importante transa\u00e7\u00e3o: a assinatura do primeiro contrato profissional do atacante David Viana, joia de 15 anos e maior artilheiro da base. O v\u00ednculo ser\u00e1 v\u00e1lido por tr\u00eas anos, e o Fla vai divulgar quando o jogador completar 16 anos, [&hellip;]<\/p>\n","protected":false},"author":1,"featured_media":61764,"comment_status":"open","ping_status":"closed","sticky":false,"template":"","format":"standard","meta":{"footnotes":""},"categories":[48],"tags":[],"class_list":["post-98918","post","type-post","status-publish","format-standard","has-post-thumbnail","hentry","category-negociacoes"],"yoast_head":"<!-- This site is optimized with the Yoast SEO Premium plugin v24.2 (Yoast SEO v26.9) - https:\/\/yoast.com\/product\/yoast-seo-premium-wordpress\/ -->\n<title>Flamengo assina contrato com atacante que estava no Corinthians<\/title>\n<meta name=\"robots\" content=\"index, follow, max-snippet:-1, max-image-preview:large, max-video-preview:-1\" \/>\n<link rel=\"canonical\" href=\"https:\/\/www.gaveanews.com\/index.php\/2023\/05\/13\/flamengo-assina-contrato-com-atacante-que-estava-no-corinthians\/\" \/>\n<meta property=\"og:locale\" content=\"pt_BR\" \/>\n<meta property=\"og:type\" content=\"article\" \/>\n<meta property=\"og:title\" content=\"Flamengo assina contrato com atacante que estava no Corinthians\" \/>\n<meta property=\"og:description\" content=\"O Departamento de Futebol da categoria de base do Flamengo, comandado por Luiz Carlos, acertou uma importante transa\u00e7\u00e3o: a assinatura do primeiro contrato profissional do atacante David Viana, joia de 15 anos e maior artilheiro da base. O v\u00ednculo ser\u00e1 v\u00e1lido por tr\u00eas anos, e o Fla vai divulgar quando o jogador completar 16 anos, [&hellip;]\" \/>\n<meta property=\"og:url\" content=\"https:\/\/www.gaveanews.com\/index.php\/2023\/05\/13\/flamengo-assina-contrato-com-atacante-que-estava-no-corinthians\/\" \/>\n<meta property=\"og:site_name\" content=\"G\u00e1vea News\" \/>\n<meta property=\"article:publisher\" content=\"https:\/\/facebook.com\/gaveaNews\/\" \/>\n<meta property=\"article:published_time\" content=\"2023-05-14T01:56:10+00:00\" \/>\n<meta property=\"article:modified_time\" content=\"2023-05-14T01:56:13+00:00\" \/>\n<meta property=\"og:image\" content=\"https:\/\/www.gaveanews.com\/wp-content\/uploads\/David-Viana-em-acao-pelo-Flamengo.webp\" \/>\n\t<meta property=\"og:image:width\" content=\"984\" \/>\n\t<meta property=\"og:image:height\" content=\"673\" \/>\n\t<meta property=\"og:image:type\" content=\"image\/jpeg\" \/>\n<meta name=\"author\" content=\"Equipe G\u00e1vea News\" \/>\n<meta name=\"twitter:card\" content=\"summary_large_image\" \/>\n<meta name=\"twitter:label1\" content=\"Escrito por\" \/>\n\t<meta name=\"twitter:data1\" content=\"Equipe G\u00e1vea News\" \/>\n\t<meta name=\"twitter:label2\" content=\"Est. tempo de leitura\" \/>\n\t<meta name=\"twitter:data2\" content=\"2 minutos\" \/>\n<script type=\"application\/ld+json\" class=\"yoast-schema-graph\">{\"@context\":\"https:\/\/schema.org\",\"@graph\":[{\"@type\":\"NewsArticle\",\"@id\":\"https:\/\/www.gaveanews.com\/index.php\/2023\/05\/13\/flamengo-assina-contrato-com-atacante-que-estava-no-corinthians\/#article\",\"isPartOf\":{\"@id\":\"https:\/\/www.gaveanews.com\/index.php\/2023\/05\/13\/flamengo-assina-contrato-com-atacante-que-estava-no-corinthians\/\"},\"author\":{\"name\":\"Equipe G\u00e1vea News\",\"@id\":\"https:\/\/www.gaveanews.com\/#\/schema\/person\/2ec14f73fb96be2caf28f91afb14749d\"},\"headline\":\"Flamengo assina contrato com atacante que estava no Corinthians\",\"datePublished\":\"2023-05-14T01:56:10+00:00\",\"dateModified\":\"2023-05-14T01:56:13+00:00\",\"mainEntityOfPage\":{\"@id\":\"https:\/\/www.gaveanews.com\/index.php\/2023\/05\/13\/flamengo-assina-contrato-com-atacante-que-estava-no-corinthians\/\"},\"wordCount\":223,\"commentCount\":0,\"image\":{\"@id\":\"https:\/\/www.gaveanews.com\/index.php\/2023\/05\/13\/flamengo-assina-contrato-com-atacante-que-estava-no-corinthians\/#primaryimage\"},\"thumbnailUrl\":\"https:\/\/www.gaveanews.com\/wp-content\/uploads\/David-Viana-em-acao-pelo-Flamengo.webp\",\"articleSection\":[\"Negocia\u00e7\u00f5es\"],\"inLanguage\":\"pt-BR\",\"potentialAction\":[{\"@type\":\"CommentAction\",\"name\":\"Comment\",\"target\":[\"https:\/\/www.gaveanews.com\/index.php\/2023\/05\/13\/flamengo-assina-contrato-com-atacante-que-estava-no-corinthians\/#respond\"]}],\"copyrightYear\":\"2023\",\"copyrightHolder\":{\"@id\":\"https:\/\/www.gaveanews.com\/#organization\"}},{\"@type\":\"WebPage\",\"@id\":\"https:\/\/www.gaveanews.com\/index.php\/2023\/05\/13\/flamengo-assina-contrato-com-atacante-que-estava-no-corinthians\/\",\"url\":\"https:\/\/www.gaveanews.com\/index.php\/2023\/05\/13\/flamengo-assina-contrato-com-atacante-que-estava-no-corinthians\/\",\"name\":\"Flamengo assina contrato com atacante que estava no Corinthians\",\"isPartOf\":{\"@id\":\"https:\/\/www.gaveanews.com\/#website\"},\"primaryImageOfPage\":{\"@id\":\"https:\/\/www.gaveanews.com\/index.php\/2023\/05\/13\/flamengo-assina-contrato-com-atacante-que-estava-no-corinthians\/#primaryimage\"},\"image\":{\"@id\":\"https:\/\/www.gaveanews.com\/index.php\/2023\/05\/13\/flamengo-assina-contrato-com-atacante-que-estava-no-corinthians\/#primaryimage\"},\"thumbnailUrl\":\"https:\/\/www.gaveanews.com\/wp-content\/uploads\/David-Viana-em-acao-pelo-Flamengo.webp\",\"datePublished\":\"2023-05-14T01:56:10+00:00\",\"dateModified\":\"2023-05-14T01:56:13+00:00\",\"author\":{\"@id\":\"https:\/\/www.gaveanews.com\/#\/schema\/person\/2ec14f73fb96be2caf28f91afb14749d\"},\"breadcrumb\":{\"@id\":\"https:\/\/www.gaveanews.com\/index.php\/2023\/05\/13\/flamengo-assina-contrato-com-atacante-que-estava-no-corinthians\/#breadcrumb\"},\"inLanguage\":\"pt-BR\",\"potentialAction\":[{\"@type\":\"ReadAction\",\"target\":[\"https:\/\/www.gaveanews.com\/index.php\/2023\/05\/13\/flamengo-assina-contrato-com-atacante-que-estava-no-corinthians\/\"]}]},{\"@type\":\"ImageObject\",\"inLanguage\":\"pt-BR\",\"@id\":\"https:\/\/www.gaveanews.com\/index.php\/2023\/05\/13\/flamengo-assina-contrato-com-atacante-que-estava-no-corinthians\/#primaryimage\",\"url\":\"https:\/\/www.gaveanews.com\/wp-content\/uploads\/David-Viana-em-acao-pelo-Flamengo.webp\",\"contentUrl\":\"https:\/\/www.gaveanews.com\/wp-content\/uploads\/David-Viana-em-acao-pelo-Flamengo.webp\",\"width\":984,\"height\":673,\"caption\":\"David Viana em a\u00e7\u00e3o pelo Flamengo (Foto: Ricardo R\u00edmoli \/ Divulga\u00e7\u00e3o\/Ibercup)\"},{\"@type\":\"BreadcrumbList\",\"@id\":\"https:\/\/www.gaveanews.com\/index.php\/2023\/05\/13\/flamengo-assina-contrato-com-atacante-que-estava-no-corinthians\/#breadcrumb\",\"itemListElement\":[{\"@type\":\"ListItem\",\"position\":1,\"name\":\"Home\",\"item\":\"https:\/\/www.gaveanews.com\/\"},{\"@type\":\"ListItem\",\"position\":2,\"name\":\"Flamengo assina contrato com atacante que estava no Corinthians\"}]},{\"@type\":\"WebSite\",\"@id\":\"https:\/\/www.gaveanews.com\/#website\",\"url\":\"https:\/\/www.gaveanews.com\/\",\"name\":\"G\u00e1vea News\",\"description\":\"Veja todas as not\u00edcias sobre o Flamengo: Contrata\u00e7\u00f5es, categorias de base, resultados das partidas, tabela de classifica\u00e7\u00e3o, pr\u00f3ximos jogos!\",\"potentialAction\":[{\"@type\":\"SearchAction\",\"target\":{\"@type\":\"EntryPoint\",\"urlTemplate\":\"https:\/\/www.gaveanews.com\/?s={search_term_string}\"},\"query-input\":{\"@type\":\"PropertyValueSpecification\",\"valueRequired\":true,\"valueName\":\"search_term_string\"}}],\"inLanguage\":\"pt-BR\"},{\"@type\":\"Person\",\"@id\":\"https:\/\/www.gaveanews.com\/#\/schema\/person\/2ec14f73fb96be2caf28f91afb14749d\",\"name\":\"Equipe G\u00e1vea News\",\"image\":{\"@type\":\"ImageObject\",\"inLanguage\":\"pt-BR\",\"@id\":\"https:\/\/www.gaveanews.com\/#\/schema\/person\/image\/\",\"url\":\"https:\/\/secure.gravatar.com\/avatar\/1e1956f1facbffd3f8fa53a326721950116b3b9dc9bd44939c01180fd4a745a9?s=96&d=mm&r=g\",\"contentUrl\":\"https:\/\/secure.gravatar.com\/avatar\/1e1956f1facbffd3f8fa53a326721950116b3b9dc9bd44939c01180fd4a745a9?s=96&d=mm&r=g\",\"caption\":\"Equipe G\u00e1vea News\"}}]}<\/script>\n<!-- \/ Yoast SEO Premium plugin. -->","yoast_head_json":{"title":"Flamengo assina contrato com atacante que estava no Corinthians","robots":{"index":"index","follow":"follow","max-snippet":"max-snippet:-1","max-image-preview":"max-image-preview:large","max-video-preview":"max-video-preview:-1"},"canonical":"https:\/\/www.gaveanews.com\/index.php\/2023\/05\/13\/flamengo-assina-contrato-com-atacante-que-estava-no-corinthians\/","og_locale":"pt_BR","og_type":"article","og_title":"Flamengo assina contrato com atacante que estava no Corinthians","og_description":"O Departamento de Futebol da categoria de base do Flamengo, comandado por Luiz Carlos, acertou uma importante transa\u00e7\u00e3o: a assinatura do primeiro contrato profissional do atacante David Viana, joia de 15 anos e maior artilheiro da base. O v\u00ednculo ser\u00e1 v\u00e1lido por tr\u00eas anos, e o Fla vai divulgar quando o jogador completar 16 anos, [&hellip;]","og_url":"https:\/\/www.gaveanews.com\/index.php\/2023\/05\/13\/flamengo-assina-contrato-com-atacante-que-estava-no-corinthians\/","og_site_name":"G\u00e1vea News","article_publisher":"https:\/\/facebook.com\/gaveaNews\/","article_published_time":"2023-05-14T01:56:10+00:00","article_modified_time":"2023-05-14T01:56:13+00:00","og_image":[{"width":984,"height":673,"url":"https:\/\/www.gaveanews.com\/wp-content\/uploads\/David-Viana-em-acao-pelo-Flamengo.webp","type":"image\/jpeg"}],"author":"Equipe G\u00e1vea News","twitter_card":"summary_large_image","twitter_misc":{"Escrito por":"Equipe G\u00e1vea News","Est. tempo de leitura":"2 minutos"},"schema":{"@context":"https:\/\/schema.org","@graph":[{"@type":"NewsArticle","@id":"https:\/\/www.gaveanews.com\/index.php\/2023\/05\/13\/flamengo-assina-contrato-com-atacante-que-estava-no-corinthians\/#article","isPartOf":{"@id":"https:\/\/www.gaveanews.com\/index.php\/2023\/05\/13\/flamengo-assina-contrato-com-atacante-que-estava-no-corinthians\/"},"author":{"name":"Equipe G\u00e1vea News","@id":"https:\/\/www.gaveanews.com\/#\/schema\/person\/2ec14f73fb96be2caf28f91afb14749d"},"headline":"Flamengo assina contrato com atacante que estava no Corinthians","datePublished":"2023-05-14T01:56:10+00:00","dateModified":"2023-05-14T01:56:13+00:00","mainEntityOfPage":{"@id":"https:\/\/www.gaveanews.com\/index.php\/2023\/05\/13\/flamengo-assina-contrato-com-atacante-que-estava-no-corinthians\/"},"wordCount":223,"commentCount":0,"image":{"@id":"https:\/\/www.gaveanews.com\/index.php\/2023\/05\/13\/flamengo-assina-contrato-com-atacante-que-estava-no-corinthians\/#primaryimage"},"thumbnailUrl":"https:\/\/www.gaveanews.com\/wp-content\/uploads\/David-Viana-em-acao-pelo-Flamengo.webp","articleSection":["Negocia\u00e7\u00f5es"],"inLanguage":"pt-BR","potentialAction":[{"@type":"CommentAction","name":"Comment","target":["https:\/\/www.gaveanews.com\/index.php\/2023\/05\/13\/flamengo-assina-contrato-com-atacante-que-estava-no-corinthians\/#respond"]}],"copyrightYear":"2023","copyrightHolder":{"@id":"https:\/\/www.gaveanews.com\/#organization"}},{"@type":"WebPage","@id":"https:\/\/www.gaveanews.com\/index.php\/2023\/05\/13\/flamengo-assina-contrato-com-atacante-que-estava-no-corinthians\/","url":"https:\/\/www.gaveanews.com\/index.php\/2023\/05\/13\/flamengo-assina-contrato-com-atacante-que-estava-no-corinthians\/","name":"Flamengo assina contrato com atacante que estava no Corinthians","isPartOf":{"@id":"https:\/\/www.gaveanews.com\/#website"},"primaryImageOfPage":{"@id":"https:\/\/www.gaveanews.com\/index.php\/2023\/05\/13\/flamengo-assina-contrato-com-atacante-que-estava-no-corinthians\/#primaryimage"},"image":{"@id":"https:\/\/www.gaveanews.com\/index.php\/2023\/05\/13\/flamengo-assina-contrato-com-atacante-que-estava-no-corinthians\/#primaryimage"},"thumbnailUrl":"https:\/\/www.gaveanews.com\/wp-content\/uploads\/David-Viana-em-acao-pelo-Flamengo.webp","datePublished":"2023-05-14T01:56:10+00:00","dateModified":"2023-05-14T01:56:13+00:00","author":{"@id":"https:\/\/www.gaveanews.com\/#\/schema\/person\/2ec14f73fb96be2caf28f91afb14749d"},"breadcrumb":{"@id":"https:\/\/www.gaveanews.com\/index.php\/2023\/05\/13\/flamengo-assina-contrato-com-atacante-que-estava-no-corinthians\/#breadcrumb"},"inLanguage":"pt-BR","potentialAction":[{"@type":"ReadAction","target":["https:\/\/www.gaveanews.com\/index.php\/2023\/05\/13\/flamengo-assina-contrato-com-atacante-que-estava-no-corinthians\/"]}]},{"@type":"ImageObject","inLanguage":"pt-BR","@id":"https:\/\/www.gaveanews.com\/index.php\/2023\/05\/13\/flamengo-assina-contrato-com-atacante-que-estava-no-corinthians\/#primaryimage","url":"https:\/\/www.gaveanews.com\/wp-content\/uploads\/David-Viana-em-acao-pelo-Flamengo.webp","contentUrl":"https:\/\/www.gaveanews.com\/wp-content\/uploads\/David-Viana-em-acao-pelo-Flamengo.webp","width":984,"height":673,"caption":"David Viana em a\u00e7\u00e3o pelo Flamengo (Foto: Ricardo R\u00edmoli \/ Divulga\u00e7\u00e3o\/Ibercup)"},{"@type":"BreadcrumbList","@id":"https:\/\/www.gaveanews.com\/index.php\/2023\/05\/13\/flamengo-assina-contrato-com-atacante-que-estava-no-corinthians\/#breadcrumb","itemListElement":[{"@type":"ListItem","position":1,"name":"Home","item":"https:\/\/www.gaveanews.com\/"},{"@type":"ListItem","position":2,"name":"Flamengo assina contrato com atacante que estava no Corinthians"}]},{"@type":"WebSite","@id":"https:\/\/www.gaveanews.com\/#website","url":"https:\/\/www.gaveanews.com\/","name":"G\u00e1vea News","description":"Veja todas as not\u00edcias sobre o Flamengo: Contrata\u00e7\u00f5es, categorias de base, resultados das partidas, tabela de classifica\u00e7\u00e3o, pr\u00f3ximos jogos!","potentialAction":[{"@type":"SearchAction","target":{"@type":"EntryPoint","urlTemplate":"https:\/\/www.gaveanews.com\/?s={search_term_string}"},"query-input":{"@type":"PropertyValueSpecification","valueRequired":true,"valueName":"search_term_string"}}],"inLanguage":"pt-BR"},{"@type":"Person","@id":"https:\/\/www.gaveanews.com\/#\/schema\/person\/2ec14f73fb96be2caf28f91afb14749d","name":"Equipe G\u00e1vea News","image":{"@type":"ImageObject","inLanguage":"pt-BR","@id":"https:\/\/www.gaveanews.com\/#\/schema\/person\/image\/","url":"https:\/\/secure.gravatar.com\/avatar\/1e1956f1facbffd3f8fa53a326721950116b3b9dc9bd44939c01180fd4a745a9?s=96&d=mm&r=g","contentUrl":"https:\/\/secure.gravatar.com\/avatar\/1e1956f1facbffd3f8fa53a326721950116b3b9dc9bd44939c01180fd4a745a9?s=96&d=mm&r=g","caption":"Equipe G\u00e1vea News"}}]}},"_links":{"self":[{"href":"https:\/\/www.gaveanews.com\/index.php\/wp-json\/wp\/v2\/posts\/98918","targetHints":{"allow":["GET"]}}],"collection":[{"href":"https:\/\/www.gaveanews.com\/index.php\/wp-json\/wp\/v2\/posts"}],"about":[{"href":"https:\/\/www.gaveanews.com\/index.php\/wp-json\/wp\/v2\/types\/post"}],"author":[{"embeddable":true,"href":"https:\/\/www.gaveanews.com\/index.php\/wp-json\/wp\/v2\/users\/1"}],"replies":[{"embeddable":true,"href":"https:\/\/www.gaveanews.com\/index.php\/wp-json\/wp\/v2\/comments?post=98918"}],"version-history":[{"count":0,"href":"https:\/\/www.gaveanews.com\/index.php\/wp-json\/wp\/v2\/posts\/98918\/revisions"}],"wp:featuredmedia":[{"embeddable":true,"href":"https:\/\/www.gaveanews.com\/index.php\/wp-json\/wp\/v2\/media\/61764"}],"wp:attachment":[{"href":"https:\/\/www.gaveanews.com\/index.php\/wp-json\/wp\/v2\/media?parent=98918"}],"wp:term":[{"taxonomy":"category","embeddable":true,"href":"https:\/\/www.gaveanews.com\/index.php\/wp-json\/wp\/v2\/categories?post=98918"},{"taxonomy":"post_tag","embeddable":true,"href":"https:\/\/www.gaveanews.com\/index.php\/wp-json\/wp\/v2\/tags?post=98918"}],"curies":[{"name":"wp","href":"https:\/\/api.w.org\/{rel}","templated":true}]}}