{"id":98924,"date":"2023-05-14T17:46:07","date_gmt":"2023-05-14T20:46:07","guid":{"rendered":"https:\/\/www.gaveanews.com\/?p=98924"},"modified":"2023-05-14T17:46:09","modified_gmt":"2023-05-14T20:46:09","slug":"zagueiro-do-flamengo-e-vendido-para-a-europa-por-mixaria","status":"publish","type":"post","link":"https:\/\/www.gaveanews.com\/index.php\/2023\/05\/14\/zagueiro-do-flamengo-e-vendido-para-a-europa-por-mixaria\/","title":{"rendered":"Zagueiro do Flamengo \u00e9 vendido para a Europa por mixaria"},"content":{"rendered":"\n<p>De acordo com o jornalista Pedro Sep\u00falveda, o Famalic\u00e3o acionou a op\u00e7\u00e3o de compra prevista no empr\u00e9stimo do zagueiro Ot\u00e1vio, do Flamengo. Com isso, o clube portugu\u00eas ir\u00e1 desembolsar 500 mil euros (R$ 2,7 milh\u00f5es) por 80% dos direitos econ\u00f4micos.<\/p>\n\n\n\n<p>O defensor foi emprestado e realizou seis jogos no sub-23 dos portugueses antes de subir para o profissional, onde j\u00e1 tem nove jogos e vem sendo titular absoluto. Ot\u00e1vio n\u00e3o conseguiu se firmar no Flamengo e realizar uma sequ\u00eancia de jogos no profissional.<\/p>\n\n\n\n<p>Ele fez sua estreia no elenco principal em 2020 e desde ent\u00e3o n\u00e3o realizou nenhuma partida, apenas pelas divis\u00f5es de base. Ot\u00e1vio tamb\u00e9m foi emprestado ao Sampaio Corr\u00eaa, mas n\u00e3o se firmou e acabou retornando ao Flamengo, ap\u00f3s novamente ser emprestado.<\/p>\n\n\n\n<p>A evolu\u00e7\u00e3o de Ot\u00e1vio no Famalic\u00e3o vem sendo acompanhada de perto por equipes do futebol europeu e o Flamengo ainda pode faturar por ser o clube formador do jovem.<\/p>\n\n\n\n<p>Retirado de: Mercado do Futebol<\/p>\n","protected":false},"excerpt":{"rendered":"<p>De acordo com o jornalista Pedro Sep\u00falveda, o Famalic\u00e3o acionou a op\u00e7\u00e3o de compra prevista no empr\u00e9stimo do zagueiro Ot\u00e1vio, do Flamengo. Com isso, o clube portugu\u00eas ir\u00e1 desembolsar 500 mil euros (R$ 2,7 milh\u00f5es) por 80% dos direitos econ\u00f4micos. O defensor foi emprestado e realizou seis jogos no sub-23 dos portugueses antes de subir [&hellip;]<\/p>\n","protected":false},"author":1,"featured_media":48448,"comment_status":"open","ping_status":"closed","sticky":false,"template":"","format":"standard","meta":{"footnotes":""},"categories":[48],"tags":[],"class_list":["post-98924","post","type-post","status-publish","format-standard","has-post-thumbnail","hentry","category-negociacoes"],"yoast_head":"<!-- This site is optimized with the Yoast SEO Premium plugin v24.2 (Yoast SEO v26.9) - https:\/\/yoast.com\/product\/yoast-seo-premium-wordpress\/ -->\n<title>Zagueiro do Flamengo \u00e9 vendido para a Europa por mixaria<\/title>\n<meta name=\"robots\" content=\"index, follow, max-snippet:-1, max-image-preview:large, max-video-preview:-1\" \/>\n<link rel=\"canonical\" href=\"https:\/\/www.gaveanews.com\/index.php\/2023\/05\/14\/zagueiro-do-flamengo-e-vendido-para-a-europa-por-mixaria\/\" \/>\n<meta property=\"og:locale\" content=\"pt_BR\" \/>\n<meta property=\"og:type\" content=\"article\" \/>\n<meta property=\"og:title\" content=\"Zagueiro do Flamengo \u00e9 vendido para a Europa por mixaria\" \/>\n<meta property=\"og:description\" content=\"De acordo com o jornalista Pedro Sep\u00falveda, o Famalic\u00e3o acionou a op\u00e7\u00e3o de compra prevista no empr\u00e9stimo do zagueiro Ot\u00e1vio, do Flamengo. Com isso, o clube portugu\u00eas ir\u00e1 desembolsar 500 mil euros (R$ 2,7 milh\u00f5es) por 80% dos direitos econ\u00f4micos. O defensor foi emprestado e realizou seis jogos no sub-23 dos portugueses antes de subir [&hellip;]\" \/>\n<meta property=\"og:url\" content=\"https:\/\/www.gaveanews.com\/index.php\/2023\/05\/14\/zagueiro-do-flamengo-e-vendido-para-a-europa-por-mixaria\/\" \/>\n<meta property=\"og:site_name\" content=\"G\u00e1vea News\" \/>\n<meta property=\"article:publisher\" content=\"https:\/\/facebook.com\/gaveaNews\/\" \/>\n<meta property=\"article:published_time\" content=\"2023-05-14T20:46:07+00:00\" \/>\n<meta property=\"article:modified_time\" content=\"2023-05-14T20:46:09+00:00\" \/>\n<meta property=\"og:image\" content=\"https:\/\/www.gaveanews.com\/wp-content\/uploads\/Otavio-em-acao-pelo-Flamengo-na-partida-contra-o-Palmeiras-pelo-Campeonato-Brasileiro-de-2020.webp\" \/>\n\t<meta property=\"og:image:width\" content=\"700\" \/>\n\t<meta property=\"og:image:height\" content=\"470\" \/>\n\t<meta property=\"og:image:type\" content=\"image\/jpeg\" \/>\n<meta name=\"author\" content=\"Equipe G\u00e1vea News\" \/>\n<meta name=\"twitter:card\" content=\"summary_large_image\" \/>\n<meta name=\"twitter:label1\" content=\"Escrito por\" \/>\n\t<meta name=\"twitter:data1\" content=\"Equipe G\u00e1vea News\" \/>\n\t<meta name=\"twitter:label2\" content=\"Est. tempo de leitura\" \/>\n\t<meta name=\"twitter:data2\" content=\"1 minuto\" \/>\n<script type=\"application\/ld+json\" class=\"yoast-schema-graph\">{\"@context\":\"https:\/\/schema.org\",\"@graph\":[{\"@type\":\"NewsArticle\",\"@id\":\"https:\/\/www.gaveanews.com\/index.php\/2023\/05\/14\/zagueiro-do-flamengo-e-vendido-para-a-europa-por-mixaria\/#article\",\"isPartOf\":{\"@id\":\"https:\/\/www.gaveanews.com\/index.php\/2023\/05\/14\/zagueiro-do-flamengo-e-vendido-para-a-europa-por-mixaria\/\"},\"author\":{\"name\":\"Equipe G\u00e1vea News\",\"@id\":\"https:\/\/www.gaveanews.com\/#\/schema\/person\/2ec14f73fb96be2caf28f91afb14749d\"},\"headline\":\"Zagueiro do Flamengo \u00e9 vendido para a Europa por mixaria\",\"datePublished\":\"2023-05-14T20:46:07+00:00\",\"dateModified\":\"2023-05-14T20:46:09+00:00\",\"mainEntityOfPage\":{\"@id\":\"https:\/\/www.gaveanews.com\/index.php\/2023\/05\/14\/zagueiro-do-flamengo-e-vendido-para-a-europa-por-mixaria\/\"},\"wordCount\":185,\"commentCount\":0,\"image\":{\"@id\":\"https:\/\/www.gaveanews.com\/index.php\/2023\/05\/14\/zagueiro-do-flamengo-e-vendido-para-a-europa-por-mixaria\/#primaryimage\"},\"thumbnailUrl\":\"https:\/\/www.gaveanews.com\/wp-content\/uploads\/Otavio-em-acao-pelo-Flamengo-na-partida-contra-o-Palmeiras-pelo-Campeonato-Brasileiro-de-2020.webp\",\"articleSection\":[\"Negocia\u00e7\u00f5es\"],\"inLanguage\":\"pt-BR\",\"potentialAction\":[{\"@type\":\"CommentAction\",\"name\":\"Comment\",\"target\":[\"https:\/\/www.gaveanews.com\/index.php\/2023\/05\/14\/zagueiro-do-flamengo-e-vendido-para-a-europa-por-mixaria\/#respond\"]}],\"copyrightYear\":\"2023\",\"copyrightHolder\":{\"@id\":\"https:\/\/www.gaveanews.com\/#organization\"}},{\"@type\":\"WebPage\",\"@id\":\"https:\/\/www.gaveanews.com\/index.php\/2023\/05\/14\/zagueiro-do-flamengo-e-vendido-para-a-europa-por-mixaria\/\",\"url\":\"https:\/\/www.gaveanews.com\/index.php\/2023\/05\/14\/zagueiro-do-flamengo-e-vendido-para-a-europa-por-mixaria\/\",\"name\":\"Zagueiro do Flamengo \u00e9 vendido para a Europa por mixaria\",\"isPartOf\":{\"@id\":\"https:\/\/www.gaveanews.com\/#website\"},\"primaryImageOfPage\":{\"@id\":\"https:\/\/www.gaveanews.com\/index.php\/2023\/05\/14\/zagueiro-do-flamengo-e-vendido-para-a-europa-por-mixaria\/#primaryimage\"},\"image\":{\"@id\":\"https:\/\/www.gaveanews.com\/index.php\/2023\/05\/14\/zagueiro-do-flamengo-e-vendido-para-a-europa-por-mixaria\/#primaryimage\"},\"thumbnailUrl\":\"https:\/\/www.gaveanews.com\/wp-content\/uploads\/Otavio-em-acao-pelo-Flamengo-na-partida-contra-o-Palmeiras-pelo-Campeonato-Brasileiro-de-2020.webp\",\"datePublished\":\"2023-05-14T20:46:07+00:00\",\"dateModified\":\"2023-05-14T20:46:09+00:00\",\"author\":{\"@id\":\"https:\/\/www.gaveanews.com\/#\/schema\/person\/2ec14f73fb96be2caf28f91afb14749d\"},\"breadcrumb\":{\"@id\":\"https:\/\/www.gaveanews.com\/index.php\/2023\/05\/14\/zagueiro-do-flamengo-e-vendido-para-a-europa-por-mixaria\/#breadcrumb\"},\"inLanguage\":\"pt-BR\",\"potentialAction\":[{\"@type\":\"ReadAction\",\"target\":[\"https:\/\/www.gaveanews.com\/index.php\/2023\/05\/14\/zagueiro-do-flamengo-e-vendido-para-a-europa-por-mixaria\/\"]}]},{\"@type\":\"ImageObject\",\"inLanguage\":\"pt-BR\",\"@id\":\"https:\/\/www.gaveanews.com\/index.php\/2023\/05\/14\/zagueiro-do-flamengo-e-vendido-para-a-europa-por-mixaria\/#primaryimage\",\"url\":\"https:\/\/www.gaveanews.com\/wp-content\/uploads\/Otavio-em-acao-pelo-Flamengo-na-partida-contra-o-Palmeiras-pelo-Campeonato-Brasileiro-de-2020.webp\",\"contentUrl\":\"https:\/\/www.gaveanews.com\/wp-content\/uploads\/Otavio-em-acao-pelo-Flamengo-na-partida-contra-o-Palmeiras-pelo-Campeonato-Brasileiro-de-2020.webp\",\"width\":700,\"height\":470,\"caption\":\"Hugo Souza e Ot\u00e1vio em a\u00e7\u00e3o pelo Flamengo na partida contra o Palmeiras pelo Campeonato Brasileiro de 2020 (Foto: Alexandre Vidal\/Flamengo)\"},{\"@type\":\"BreadcrumbList\",\"@id\":\"https:\/\/www.gaveanews.com\/index.php\/2023\/05\/14\/zagueiro-do-flamengo-e-vendido-para-a-europa-por-mixaria\/#breadcrumb\",\"itemListElement\":[{\"@type\":\"ListItem\",\"position\":1,\"name\":\"Home\",\"item\":\"https:\/\/www.gaveanews.com\/\"},{\"@type\":\"ListItem\",\"position\":2,\"name\":\"Zagueiro do Flamengo \u00e9 vendido para a Europa por mixaria\"}]},{\"@type\":\"WebSite\",\"@id\":\"https:\/\/www.gaveanews.com\/#website\",\"url\":\"https:\/\/www.gaveanews.com\/\",\"name\":\"G\u00e1vea News\",\"description\":\"Veja todas as not\u00edcias sobre o Flamengo: Contrata\u00e7\u00f5es, categorias de base, resultados das partidas, tabela de classifica\u00e7\u00e3o, pr\u00f3ximos jogos!\",\"potentialAction\":[{\"@type\":\"SearchAction\",\"target\":{\"@type\":\"EntryPoint\",\"urlTemplate\":\"https:\/\/www.gaveanews.com\/?s={search_term_string}\"},\"query-input\":{\"@type\":\"PropertyValueSpecification\",\"valueRequired\":true,\"valueName\":\"search_term_string\"}}],\"inLanguage\":\"pt-BR\"},{\"@type\":\"Person\",\"@id\":\"https:\/\/www.gaveanews.com\/#\/schema\/person\/2ec14f73fb96be2caf28f91afb14749d\",\"name\":\"Equipe G\u00e1vea News\",\"image\":{\"@type\":\"ImageObject\",\"inLanguage\":\"pt-BR\",\"@id\":\"https:\/\/www.gaveanews.com\/#\/schema\/person\/image\/\",\"url\":\"https:\/\/secure.gravatar.com\/avatar\/1e1956f1facbffd3f8fa53a326721950116b3b9dc9bd44939c01180fd4a745a9?s=96&d=mm&r=g\",\"contentUrl\":\"https:\/\/secure.gravatar.com\/avatar\/1e1956f1facbffd3f8fa53a326721950116b3b9dc9bd44939c01180fd4a745a9?s=96&d=mm&r=g\",\"caption\":\"Equipe G\u00e1vea News\"}}]}<\/script>\n<!-- \/ Yoast SEO Premium plugin. -->","yoast_head_json":{"title":"Zagueiro do Flamengo \u00e9 vendido para a Europa por mixaria","robots":{"index":"index","follow":"follow","max-snippet":"max-snippet:-1","max-image-preview":"max-image-preview:large","max-video-preview":"max-video-preview:-1"},"canonical":"https:\/\/www.gaveanews.com\/index.php\/2023\/05\/14\/zagueiro-do-flamengo-e-vendido-para-a-europa-por-mixaria\/","og_locale":"pt_BR","og_type":"article","og_title":"Zagueiro do Flamengo \u00e9 vendido para a Europa por mixaria","og_description":"De acordo com o jornalista Pedro Sep\u00falveda, o Famalic\u00e3o acionou a op\u00e7\u00e3o de compra prevista no empr\u00e9stimo do zagueiro Ot\u00e1vio, do Flamengo. Com isso, o clube portugu\u00eas ir\u00e1 desembolsar 500 mil euros (R$ 2,7 milh\u00f5es) por 80% dos direitos econ\u00f4micos. O defensor foi emprestado e realizou seis jogos no sub-23 dos portugueses antes de subir [&hellip;]","og_url":"https:\/\/www.gaveanews.com\/index.php\/2023\/05\/14\/zagueiro-do-flamengo-e-vendido-para-a-europa-por-mixaria\/","og_site_name":"G\u00e1vea News","article_publisher":"https:\/\/facebook.com\/gaveaNews\/","article_published_time":"2023-05-14T20:46:07+00:00","article_modified_time":"2023-05-14T20:46:09+00:00","og_image":[{"width":700,"height":470,"url":"https:\/\/www.gaveanews.com\/wp-content\/uploads\/Otavio-em-acao-pelo-Flamengo-na-partida-contra-o-Palmeiras-pelo-Campeonato-Brasileiro-de-2020.webp","type":"image\/jpeg"}],"author":"Equipe G\u00e1vea News","twitter_card":"summary_large_image","twitter_misc":{"Escrito por":"Equipe G\u00e1vea News","Est. tempo de leitura":"1 minuto"},"schema":{"@context":"https:\/\/schema.org","@graph":[{"@type":"NewsArticle","@id":"https:\/\/www.gaveanews.com\/index.php\/2023\/05\/14\/zagueiro-do-flamengo-e-vendido-para-a-europa-por-mixaria\/#article","isPartOf":{"@id":"https:\/\/www.gaveanews.com\/index.php\/2023\/05\/14\/zagueiro-do-flamengo-e-vendido-para-a-europa-por-mixaria\/"},"author":{"name":"Equipe G\u00e1vea News","@id":"https:\/\/www.gaveanews.com\/#\/schema\/person\/2ec14f73fb96be2caf28f91afb14749d"},"headline":"Zagueiro do Flamengo \u00e9 vendido para a Europa por mixaria","datePublished":"2023-05-14T20:46:07+00:00","dateModified":"2023-05-14T20:46:09+00:00","mainEntityOfPage":{"@id":"https:\/\/www.gaveanews.com\/index.php\/2023\/05\/14\/zagueiro-do-flamengo-e-vendido-para-a-europa-por-mixaria\/"},"wordCount":185,"commentCount":0,"image":{"@id":"https:\/\/www.gaveanews.com\/index.php\/2023\/05\/14\/zagueiro-do-flamengo-e-vendido-para-a-europa-por-mixaria\/#primaryimage"},"thumbnailUrl":"https:\/\/www.gaveanews.com\/wp-content\/uploads\/Otavio-em-acao-pelo-Flamengo-na-partida-contra-o-Palmeiras-pelo-Campeonato-Brasileiro-de-2020.webp","articleSection":["Negocia\u00e7\u00f5es"],"inLanguage":"pt-BR","potentialAction":[{"@type":"CommentAction","name":"Comment","target":["https:\/\/www.gaveanews.com\/index.php\/2023\/05\/14\/zagueiro-do-flamengo-e-vendido-para-a-europa-por-mixaria\/#respond"]}],"copyrightYear":"2023","copyrightHolder":{"@id":"https:\/\/www.gaveanews.com\/#organization"}},{"@type":"WebPage","@id":"https:\/\/www.gaveanews.com\/index.php\/2023\/05\/14\/zagueiro-do-flamengo-e-vendido-para-a-europa-por-mixaria\/","url":"https:\/\/www.gaveanews.com\/index.php\/2023\/05\/14\/zagueiro-do-flamengo-e-vendido-para-a-europa-por-mixaria\/","name":"Zagueiro do Flamengo \u00e9 vendido para a Europa por mixaria","isPartOf":{"@id":"https:\/\/www.gaveanews.com\/#website"},"primaryImageOfPage":{"@id":"https:\/\/www.gaveanews.com\/index.php\/2023\/05\/14\/zagueiro-do-flamengo-e-vendido-para-a-europa-por-mixaria\/#primaryimage"},"image":{"@id":"https:\/\/www.gaveanews.com\/index.php\/2023\/05\/14\/zagueiro-do-flamengo-e-vendido-para-a-europa-por-mixaria\/#primaryimage"},"thumbnailUrl":"https:\/\/www.gaveanews.com\/wp-content\/uploads\/Otavio-em-acao-pelo-Flamengo-na-partida-contra-o-Palmeiras-pelo-Campeonato-Brasileiro-de-2020.webp","datePublished":"2023-05-14T20:46:07+00:00","dateModified":"2023-05-14T20:46:09+00:00","author":{"@id":"https:\/\/www.gaveanews.com\/#\/schema\/person\/2ec14f73fb96be2caf28f91afb14749d"},"breadcrumb":{"@id":"https:\/\/www.gaveanews.com\/index.php\/2023\/05\/14\/zagueiro-do-flamengo-e-vendido-para-a-europa-por-mixaria\/#breadcrumb"},"inLanguage":"pt-BR","potentialAction":[{"@type":"ReadAction","target":["https:\/\/www.gaveanews.com\/index.php\/2023\/05\/14\/zagueiro-do-flamengo-e-vendido-para-a-europa-por-mixaria\/"]}]},{"@type":"ImageObject","inLanguage":"pt-BR","@id":"https:\/\/www.gaveanews.com\/index.php\/2023\/05\/14\/zagueiro-do-flamengo-e-vendido-para-a-europa-por-mixaria\/#primaryimage","url":"https:\/\/www.gaveanews.com\/wp-content\/uploads\/Otavio-em-acao-pelo-Flamengo-na-partida-contra-o-Palmeiras-pelo-Campeonato-Brasileiro-de-2020.webp","contentUrl":"https:\/\/www.gaveanews.com\/wp-content\/uploads\/Otavio-em-acao-pelo-Flamengo-na-partida-contra-o-Palmeiras-pelo-Campeonato-Brasileiro-de-2020.webp","width":700,"height":470,"caption":"Hugo Souza e Ot\u00e1vio em a\u00e7\u00e3o pelo Flamengo na partida contra o Palmeiras pelo Campeonato Brasileiro de 2020 (Foto: Alexandre Vidal\/Flamengo)"},{"@type":"BreadcrumbList","@id":"https:\/\/www.gaveanews.com\/index.php\/2023\/05\/14\/zagueiro-do-flamengo-e-vendido-para-a-europa-por-mixaria\/#breadcrumb","itemListElement":[{"@type":"ListItem","position":1,"name":"Home","item":"https:\/\/www.gaveanews.com\/"},{"@type":"ListItem","position":2,"name":"Zagueiro do Flamengo \u00e9 vendido para a Europa por mixaria"}]},{"@type":"WebSite","@id":"https:\/\/www.gaveanews.com\/#website","url":"https:\/\/www.gaveanews.com\/","name":"G\u00e1vea News","description":"Veja todas as not\u00edcias sobre o Flamengo: Contrata\u00e7\u00f5es, categorias de base, resultados das partidas, tabela de classifica\u00e7\u00e3o, pr\u00f3ximos jogos!","potentialAction":[{"@type":"SearchAction","target":{"@type":"EntryPoint","urlTemplate":"https:\/\/www.gaveanews.com\/?s={search_term_string}"},"query-input":{"@type":"PropertyValueSpecification","valueRequired":true,"valueName":"search_term_string"}}],"inLanguage":"pt-BR"},{"@type":"Person","@id":"https:\/\/www.gaveanews.com\/#\/schema\/person\/2ec14f73fb96be2caf28f91afb14749d","name":"Equipe G\u00e1vea News","image":{"@type":"ImageObject","inLanguage":"pt-BR","@id":"https:\/\/www.gaveanews.com\/#\/schema\/person\/image\/","url":"https:\/\/secure.gravatar.com\/avatar\/1e1956f1facbffd3f8fa53a326721950116b3b9dc9bd44939c01180fd4a745a9?s=96&d=mm&r=g","contentUrl":"https:\/\/secure.gravatar.com\/avatar\/1e1956f1facbffd3f8fa53a326721950116b3b9dc9bd44939c01180fd4a745a9?s=96&d=mm&r=g","caption":"Equipe G\u00e1vea News"}}]}},"_links":{"self":[{"href":"https:\/\/www.gaveanews.com\/index.php\/wp-json\/wp\/v2\/posts\/98924","targetHints":{"allow":["GET"]}}],"collection":[{"href":"https:\/\/www.gaveanews.com\/index.php\/wp-json\/wp\/v2\/posts"}],"about":[{"href":"https:\/\/www.gaveanews.com\/index.php\/wp-json\/wp\/v2\/types\/post"}],"author":[{"embeddable":true,"href":"https:\/\/www.gaveanews.com\/index.php\/wp-json\/wp\/v2\/users\/1"}],"replies":[{"embeddable":true,"href":"https:\/\/www.gaveanews.com\/index.php\/wp-json\/wp\/v2\/comments?post=98924"}],"version-history":[{"count":0,"href":"https:\/\/www.gaveanews.com\/index.php\/wp-json\/wp\/v2\/posts\/98924\/revisions"}],"wp:featuredmedia":[{"embeddable":true,"href":"https:\/\/www.gaveanews.com\/index.php\/wp-json\/wp\/v2\/media\/48448"}],"wp:attachment":[{"href":"https:\/\/www.gaveanews.com\/index.php\/wp-json\/wp\/v2\/media?parent=98924"}],"wp:term":[{"taxonomy":"category","embeddable":true,"href":"https:\/\/www.gaveanews.com\/index.php\/wp-json\/wp\/v2\/categories?post=98924"},{"taxonomy":"post_tag","embeddable":true,"href":"https:\/\/www.gaveanews.com\/index.php\/wp-json\/wp\/v2\/tags?post=98924"}],"curies":[{"name":"wp","href":"https:\/\/api.w.org\/{rel}","templated":true}]}}