{"id":99978,"date":"2023-06-05T00:08:47","date_gmt":"2023-06-05T03:08:47","guid":{"rendered":"https:\/\/www.gaveanews.com\/?p=99978"},"modified":"2023-06-05T00:08:51","modified_gmt":"2023-06-05T03:08:51","slug":"video-bastidores-do-flamengo-tem-alfinetadas-no-fluminense","status":"publish","type":"post","link":"https:\/\/www.gaveanews.com\/index.php\/2023\/06\/05\/video-bastidores-do-flamengo-tem-alfinetadas-no-fluminense\/","title":{"rendered":"V\u00eddeo: bastidores do Flamengo t\u00eam alfinetadas no Fluminense"},"content":{"rendered":"\n<p>O Flamengo se classificou \u00e0s quartas de final da Copa do Brasil ap\u00f3s vencer o Fluminense por 2 a 0, na \u00faltima quinta-feira (1), no Maracan\u00e3, no Rio de Janeiro. E os bastidores divulgados pelo clube foram de &#8220;recados&#8221; ao rival.<\/p>\n\n\n\n<p>No caminho para t\u00fanel, Ayrton Lucas cobrou que o Fluminense &#8220;respeitasse um pouquinho o atual campe\u00e3o&#8221; e deixou claro que &#8220;sabia que iria se classificar&#8221;. Wesley tamb\u00e9m foi na mesma pegada sobre respeito.<\/p>\n\n\n\n<p>J\u00e1 no vesti\u00e1rio, Bruno Henrique utilizou uma frase marcante de Ronaldinho Ga\u00facho nos tempos de Atl\u00e9tico-MG quando o Galo, ap\u00f3s uma derrota para o S\u00e3o Paulo na fase de grupos da CONMEBOL Libertadores, eliminou o mesmo advers\u00e1rio nas oitavas de final: &#8220;Quando est\u00e1 valendo, est\u00e1 valendo&#8221;.<\/p>\n\n\n\n<p>No campo, em imagem exclusiva divulgada pelo clube, Arrascaeta elogiava a for\u00e7a da torcida, que lotou o espa\u00e7o destinado no Maracan\u00e3 e empurrou o time: &#8220;o inferno voltou&#8221;, disse o uruguaio, autor do primeiro gol.<\/p>\n\n\n\n<h2 class=\"wp-block-heading\" id=\"h-veja-as-declaracoes\">Veja as declara\u00e7\u00f5es<\/h2>\n\n\n\n<figure class=\"wp-block-embed is-type-video is-provider-youtube wp-block-embed-youtube wp-embed-aspect-16-9 wp-has-aspect-ratio\"><div class=\"wp-block-embed__wrapper\">\n<iframe loading=\"lazy\" title=\"Bastidores | Flamengo 2 x 0 Fluminense\" width=\"640\" height=\"360\" src=\"https:\/\/www.youtube.com\/embed\/PbQRpPeaw_E?feature=oembed\" frameborder=\"0\" allow=\"accelerometer; autoplay; clipboard-write; encrypted-media; gyroscope; picture-in-picture; web-share\" referrerpolicy=\"strict-origin-when-cross-origin\" allowfullscreen><\/iframe>\n<\/div><\/figure>\n\n\n\n<p>&#8220;O inferno voltou&#8221; &#8211; Arrascaeta ap\u00f3s a vit\u00f3ria<\/p>\n\n\n\n<p>&#8220;A gente sabia que (a partida) era importante, dif\u00edcil. Eles (Fluminense) t\u00eam que respeitar um pouquinho a gente, atual campe\u00e3o. A gente sabia que ia classificar se jogasse o que jogamos no primeiro jogo. Espero que daqui para frente seja o caminho da vit\u00f3ria&#8221; &#8211; Ayrton Lucas<\/p>\n\n\n\n<p>&#8220;Tem que respeitar (o Flamengo), c***&#8221; &#8211; Wesley<\/p>\n\n\n\n<p>&#8220;Quanto est\u00e1 valendo, est\u00e1 valendo&#8221; &#8211; Bruno Henrique.<\/p>\n\n\n\n<p>Retirado de: ESPN<\/p>\n","protected":false},"excerpt":{"rendered":"<p>O Flamengo se classificou \u00e0s quartas de final da Copa do Brasil ap\u00f3s vencer o Fluminense por 2 a 0, na \u00faltima quinta-feira (1), no Maracan\u00e3, no Rio de Janeiro. E os bastidores divulgados pelo clube foram de &#8220;recados&#8221; ao rival. No caminho para t\u00fanel, Ayrton Lucas cobrou que o Fluminense &#8220;respeitasse um pouquinho o [&hellip;]<\/p>\n","protected":false},"author":1,"featured_media":99911,"comment_status":"open","ping_status":"closed","sticky":false,"template":"","format":"standard","meta":{"footnotes":""},"categories":[1],"tags":[],"class_list":["post-99978","post","type-post","status-publish","format-standard","has-post-thumbnail","hentry","category-flamengo"],"yoast_head":"<!-- This site is optimized with the Yoast SEO Premium plugin v24.2 (Yoast SEO v26.9) - https:\/\/yoast.com\/product\/yoast-seo-premium-wordpress\/ -->\n<title>V\u00eddeo: bastidores do Flamengo t\u00eam alfinetadas no Fluminense<\/title>\n<meta name=\"robots\" content=\"index, follow, max-snippet:-1, max-image-preview:large, max-video-preview:-1\" \/>\n<link rel=\"canonical\" href=\"https:\/\/www.gaveanews.com\/index.php\/2023\/06\/05\/video-bastidores-do-flamengo-tem-alfinetadas-no-fluminense\/\" \/>\n<meta property=\"og:locale\" content=\"pt_BR\" \/>\n<meta property=\"og:type\" content=\"article\" \/>\n<meta property=\"og:title\" content=\"V\u00eddeo: bastidores do Flamengo t\u00eam alfinetadas no Fluminense\" \/>\n<meta property=\"og:description\" content=\"O Flamengo se classificou \u00e0s quartas de final da Copa do Brasil ap\u00f3s vencer o Fluminense por 2 a 0, na \u00faltima quinta-feira (1), no Maracan\u00e3, no Rio de Janeiro. E os bastidores divulgados pelo clube foram de &#8220;recados&#8221; ao rival. No caminho para t\u00fanel, Ayrton Lucas cobrou que o Fluminense &#8220;respeitasse um pouquinho o [&hellip;]\" \/>\n<meta property=\"og:url\" content=\"https:\/\/www.gaveanews.com\/index.php\/2023\/06\/05\/video-bastidores-do-flamengo-tem-alfinetadas-no-fluminense\/\" \/>\n<meta property=\"og:site_name\" content=\"G\u00e1vea News\" \/>\n<meta property=\"article:publisher\" content=\"https:\/\/facebook.com\/gaveaNews\/\" \/>\n<meta property=\"article:published_time\" content=\"2023-06-05T03:08:47+00:00\" \/>\n<meta property=\"article:modified_time\" content=\"2023-06-05T03:08:51+00:00\" \/>\n<meta property=\"og:image\" content=\"https:\/\/www.gaveanews.com\/wp-content\/uploads\/torcida-flamengo-maracana-copa-do-brasil-fluminense.webp\" \/>\n\t<meta property=\"og:image:width\" content=\"900\" \/>\n\t<meta property=\"og:image:height\" content=\"599\" \/>\n\t<meta property=\"og:image:type\" content=\"image\/jpeg\" \/>\n<meta name=\"author\" content=\"Equipe G\u00e1vea News\" \/>\n<meta name=\"twitter:card\" content=\"summary_large_image\" \/>\n<meta name=\"twitter:label1\" content=\"Escrito por\" \/>\n\t<meta name=\"twitter:data1\" content=\"Equipe G\u00e1vea News\" \/>\n\t<meta name=\"twitter:label2\" content=\"Est. tempo de leitura\" \/>\n\t<meta name=\"twitter:data2\" content=\"2 minutos\" \/>\n<script type=\"application\/ld+json\" class=\"yoast-schema-graph\">{\"@context\":\"https:\/\/schema.org\",\"@graph\":[{\"@type\":\"NewsArticle\",\"@id\":\"https:\/\/www.gaveanews.com\/index.php\/2023\/06\/05\/video-bastidores-do-flamengo-tem-alfinetadas-no-fluminense\/#article\",\"isPartOf\":{\"@id\":\"https:\/\/www.gaveanews.com\/index.php\/2023\/06\/05\/video-bastidores-do-flamengo-tem-alfinetadas-no-fluminense\/\"},\"author\":{\"name\":\"Equipe G\u00e1vea News\",\"@id\":\"https:\/\/www.gaveanews.com\/#\/schema\/person\/2ec14f73fb96be2caf28f91afb14749d\"},\"headline\":\"V\u00eddeo: bastidores do Flamengo t\u00eam alfinetadas no Fluminense\",\"datePublished\":\"2023-06-05T03:08:47+00:00\",\"dateModified\":\"2023-06-05T03:08:51+00:00\",\"mainEntityOfPage\":{\"@id\":\"https:\/\/www.gaveanews.com\/index.php\/2023\/06\/05\/video-bastidores-do-flamengo-tem-alfinetadas-no-fluminense\/\"},\"wordCount\":270,\"commentCount\":0,\"image\":{\"@id\":\"https:\/\/www.gaveanews.com\/index.php\/2023\/06\/05\/video-bastidores-do-flamengo-tem-alfinetadas-no-fluminense\/#primaryimage\"},\"thumbnailUrl\":\"https:\/\/www.gaveanews.com\/wp-content\/uploads\/torcida-flamengo-maracana-copa-do-brasil-fluminense.webp\",\"articleSection\":[\"Flamengo\"],\"inLanguage\":\"pt-BR\",\"potentialAction\":[{\"@type\":\"CommentAction\",\"name\":\"Comment\",\"target\":[\"https:\/\/www.gaveanews.com\/index.php\/2023\/06\/05\/video-bastidores-do-flamengo-tem-alfinetadas-no-fluminense\/#respond\"]}],\"copyrightYear\":\"2023\",\"copyrightHolder\":{\"@id\":\"https:\/\/www.gaveanews.com\/#organization\"}},{\"@type\":\"WebPage\",\"@id\":\"https:\/\/www.gaveanews.com\/index.php\/2023\/06\/05\/video-bastidores-do-flamengo-tem-alfinetadas-no-fluminense\/\",\"url\":\"https:\/\/www.gaveanews.com\/index.php\/2023\/06\/05\/video-bastidores-do-flamengo-tem-alfinetadas-no-fluminense\/\",\"name\":\"V\u00eddeo: bastidores do Flamengo t\u00eam alfinetadas no Fluminense\",\"isPartOf\":{\"@id\":\"https:\/\/www.gaveanews.com\/#website\"},\"primaryImageOfPage\":{\"@id\":\"https:\/\/www.gaveanews.com\/index.php\/2023\/06\/05\/video-bastidores-do-flamengo-tem-alfinetadas-no-fluminense\/#primaryimage\"},\"image\":{\"@id\":\"https:\/\/www.gaveanews.com\/index.php\/2023\/06\/05\/video-bastidores-do-flamengo-tem-alfinetadas-no-fluminense\/#primaryimage\"},\"thumbnailUrl\":\"https:\/\/www.gaveanews.com\/wp-content\/uploads\/torcida-flamengo-maracana-copa-do-brasil-fluminense.webp\",\"datePublished\":\"2023-06-05T03:08:47+00:00\",\"dateModified\":\"2023-06-05T03:08:51+00:00\",\"author\":{\"@id\":\"https:\/\/www.gaveanews.com\/#\/schema\/person\/2ec14f73fb96be2caf28f91afb14749d\"},\"breadcrumb\":{\"@id\":\"https:\/\/www.gaveanews.com\/index.php\/2023\/06\/05\/video-bastidores-do-flamengo-tem-alfinetadas-no-fluminense\/#breadcrumb\"},\"inLanguage\":\"pt-BR\",\"potentialAction\":[{\"@type\":\"ReadAction\",\"target\":[\"https:\/\/www.gaveanews.com\/index.php\/2023\/06\/05\/video-bastidores-do-flamengo-tem-alfinetadas-no-fluminense\/\"]}]},{\"@type\":\"ImageObject\",\"inLanguage\":\"pt-BR\",\"@id\":\"https:\/\/www.gaveanews.com\/index.php\/2023\/06\/05\/video-bastidores-do-flamengo-tem-alfinetadas-no-fluminense\/#primaryimage\",\"url\":\"https:\/\/www.gaveanews.com\/wp-content\/uploads\/torcida-flamengo-maracana-copa-do-brasil-fluminense.webp\",\"contentUrl\":\"https:\/\/www.gaveanews.com\/wp-content\/uploads\/torcida-flamengo-maracana-copa-do-brasil-fluminense.webp\",\"width\":900,\"height\":599,\"caption\":\"Torcida do Flamengo prepara show na arquibancada do Maracan\u00e3 (Foto: Marcelo Cortes\/Flamengo)\"},{\"@type\":\"BreadcrumbList\",\"@id\":\"https:\/\/www.gaveanews.com\/index.php\/2023\/06\/05\/video-bastidores-do-flamengo-tem-alfinetadas-no-fluminense\/#breadcrumb\",\"itemListElement\":[{\"@type\":\"ListItem\",\"position\":1,\"name\":\"Home\",\"item\":\"https:\/\/www.gaveanews.com\/\"},{\"@type\":\"ListItem\",\"position\":2,\"name\":\"V\u00eddeo: bastidores do Flamengo t\u00eam alfinetadas no Fluminense\"}]},{\"@type\":\"WebSite\",\"@id\":\"https:\/\/www.gaveanews.com\/#website\",\"url\":\"https:\/\/www.gaveanews.com\/\",\"name\":\"G\u00e1vea News\",\"description\":\"Veja todas as not\u00edcias sobre o Flamengo: Contrata\u00e7\u00f5es, categorias de base, resultados das partidas, tabela de classifica\u00e7\u00e3o, pr\u00f3ximos jogos!\",\"potentialAction\":[{\"@type\":\"SearchAction\",\"target\":{\"@type\":\"EntryPoint\",\"urlTemplate\":\"https:\/\/www.gaveanews.com\/?s={search_term_string}\"},\"query-input\":{\"@type\":\"PropertyValueSpecification\",\"valueRequired\":true,\"valueName\":\"search_term_string\"}}],\"inLanguage\":\"pt-BR\"},{\"@type\":\"Person\",\"@id\":\"https:\/\/www.gaveanews.com\/#\/schema\/person\/2ec14f73fb96be2caf28f91afb14749d\",\"name\":\"Equipe G\u00e1vea News\",\"image\":{\"@type\":\"ImageObject\",\"inLanguage\":\"pt-BR\",\"@id\":\"https:\/\/www.gaveanews.com\/#\/schema\/person\/image\/\",\"url\":\"https:\/\/secure.gravatar.com\/avatar\/1e1956f1facbffd3f8fa53a326721950116b3b9dc9bd44939c01180fd4a745a9?s=96&d=mm&r=g\",\"contentUrl\":\"https:\/\/secure.gravatar.com\/avatar\/1e1956f1facbffd3f8fa53a326721950116b3b9dc9bd44939c01180fd4a745a9?s=96&d=mm&r=g\",\"caption\":\"Equipe G\u00e1vea News\"}}]}<\/script>\n<!-- \/ Yoast SEO Premium plugin. -->","yoast_head_json":{"title":"V\u00eddeo: bastidores do Flamengo t\u00eam alfinetadas no Fluminense","robots":{"index":"index","follow":"follow","max-snippet":"max-snippet:-1","max-image-preview":"max-image-preview:large","max-video-preview":"max-video-preview:-1"},"canonical":"https:\/\/www.gaveanews.com\/index.php\/2023\/06\/05\/video-bastidores-do-flamengo-tem-alfinetadas-no-fluminense\/","og_locale":"pt_BR","og_type":"article","og_title":"V\u00eddeo: bastidores do Flamengo t\u00eam alfinetadas no Fluminense","og_description":"O Flamengo se classificou \u00e0s quartas de final da Copa do Brasil ap\u00f3s vencer o Fluminense por 2 a 0, na \u00faltima quinta-feira (1), no Maracan\u00e3, no Rio de Janeiro. E os bastidores divulgados pelo clube foram de &#8220;recados&#8221; ao rival. No caminho para t\u00fanel, Ayrton Lucas cobrou que o Fluminense &#8220;respeitasse um pouquinho o [&hellip;]","og_url":"https:\/\/www.gaveanews.com\/index.php\/2023\/06\/05\/video-bastidores-do-flamengo-tem-alfinetadas-no-fluminense\/","og_site_name":"G\u00e1vea News","article_publisher":"https:\/\/facebook.com\/gaveaNews\/","article_published_time":"2023-06-05T03:08:47+00:00","article_modified_time":"2023-06-05T03:08:51+00:00","og_image":[{"width":900,"height":599,"url":"https:\/\/www.gaveanews.com\/wp-content\/uploads\/torcida-flamengo-maracana-copa-do-brasil-fluminense.webp","type":"image\/jpeg"}],"author":"Equipe G\u00e1vea News","twitter_card":"summary_large_image","twitter_misc":{"Escrito por":"Equipe G\u00e1vea News","Est. tempo de leitura":"2 minutos"},"schema":{"@context":"https:\/\/schema.org","@graph":[{"@type":"NewsArticle","@id":"https:\/\/www.gaveanews.com\/index.php\/2023\/06\/05\/video-bastidores-do-flamengo-tem-alfinetadas-no-fluminense\/#article","isPartOf":{"@id":"https:\/\/www.gaveanews.com\/index.php\/2023\/06\/05\/video-bastidores-do-flamengo-tem-alfinetadas-no-fluminense\/"},"author":{"name":"Equipe G\u00e1vea News","@id":"https:\/\/www.gaveanews.com\/#\/schema\/person\/2ec14f73fb96be2caf28f91afb14749d"},"headline":"V\u00eddeo: bastidores do Flamengo t\u00eam alfinetadas no Fluminense","datePublished":"2023-06-05T03:08:47+00:00","dateModified":"2023-06-05T03:08:51+00:00","mainEntityOfPage":{"@id":"https:\/\/www.gaveanews.com\/index.php\/2023\/06\/05\/video-bastidores-do-flamengo-tem-alfinetadas-no-fluminense\/"},"wordCount":270,"commentCount":0,"image":{"@id":"https:\/\/www.gaveanews.com\/index.php\/2023\/06\/05\/video-bastidores-do-flamengo-tem-alfinetadas-no-fluminense\/#primaryimage"},"thumbnailUrl":"https:\/\/www.gaveanews.com\/wp-content\/uploads\/torcida-flamengo-maracana-copa-do-brasil-fluminense.webp","articleSection":["Flamengo"],"inLanguage":"pt-BR","potentialAction":[{"@type":"CommentAction","name":"Comment","target":["https:\/\/www.gaveanews.com\/index.php\/2023\/06\/05\/video-bastidores-do-flamengo-tem-alfinetadas-no-fluminense\/#respond"]}],"copyrightYear":"2023","copyrightHolder":{"@id":"https:\/\/www.gaveanews.com\/#organization"}},{"@type":"WebPage","@id":"https:\/\/www.gaveanews.com\/index.php\/2023\/06\/05\/video-bastidores-do-flamengo-tem-alfinetadas-no-fluminense\/","url":"https:\/\/www.gaveanews.com\/index.php\/2023\/06\/05\/video-bastidores-do-flamengo-tem-alfinetadas-no-fluminense\/","name":"V\u00eddeo: bastidores do Flamengo t\u00eam alfinetadas no Fluminense","isPartOf":{"@id":"https:\/\/www.gaveanews.com\/#website"},"primaryImageOfPage":{"@id":"https:\/\/www.gaveanews.com\/index.php\/2023\/06\/05\/video-bastidores-do-flamengo-tem-alfinetadas-no-fluminense\/#primaryimage"},"image":{"@id":"https:\/\/www.gaveanews.com\/index.php\/2023\/06\/05\/video-bastidores-do-flamengo-tem-alfinetadas-no-fluminense\/#primaryimage"},"thumbnailUrl":"https:\/\/www.gaveanews.com\/wp-content\/uploads\/torcida-flamengo-maracana-copa-do-brasil-fluminense.webp","datePublished":"2023-06-05T03:08:47+00:00","dateModified":"2023-06-05T03:08:51+00:00","author":{"@id":"https:\/\/www.gaveanews.com\/#\/schema\/person\/2ec14f73fb96be2caf28f91afb14749d"},"breadcrumb":{"@id":"https:\/\/www.gaveanews.com\/index.php\/2023\/06\/05\/video-bastidores-do-flamengo-tem-alfinetadas-no-fluminense\/#breadcrumb"},"inLanguage":"pt-BR","potentialAction":[{"@type":"ReadAction","target":["https:\/\/www.gaveanews.com\/index.php\/2023\/06\/05\/video-bastidores-do-flamengo-tem-alfinetadas-no-fluminense\/"]}]},{"@type":"ImageObject","inLanguage":"pt-BR","@id":"https:\/\/www.gaveanews.com\/index.php\/2023\/06\/05\/video-bastidores-do-flamengo-tem-alfinetadas-no-fluminense\/#primaryimage","url":"https:\/\/www.gaveanews.com\/wp-content\/uploads\/torcida-flamengo-maracana-copa-do-brasil-fluminense.webp","contentUrl":"https:\/\/www.gaveanews.com\/wp-content\/uploads\/torcida-flamengo-maracana-copa-do-brasil-fluminense.webp","width":900,"height":599,"caption":"Torcida do Flamengo prepara show na arquibancada do Maracan\u00e3 (Foto: Marcelo Cortes\/Flamengo)"},{"@type":"BreadcrumbList","@id":"https:\/\/www.gaveanews.com\/index.php\/2023\/06\/05\/video-bastidores-do-flamengo-tem-alfinetadas-no-fluminense\/#breadcrumb","itemListElement":[{"@type":"ListItem","position":1,"name":"Home","item":"https:\/\/www.gaveanews.com\/"},{"@type":"ListItem","position":2,"name":"V\u00eddeo: bastidores do Flamengo t\u00eam alfinetadas no Fluminense"}]},{"@type":"WebSite","@id":"https:\/\/www.gaveanews.com\/#website","url":"https:\/\/www.gaveanews.com\/","name":"G\u00e1vea News","description":"Veja todas as not\u00edcias sobre o Flamengo: Contrata\u00e7\u00f5es, categorias de base, resultados das partidas, tabela de classifica\u00e7\u00e3o, pr\u00f3ximos jogos!","potentialAction":[{"@type":"SearchAction","target":{"@type":"EntryPoint","urlTemplate":"https:\/\/www.gaveanews.com\/?s={search_term_string}"},"query-input":{"@type":"PropertyValueSpecification","valueRequired":true,"valueName":"search_term_string"}}],"inLanguage":"pt-BR"},{"@type":"Person","@id":"https:\/\/www.gaveanews.com\/#\/schema\/person\/2ec14f73fb96be2caf28f91afb14749d","name":"Equipe G\u00e1vea News","image":{"@type":"ImageObject","inLanguage":"pt-BR","@id":"https:\/\/www.gaveanews.com\/#\/schema\/person\/image\/","url":"https:\/\/secure.gravatar.com\/avatar\/1e1956f1facbffd3f8fa53a326721950116b3b9dc9bd44939c01180fd4a745a9?s=96&d=mm&r=g","contentUrl":"https:\/\/secure.gravatar.com\/avatar\/1e1956f1facbffd3f8fa53a326721950116b3b9dc9bd44939c01180fd4a745a9?s=96&d=mm&r=g","caption":"Equipe G\u00e1vea News"}}]}},"_links":{"self":[{"href":"https:\/\/www.gaveanews.com\/index.php\/wp-json\/wp\/v2\/posts\/99978","targetHints":{"allow":["GET"]}}],"collection":[{"href":"https:\/\/www.gaveanews.com\/index.php\/wp-json\/wp\/v2\/posts"}],"about":[{"href":"https:\/\/www.gaveanews.com\/index.php\/wp-json\/wp\/v2\/types\/post"}],"author":[{"embeddable":true,"href":"https:\/\/www.gaveanews.com\/index.php\/wp-json\/wp\/v2\/users\/1"}],"replies":[{"embeddable":true,"href":"https:\/\/www.gaveanews.com\/index.php\/wp-json\/wp\/v2\/comments?post=99978"}],"version-history":[{"count":0,"href":"https:\/\/www.gaveanews.com\/index.php\/wp-json\/wp\/v2\/posts\/99978\/revisions"}],"wp:featuredmedia":[{"embeddable":true,"href":"https:\/\/www.gaveanews.com\/index.php\/wp-json\/wp\/v2\/media\/99911"}],"wp:attachment":[{"href":"https:\/\/www.gaveanews.com\/index.php\/wp-json\/wp\/v2\/media?parent=99978"}],"wp:term":[{"taxonomy":"category","embeddable":true,"href":"https:\/\/www.gaveanews.com\/index.php\/wp-json\/wp\/v2\/categories?post=99978"},{"taxonomy":"post_tag","embeddable":true,"href":"https:\/\/www.gaveanews.com\/index.php\/wp-json\/wp\/v2\/tags?post=99978"}],"curies":[{"name":"wp","href":"https:\/\/api.w.org\/{rel}","templated":true}]}}