{"id":1660,"date":"2025-09-22T17:55:00","date_gmt":"2025-09-22T20:55:00","guid":{"rendered":"https:\/\/www.gaveanews.com\/noticias\/?p=1660"},"modified":"2025-09-22T17:12:32","modified_gmt":"2025-09-22T20:12:32","slug":"atletico-mg-atualizacao-envolvendo-futuro-de-renzo-saravia","status":"publish","type":"post","link":"https:\/\/www.gaveanews.com\/noticias\/atletico-mg-atualizacao-envolvendo-futuro-de-renzo-saravia\/","title":{"rendered":"Atl\u00e9tico-MG: atualiza\u00e7\u00e3o envolvendo futuro de Renzo Saravia"},"content":{"rendered":"\n<p>O Atl\u00e9tico vive um momento de defini\u00e7\u00e3o dentro e fora de campo \u00e0s v\u00e9speras do confronto decisivo diante do Bol\u00edvar, pela Copa Sul-Americana. Enquanto a equipe se prepara para o duelo da pr\u00f3xima quarta-feira (24 de setembro), \u00e0s 19h (hor\u00e1rio de Bras\u00edlia), na Arena MRV, a diretoria tamb\u00e9m tenta resolver pend\u00eancias contratuais envolvendo atletas do atual elenco.<\/p>\n\n\n\n<p>Entre os nomes em pauta est\u00e1 o do lateral-direito Renzo Saravia, que tem v\u00ednculo com o clube at\u00e9 o fim deste ano. Segundo o jornalista Lucas Tanaka, o estafe do jogador aguarda at\u00e9 o dia 15 de outubro uma nova proposta do Galo para renovar o contrato. Caso contr\u00e1rio, o atleta ser\u00e1 liberado para buscar alternativas no mercado a partir dessa data.<\/p>\n\n\n\n<p>\u201cAt\u00e9 o dia 15\/10, eles v\u00e3o ficar tranquilos, na deles, sem se movimentar. A partir do dia 15, se n\u00e3o tiver nenhuma conversa, se n\u00e3o chegar nada do Galo para o Saravia de forma concreta, os representantes dele v\u00e3o partir para o mercado e v\u00e3o buscar um destino para ele no ano que vem\u201d, revelou Tanaka.<\/p>\n\n\n\n<p>Apesar do impasse, a prioridade do jogador segue sendo o Atl\u00e9tico. O entrave atual nas negocia\u00e7\u00f5es est\u00e1 centrado na dura\u00e7\u00e3o do novo v\u00ednculo. Enquanto o clube deseja renovar por apenas uma temporada, o argentino busca um acordo v\u00e1lido por dois anos. As conversas est\u00e3o paralisadas, mas os empres\u00e1rios do lateral mant\u00eam a esperan\u00e7a de retomar o di\u00e1logo antes do prazo estipulado.<\/p>\n\n\n\n<p>Dentro de campo, Saravia ainda se recupera de uma les\u00e3o na perna direita. Nesta segunda-feira (22 de setembro), o jogador realizou atividades f\u00edsicas no gramado da Cidade do Galo, ainda em processo de transi\u00e7\u00e3o com o departamento m\u00e9dico. A presen\u00e7a dele na lista de relacionados para o duelo contra os bolivianos est\u00e1 descartada.<\/p>\n\n\n\n<p>Por outro lado, Jorge Sampaoli contar\u00e1 com o retorno do zagueiro Ruan Tressoldi, que treinou normalmente com o grupo nesta segunda-feira e est\u00e1 \u00e0 disposi\u00e7\u00e3o pela primeira vez desde sua chegada. Recuperado de uma artroscopia no joelho direito, o defensor deve ser inclu\u00eddo entre os convocados para a partida de quarta-feira. A suspens\u00e3o de Junior Alonso por ac\u00famulo de cart\u00f5es abre espa\u00e7o na defesa, aumentando a possibilidade de Ruan ser utilizado.<\/p>\n\n\n\n<p>Ainda no departamento m\u00e9dico seguem Patrick (coluna), Caio Maia (joelho direito) e Tom\u00e1s Cuello, que ser\u00e1 submetido a uma cirurgia no tornozelo esquerdo nesta ter\u00e7a-feira (23 de setembro), ap\u00f3s les\u00e3o sofrida no primeiro confronto com o Bol\u00edvar em La Paz. O atacante est\u00e1 fora do restante da temporada.<\/p>\n\n\n\n<p>A expectativa para o confronto \u00e9 alta, afinal o empate em 2 a 2 no jogo de ida deixou a decis\u00e3o totalmente em aberto. Qualquer vit\u00f3ria garante o Galo na semifinal. Em caso de nova igualdade, a vaga ser\u00e1 definida nos p\u00eanaltis.<\/p>\n","protected":false},"excerpt":{"rendered":"<p>O Atl\u00e9tico vive um momento de defini\u00e7\u00e3o dentro e fora de campo \u00e0s v\u00e9speras do confronto decisivo diante do Bol\u00edvar, pela Copa Sul-Americana. Enquanto a equipe se prepara para o duelo da pr\u00f3xima quarta-feira (24 de setembro), \u00e0s 19h (hor\u00e1rio de Bras\u00edlia), na Arena MRV, a diretoria tamb\u00e9m tenta resolver pend\u00eancias contratuais envolvendo atletas do [&hellip;]<\/p>\n","protected":false},"author":2,"featured_media":1675,"comment_status":"open","ping_status":"open","sticky":false,"template":"","format":"standard","meta":{"footnotes":""},"categories":[18],"tags":[],"class_list":{"0":"post-1660","1":"post","2":"type-post","3":"status-publish","4":"format-standard","5":"has-post-thumbnail","7":"category-atletico-mg"},"yoast_head":"<!-- This site is optimized with the Yoast SEO plugin v26.0 - https:\/\/yoast.com\/wordpress\/plugins\/seo\/ -->\n<title>Atl\u00e9tico-MG: atualiza\u00e7\u00e3o envolvendo futuro de Renzo Saravia - G\u00e1vea News<\/title>\n<meta name=\"robots\" content=\"index, follow, max-snippet:-1, max-image-preview:large, max-video-preview:-1\" \/>\n<link rel=\"canonical\" href=\"https:\/\/www.gaveanews.com\/noticias\/atletico-mg-atualizacao-envolvendo-futuro-de-renzo-saravia\/\" \/>\n<meta property=\"og:locale\" content=\"pt_BR\" \/>\n<meta property=\"og:type\" content=\"article\" \/>\n<meta property=\"og:title\" content=\"Atl\u00e9tico-MG: atualiza\u00e7\u00e3o envolvendo futuro de Renzo Saravia - G\u00e1vea News\" \/>\n<meta property=\"og:description\" content=\"O Atl\u00e9tico vive um momento de defini\u00e7\u00e3o dentro e fora de campo \u00e0s v\u00e9speras do confronto decisivo diante do Bol\u00edvar, pela Copa Sul-Americana. Enquanto a equipe se prepara para o duelo da pr\u00f3xima quarta-feira (24 de setembro), \u00e0s 19h (hor\u00e1rio de Bras\u00edlia), na Arena MRV, a diretoria tamb\u00e9m tenta resolver pend\u00eancias contratuais envolvendo atletas do [&hellip;]\" \/>\n<meta property=\"og:url\" content=\"https:\/\/www.gaveanews.com\/noticias\/atletico-mg-atualizacao-envolvendo-futuro-de-renzo-saravia\/\" \/>\n<meta property=\"og:site_name\" content=\"G\u00e1vea News\" \/>\n<meta property=\"article:published_time\" content=\"2025-09-22T20:55:00+00:00\" \/>\n<meta property=\"og:image\" content=\"https:\/\/www.gaveanews.com\/noticias\/wp-content\/uploads\/2025\/09\/Saravia.png\" \/>\n\t<meta property=\"og:image:width\" content=\"1200\" \/>\n\t<meta property=\"og:image:height\" content=\"900\" \/>\n\t<meta property=\"og:image:type\" content=\"image\/png\" \/>\n<meta name=\"author\" content=\"Reda\u00e7\u00e3o\" \/>\n<meta name=\"twitter:card\" content=\"summary_large_image\" \/>\n<meta name=\"twitter:label1\" content=\"Escrito por\" \/>\n\t<meta name=\"twitter:data1\" content=\"Reda\u00e7\u00e3o\" \/>\n\t<meta name=\"twitter:label2\" content=\"Est. tempo de leitura\" \/>\n\t<meta name=\"twitter:data2\" content=\"2 minutos\" \/>\n<script type=\"application\/ld+json\" class=\"yoast-schema-graph\">{\"@context\":\"https:\/\/schema.org\",\"@graph\":[{\"@type\":\"WebPage\",\"@id\":\"https:\/\/www.gaveanews.com\/noticias\/atletico-mg-atualizacao-envolvendo-futuro-de-renzo-saravia\/\",\"url\":\"https:\/\/www.gaveanews.com\/noticias\/atletico-mg-atualizacao-envolvendo-futuro-de-renzo-saravia\/\",\"name\":\"Atl\u00e9tico-MG: atualiza\u00e7\u00e3o envolvendo futuro de Renzo Saravia - G\u00e1vea News\",\"isPartOf\":{\"@id\":\"https:\/\/www.gaveanews.com\/noticias\/#website\"},\"primaryImageOfPage\":{\"@id\":\"https:\/\/www.gaveanews.com\/noticias\/atletico-mg-atualizacao-envolvendo-futuro-de-renzo-saravia\/#primaryimage\"},\"image\":{\"@id\":\"https:\/\/www.gaveanews.com\/noticias\/atletico-mg-atualizacao-envolvendo-futuro-de-renzo-saravia\/#primaryimage\"},\"thumbnailUrl\":\"https:\/\/www.gaveanews.com\/noticias\/wp-content\/uploads\/2025\/09\/Saravia.png\",\"datePublished\":\"2025-09-22T20:55:00+00:00\",\"author\":{\"@id\":\"https:\/\/www.gaveanews.com\/noticias\/#\/schema\/person\/489b72d06548fd354568004c62ca4bc1\"},\"breadcrumb\":{\"@id\":\"https:\/\/www.gaveanews.com\/noticias\/atletico-mg-atualizacao-envolvendo-futuro-de-renzo-saravia\/#breadcrumb\"},\"inLanguage\":\"pt-BR\",\"potentialAction\":[{\"@type\":\"ReadAction\",\"target\":[\"https:\/\/www.gaveanews.com\/noticias\/atletico-mg-atualizacao-envolvendo-futuro-de-renzo-saravia\/\"]}]},{\"@type\":\"ImageObject\",\"inLanguage\":\"pt-BR\",\"@id\":\"https:\/\/www.gaveanews.com\/noticias\/atletico-mg-atualizacao-envolvendo-futuro-de-renzo-saravia\/#primaryimage\",\"url\":\"https:\/\/www.gaveanews.com\/noticias\/wp-content\/uploads\/2025\/09\/Saravia.png\",\"contentUrl\":\"https:\/\/www.gaveanews.com\/noticias\/wp-content\/uploads\/2025\/09\/Saravia.png\",\"width\":1200,\"height\":900,\"caption\":\"Saravia (Foto: Pedro Souza\/Atletico)\"},{\"@type\":\"BreadcrumbList\",\"@id\":\"https:\/\/www.gaveanews.com\/noticias\/atletico-mg-atualizacao-envolvendo-futuro-de-renzo-saravia\/#breadcrumb\",\"itemListElement\":[{\"@type\":\"ListItem\",\"position\":1,\"name\":\"In\u00edcio\",\"item\":\"https:\/\/www.gaveanews.com\/noticias\/\"},{\"@type\":\"ListItem\",\"position\":2,\"name\":\"Atl\u00e9tico-MG: atualiza\u00e7\u00e3o envolvendo futuro de Renzo Saravia\"}]},{\"@type\":\"WebSite\",\"@id\":\"https:\/\/www.gaveanews.com\/noticias\/#website\",\"url\":\"https:\/\/www.gaveanews.com\/noticias\/\",\"name\":\"G\u00e1vea News\",\"description\":\"Veja todas as not\u00edcias sobre o Flamengo: Contrata\u00e7\u00f5es, categorias de base, resultados das partidas, tabela de classifica\u00e7\u00e3o, pr\u00f3ximos jogos!\",\"potentialAction\":[{\"@type\":\"SearchAction\",\"target\":{\"@type\":\"EntryPoint\",\"urlTemplate\":\"https:\/\/www.gaveanews.com\/noticias\/?s={search_term_string}\"},\"query-input\":{\"@type\":\"PropertyValueSpecification\",\"valueRequired\":true,\"valueName\":\"search_term_string\"}}],\"inLanguage\":\"pt-BR\"},{\"@type\":\"Person\",\"@id\":\"https:\/\/www.gaveanews.com\/noticias\/#\/schema\/person\/489b72d06548fd354568004c62ca4bc1\",\"name\":\"Reda\u00e7\u00e3o\",\"image\":{\"@type\":\"ImageObject\",\"inLanguage\":\"pt-BR\",\"@id\":\"https:\/\/www.gaveanews.com\/noticias\/#\/schema\/person\/image\/\",\"url\":\"https:\/\/secure.gravatar.com\/avatar\/e24cd6b1ffde8ab6db89abab880adb7fde7c16ac20ab0680f85dd546b7855e3f?s=96&d=mm&r=g\",\"contentUrl\":\"https:\/\/secure.gravatar.com\/avatar\/e24cd6b1ffde8ab6db89abab880adb7fde7c16ac20ab0680f85dd546b7855e3f?s=96&d=mm&r=g\",\"caption\":\"Reda\u00e7\u00e3o\"},\"url\":\"https:\/\/www.gaveanews.com\/noticias\/author\/redacao\/\"}]}<\/script>\n<!-- \/ Yoast SEO plugin. -->","yoast_head_json":{"title":"Atl\u00e9tico-MG: atualiza\u00e7\u00e3o envolvendo futuro de Renzo Saravia - G\u00e1vea News","robots":{"index":"index","follow":"follow","max-snippet":"max-snippet:-1","max-image-preview":"max-image-preview:large","max-video-preview":"max-video-preview:-1"},"canonical":"https:\/\/www.gaveanews.com\/noticias\/atletico-mg-atualizacao-envolvendo-futuro-de-renzo-saravia\/","og_locale":"pt_BR","og_type":"article","og_title":"Atl\u00e9tico-MG: atualiza\u00e7\u00e3o envolvendo futuro de Renzo Saravia - G\u00e1vea News","og_description":"O Atl\u00e9tico vive um momento de defini\u00e7\u00e3o dentro e fora de campo \u00e0s v\u00e9speras do confronto decisivo diante do Bol\u00edvar, pela Copa Sul-Americana. Enquanto a equipe se prepara para o duelo da pr\u00f3xima quarta-feira (24 de setembro), \u00e0s 19h (hor\u00e1rio de Bras\u00edlia), na Arena MRV, a diretoria tamb\u00e9m tenta resolver pend\u00eancias contratuais envolvendo atletas do [&hellip;]","og_url":"https:\/\/www.gaveanews.com\/noticias\/atletico-mg-atualizacao-envolvendo-futuro-de-renzo-saravia\/","og_site_name":"G\u00e1vea News","article_published_time":"2025-09-22T20:55:00+00:00","og_image":[{"width":1200,"height":900,"url":"https:\/\/www.gaveanews.com\/noticias\/wp-content\/uploads\/2025\/09\/Saravia.png","type":"image\/png"}],"author":"Reda\u00e7\u00e3o","twitter_card":"summary_large_image","twitter_misc":{"Escrito por":"Reda\u00e7\u00e3o","Est. tempo de leitura":"2 minutos"},"schema":{"@context":"https:\/\/schema.org","@graph":[{"@type":"WebPage","@id":"https:\/\/www.gaveanews.com\/noticias\/atletico-mg-atualizacao-envolvendo-futuro-de-renzo-saravia\/","url":"https:\/\/www.gaveanews.com\/noticias\/atletico-mg-atualizacao-envolvendo-futuro-de-renzo-saravia\/","name":"Atl\u00e9tico-MG: atualiza\u00e7\u00e3o envolvendo futuro de Renzo Saravia - G\u00e1vea News","isPartOf":{"@id":"https:\/\/www.gaveanews.com\/noticias\/#website"},"primaryImageOfPage":{"@id":"https:\/\/www.gaveanews.com\/noticias\/atletico-mg-atualizacao-envolvendo-futuro-de-renzo-saravia\/#primaryimage"},"image":{"@id":"https:\/\/www.gaveanews.com\/noticias\/atletico-mg-atualizacao-envolvendo-futuro-de-renzo-saravia\/#primaryimage"},"thumbnailUrl":"https:\/\/www.gaveanews.com\/noticias\/wp-content\/uploads\/2025\/09\/Saravia.png","datePublished":"2025-09-22T20:55:00+00:00","author":{"@id":"https:\/\/www.gaveanews.com\/noticias\/#\/schema\/person\/489b72d06548fd354568004c62ca4bc1"},"breadcrumb":{"@id":"https:\/\/www.gaveanews.com\/noticias\/atletico-mg-atualizacao-envolvendo-futuro-de-renzo-saravia\/#breadcrumb"},"inLanguage":"pt-BR","potentialAction":[{"@type":"ReadAction","target":["https:\/\/www.gaveanews.com\/noticias\/atletico-mg-atualizacao-envolvendo-futuro-de-renzo-saravia\/"]}]},{"@type":"ImageObject","inLanguage":"pt-BR","@id":"https:\/\/www.gaveanews.com\/noticias\/atletico-mg-atualizacao-envolvendo-futuro-de-renzo-saravia\/#primaryimage","url":"https:\/\/www.gaveanews.com\/noticias\/wp-content\/uploads\/2025\/09\/Saravia.png","contentUrl":"https:\/\/www.gaveanews.com\/noticias\/wp-content\/uploads\/2025\/09\/Saravia.png","width":1200,"height":900,"caption":"Saravia (Foto: Pedro Souza\/Atletico)"},{"@type":"BreadcrumbList","@id":"https:\/\/www.gaveanews.com\/noticias\/atletico-mg-atualizacao-envolvendo-futuro-de-renzo-saravia\/#breadcrumb","itemListElement":[{"@type":"ListItem","position":1,"name":"In\u00edcio","item":"https:\/\/www.gaveanews.com\/noticias\/"},{"@type":"ListItem","position":2,"name":"Atl\u00e9tico-MG: atualiza\u00e7\u00e3o envolvendo futuro de Renzo Saravia"}]},{"@type":"WebSite","@id":"https:\/\/www.gaveanews.com\/noticias\/#website","url":"https:\/\/www.gaveanews.com\/noticias\/","name":"G\u00e1vea News","description":"Veja todas as not\u00edcias sobre o Flamengo: Contrata\u00e7\u00f5es, categorias de base, resultados das partidas, tabela de classifica\u00e7\u00e3o, pr\u00f3ximos jogos!","potentialAction":[{"@type":"SearchAction","target":{"@type":"EntryPoint","urlTemplate":"https:\/\/www.gaveanews.com\/noticias\/?s={search_term_string}"},"query-input":{"@type":"PropertyValueSpecification","valueRequired":true,"valueName":"search_term_string"}}],"inLanguage":"pt-BR"},{"@type":"Person","@id":"https:\/\/www.gaveanews.com\/noticias\/#\/schema\/person\/489b72d06548fd354568004c62ca4bc1","name":"Reda\u00e7\u00e3o","image":{"@type":"ImageObject","inLanguage":"pt-BR","@id":"https:\/\/www.gaveanews.com\/noticias\/#\/schema\/person\/image\/","url":"https:\/\/secure.gravatar.com\/avatar\/e24cd6b1ffde8ab6db89abab880adb7fde7c16ac20ab0680f85dd546b7855e3f?s=96&d=mm&r=g","contentUrl":"https:\/\/secure.gravatar.com\/avatar\/e24cd6b1ffde8ab6db89abab880adb7fde7c16ac20ab0680f85dd546b7855e3f?s=96&d=mm&r=g","caption":"Reda\u00e7\u00e3o"},"url":"https:\/\/www.gaveanews.com\/noticias\/author\/redacao\/"}]}},"_links":{"self":[{"href":"https:\/\/www.gaveanews.com\/noticias\/wp-json\/wp\/v2\/posts\/1660","targetHints":{"allow":["GET"]}}],"collection":[{"href":"https:\/\/www.gaveanews.com\/noticias\/wp-json\/wp\/v2\/posts"}],"about":[{"href":"https:\/\/www.gaveanews.com\/noticias\/wp-json\/wp\/v2\/types\/post"}],"author":[{"embeddable":true,"href":"https:\/\/www.gaveanews.com\/noticias\/wp-json\/wp\/v2\/users\/2"}],"replies":[{"embeddable":true,"href":"https:\/\/www.gaveanews.com\/noticias\/wp-json\/wp\/v2\/comments?post=1660"}],"version-history":[{"count":1,"href":"https:\/\/www.gaveanews.com\/noticias\/wp-json\/wp\/v2\/posts\/1660\/revisions"}],"predecessor-version":[{"id":1677,"href":"https:\/\/www.gaveanews.com\/noticias\/wp-json\/wp\/v2\/posts\/1660\/revisions\/1677"}],"wp:featuredmedia":[{"embeddable":true,"href":"https:\/\/www.gaveanews.com\/noticias\/wp-json\/wp\/v2\/media\/1675"}],"wp:attachment":[{"href":"https:\/\/www.gaveanews.com\/noticias\/wp-json\/wp\/v2\/media?parent=1660"}],"wp:term":[{"taxonomy":"category","embeddable":true,"href":"https:\/\/www.gaveanews.com\/noticias\/wp-json\/wp\/v2\/categories?post=1660"},{"taxonomy":"post_tag","embeddable":true,"href":"https:\/\/www.gaveanews.com\/noticias\/wp-json\/wp\/v2\/tags?post=1660"}],"curies":[{"name":"wp","href":"https:\/\/api.w.org\/{rel}","templated":true}]}}