{"id":1937,"date":"2025-09-24T21:45:00","date_gmt":"2025-09-25T00:45:00","guid":{"rendered":"https:\/\/www.gaveanews.com\/noticias\/?p=1937"},"modified":"2025-09-24T21:09:12","modified_gmt":"2025-09-25T00:09:12","slug":"vinicius-jr-ganha-destaque-na-midia-internacional-apos-vitoria-do-real-madrid","status":"publish","type":"post","link":"https:\/\/www.gaveanews.com\/noticias\/vinicius-jr-ganha-destaque-na-midia-internacional-apos-vitoria-do-real-madrid\/","title":{"rendered":"Vinicius Jr. ganha destaque na m\u00eddia internacional ap\u00f3s vit\u00f3ria do Real Madrid"},"content":{"rendered":"\n<p>A imprensa espanhola exaltou Vin\u00edcius J\u00fanior ap\u00f3s a goleada do Real Madrid por 4 a 1 sobre o Levante, pela sexta rodada da La Liga, ter\u00e7a-feira (23 de setembro), no est\u00e1dio Ciutat de Valencia. O brasileiro marcou um gola\u00e7o, deu assist\u00eancia e terminou o jogo com a faixa de capit\u00e3o.<\/p>\n\n\n\n<p>Depois da partida, o jornal Marca destacou a atua\u00e7\u00e3o do brasileiro com uma manchete espec\u00edfica para o palco da partida. &#8220;Vin\u00edcius levanta voo em Ciutat&#8221;.<\/p>\n\n\n\n<p>O di\u00e1rio &#8216;As&#8217; tamb\u00e9m destacou o brasileiro, mas abordou o entrosamento com Mbapp\u00e9, que marcou duas vezes para fechar a vit\u00f3ria fora de casa. &#8220;Estrelas alinhadas&#8221;.<\/p>\n\n\n\n<h2 class=\"wp-block-heading\">O jogo<\/h2>\n\n\n\n<p>Logo no primeiro tempo, Vini Jr abriu o placar aos 28 minutos, com uma trivela no canto direito, ap\u00f3s passe de Federico Valverde. Franco Mastantuono ampliou aos 38, concluindo jogada iniciada por Vin\u00edcius pela esquerda. No in\u00edcio da etapa final, Etta Eyong descontou aos 8. Kylian Mbapp\u00e9 retomou o controle com dois gols em tr\u00eas minutos: p\u00eanalti aos 19 e arrancada aos 22 ap\u00f3s assist\u00eancia de Arda G\u00fcler.<\/p>\n\n\n\n<p>J\u00e1 sob o comando de Xabi Alonso, Vini Jr vinha de atua\u00e7\u00f5es irregulares e deixara de ser intoc\u00e1vel, segundo a cobertura espanhola. Ele completou a primeira partida do in\u00edcio ao fim com o treinador e atingiu tr\u00eas gols e tr\u00eas assist\u00eancias em sete jogos nesta temporada.<\/p>\n\n\n\n<p>Al\u00e9m do placar, o Real Madrid controlou as a\u00e7\u00f5es. A equipe terminou com 66% de posse de bola e 23 finaliza\u00e7\u00f5es, contra 10 do advers\u00e1rio, de acordo com balan\u00e7o da partida. Os torcedores merengues viram a equipe se impor mesmo ap\u00f3s a rea\u00e7\u00e3o parcial do Levante no come\u00e7o do segundo tempo.<\/p>\n\n\n\n<p>Com a vit\u00f3ria, o Real Madrid chegou a 18 pontos e manteve a lideran\u00e7a isolada da La Liga. O Barcelona soma 13 e ainda entra em campo nesta rodada. O Levante ocupa a 16\u00aa posi\u00e7\u00e3o, com 4 pontos, um acima da zona de rebaixamento.<\/p>\n","protected":false},"excerpt":{"rendered":"<p>A imprensa espanhola exaltou Vin\u00edcius J\u00fanior ap\u00f3s a goleada do Real Madrid por 4 a 1 sobre o Levante, pela sexta rodada da La Liga, ter\u00e7a-feira (23 de setembro), no est\u00e1dio Ciutat de Valencia. O brasileiro marcou um gola\u00e7o, deu assist\u00eancia e terminou o jogo com a faixa de capit\u00e3o. Depois da partida, o jornal [&hellip;]<\/p>\n","protected":false},"author":2,"featured_media":1545,"comment_status":"open","ping_status":"open","sticky":false,"template":"","format":"standard","meta":{"footnotes":""},"categories":[16],"tags":[],"class_list":{"0":"post-1937","1":"post","2":"type-post","3":"status-publish","4":"format-standard","5":"has-post-thumbnail","7":"category-futebol"},"yoast_head":"<!-- This site is optimized with the Yoast SEO plugin v26.0 - https:\/\/yoast.com\/wordpress\/plugins\/seo\/ -->\n<title>Vinicius Jr. ganha destaque na m\u00eddia internacional ap\u00f3s vit\u00f3ria do Real Madrid - G\u00e1vea News<\/title>\n<meta name=\"robots\" content=\"index, follow, max-snippet:-1, max-image-preview:large, max-video-preview:-1\" \/>\n<link rel=\"canonical\" href=\"https:\/\/www.gaveanews.com\/noticias\/vinicius-jr-ganha-destaque-na-midia-internacional-apos-vitoria-do-real-madrid\/\" \/>\n<meta property=\"og:locale\" content=\"pt_BR\" \/>\n<meta property=\"og:type\" content=\"article\" \/>\n<meta property=\"og:title\" content=\"Vinicius Jr. ganha destaque na m\u00eddia internacional ap\u00f3s vit\u00f3ria do Real Madrid - G\u00e1vea News\" \/>\n<meta property=\"og:description\" content=\"A imprensa espanhola exaltou Vin\u00edcius J\u00fanior ap\u00f3s a goleada do Real Madrid por 4 a 1 sobre o Levante, pela sexta rodada da La Liga, ter\u00e7a-feira (23 de setembro), no est\u00e1dio Ciutat de Valencia. O brasileiro marcou um gola\u00e7o, deu assist\u00eancia e terminou o jogo com a faixa de capit\u00e3o. Depois da partida, o jornal [&hellip;]\" \/>\n<meta property=\"og:url\" content=\"https:\/\/www.gaveanews.com\/noticias\/vinicius-jr-ganha-destaque-na-midia-internacional-apos-vitoria-do-real-madrid\/\" \/>\n<meta property=\"og:site_name\" content=\"G\u00e1vea News\" \/>\n<meta property=\"article:published_time\" content=\"2025-09-25T00:45:00+00:00\" \/>\n<meta property=\"og:image\" content=\"https:\/\/www.gaveanews.com\/noticias\/wp-content\/uploads\/2025\/09\/Vinicius-Junior-Vini-Jr.-pelo-Real-Madriod.jpg\" \/>\n\t<meta property=\"og:image:width\" content=\"1280\" \/>\n\t<meta property=\"og:image:height\" content=\"960\" \/>\n\t<meta property=\"og:image:type\" content=\"image\/jpeg\" \/>\n<meta name=\"author\" content=\"Reda\u00e7\u00e3o\" \/>\n<meta name=\"twitter:card\" content=\"summary_large_image\" \/>\n<meta name=\"twitter:label1\" content=\"Escrito por\" \/>\n\t<meta name=\"twitter:data1\" content=\"Reda\u00e7\u00e3o\" \/>\n\t<meta name=\"twitter:label2\" content=\"Est. tempo de leitura\" \/>\n\t<meta name=\"twitter:data2\" content=\"2 minutos\" \/>\n<script type=\"application\/ld+json\" class=\"yoast-schema-graph\">{\"@context\":\"https:\/\/schema.org\",\"@graph\":[{\"@type\":\"WebPage\",\"@id\":\"https:\/\/www.gaveanews.com\/noticias\/vinicius-jr-ganha-destaque-na-midia-internacional-apos-vitoria-do-real-madrid\/\",\"url\":\"https:\/\/www.gaveanews.com\/noticias\/vinicius-jr-ganha-destaque-na-midia-internacional-apos-vitoria-do-real-madrid\/\",\"name\":\"Vinicius Jr. ganha destaque na m\u00eddia internacional ap\u00f3s vit\u00f3ria do Real Madrid - G\u00e1vea News\",\"isPartOf\":{\"@id\":\"https:\/\/www.gaveanews.com\/noticias\/#website\"},\"primaryImageOfPage\":{\"@id\":\"https:\/\/www.gaveanews.com\/noticias\/vinicius-jr-ganha-destaque-na-midia-internacional-apos-vitoria-do-real-madrid\/#primaryimage\"},\"image\":{\"@id\":\"https:\/\/www.gaveanews.com\/noticias\/vinicius-jr-ganha-destaque-na-midia-internacional-apos-vitoria-do-real-madrid\/#primaryimage\"},\"thumbnailUrl\":\"https:\/\/www.gaveanews.com\/noticias\/wp-content\/uploads\/2025\/09\/Vinicius-Junior-Vini-Jr.-pelo-Real-Madriod.jpg\",\"datePublished\":\"2025-09-25T00:45:00+00:00\",\"author\":{\"@id\":\"https:\/\/www.gaveanews.com\/noticias\/#\/schema\/person\/489b72d06548fd354568004c62ca4bc1\"},\"breadcrumb\":{\"@id\":\"https:\/\/www.gaveanews.com\/noticias\/vinicius-jr-ganha-destaque-na-midia-internacional-apos-vitoria-do-real-madrid\/#breadcrumb\"},\"inLanguage\":\"pt-BR\",\"potentialAction\":[{\"@type\":\"ReadAction\",\"target\":[\"https:\/\/www.gaveanews.com\/noticias\/vinicius-jr-ganha-destaque-na-midia-internacional-apos-vitoria-do-real-madrid\/\"]}]},{\"@type\":\"ImageObject\",\"inLanguage\":\"pt-BR\",\"@id\":\"https:\/\/www.gaveanews.com\/noticias\/vinicius-jr-ganha-destaque-na-midia-internacional-apos-vitoria-do-real-madrid\/#primaryimage\",\"url\":\"https:\/\/www.gaveanews.com\/noticias\/wp-content\/uploads\/2025\/09\/Vinicius-Junior-Vini-Jr.-pelo-Real-Madriod.jpg\",\"contentUrl\":\"https:\/\/www.gaveanews.com\/noticias\/wp-content\/uploads\/2025\/09\/Vinicius-Junior-Vini-Jr.-pelo-Real-Madriod.jpg\",\"width\":1280,\"height\":960,\"caption\":\"Vini Jr. passa por momento conturbado no Real Madrid (Foto: Divulga\u00e7\u00e3o\/Real Madrid nas Redes Sociais)\"},{\"@type\":\"BreadcrumbList\",\"@id\":\"https:\/\/www.gaveanews.com\/noticias\/vinicius-jr-ganha-destaque-na-midia-internacional-apos-vitoria-do-real-madrid\/#breadcrumb\",\"itemListElement\":[{\"@type\":\"ListItem\",\"position\":1,\"name\":\"In\u00edcio\",\"item\":\"https:\/\/www.gaveanews.com\/noticias\/\"},{\"@type\":\"ListItem\",\"position\":2,\"name\":\"Vinicius Jr. ganha destaque na m\u00eddia internacional ap\u00f3s vit\u00f3ria do Real Madrid\"}]},{\"@type\":\"WebSite\",\"@id\":\"https:\/\/www.gaveanews.com\/noticias\/#website\",\"url\":\"https:\/\/www.gaveanews.com\/noticias\/\",\"name\":\"G\u00e1vea News\",\"description\":\"Veja todas as not\u00edcias sobre o Flamengo: Contrata\u00e7\u00f5es, categorias de base, resultados das partidas, tabela de classifica\u00e7\u00e3o, pr\u00f3ximos jogos!\",\"potentialAction\":[{\"@type\":\"SearchAction\",\"target\":{\"@type\":\"EntryPoint\",\"urlTemplate\":\"https:\/\/www.gaveanews.com\/noticias\/?s={search_term_string}\"},\"query-input\":{\"@type\":\"PropertyValueSpecification\",\"valueRequired\":true,\"valueName\":\"search_term_string\"}}],\"inLanguage\":\"pt-BR\"},{\"@type\":\"Person\",\"@id\":\"https:\/\/www.gaveanews.com\/noticias\/#\/schema\/person\/489b72d06548fd354568004c62ca4bc1\",\"name\":\"Reda\u00e7\u00e3o\",\"image\":{\"@type\":\"ImageObject\",\"inLanguage\":\"pt-BR\",\"@id\":\"https:\/\/www.gaveanews.com\/noticias\/#\/schema\/person\/image\/\",\"url\":\"https:\/\/secure.gravatar.com\/avatar\/e24cd6b1ffde8ab6db89abab880adb7fde7c16ac20ab0680f85dd546b7855e3f?s=96&d=mm&r=g\",\"contentUrl\":\"https:\/\/secure.gravatar.com\/avatar\/e24cd6b1ffde8ab6db89abab880adb7fde7c16ac20ab0680f85dd546b7855e3f?s=96&d=mm&r=g\",\"caption\":\"Reda\u00e7\u00e3o\"},\"url\":\"https:\/\/www.gaveanews.com\/noticias\/author\/redacao\/\"}]}<\/script>\n<!-- \/ Yoast SEO plugin. -->","yoast_head_json":{"title":"Vinicius Jr. ganha destaque na m\u00eddia internacional ap\u00f3s vit\u00f3ria do Real Madrid - G\u00e1vea News","robots":{"index":"index","follow":"follow","max-snippet":"max-snippet:-1","max-image-preview":"max-image-preview:large","max-video-preview":"max-video-preview:-1"},"canonical":"https:\/\/www.gaveanews.com\/noticias\/vinicius-jr-ganha-destaque-na-midia-internacional-apos-vitoria-do-real-madrid\/","og_locale":"pt_BR","og_type":"article","og_title":"Vinicius Jr. ganha destaque na m\u00eddia internacional ap\u00f3s vit\u00f3ria do Real Madrid - G\u00e1vea News","og_description":"A imprensa espanhola exaltou Vin\u00edcius J\u00fanior ap\u00f3s a goleada do Real Madrid por 4 a 1 sobre o Levante, pela sexta rodada da La Liga, ter\u00e7a-feira (23 de setembro), no est\u00e1dio Ciutat de Valencia. O brasileiro marcou um gola\u00e7o, deu assist\u00eancia e terminou o jogo com a faixa de capit\u00e3o. Depois da partida, o jornal [&hellip;]","og_url":"https:\/\/www.gaveanews.com\/noticias\/vinicius-jr-ganha-destaque-na-midia-internacional-apos-vitoria-do-real-madrid\/","og_site_name":"G\u00e1vea News","article_published_time":"2025-09-25T00:45:00+00:00","og_image":[{"width":1280,"height":960,"url":"https:\/\/www.gaveanews.com\/noticias\/wp-content\/uploads\/2025\/09\/Vinicius-Junior-Vini-Jr.-pelo-Real-Madriod.jpg","type":"image\/jpeg"}],"author":"Reda\u00e7\u00e3o","twitter_card":"summary_large_image","twitter_misc":{"Escrito por":"Reda\u00e7\u00e3o","Est. tempo de leitura":"2 minutos"},"schema":{"@context":"https:\/\/schema.org","@graph":[{"@type":"WebPage","@id":"https:\/\/www.gaveanews.com\/noticias\/vinicius-jr-ganha-destaque-na-midia-internacional-apos-vitoria-do-real-madrid\/","url":"https:\/\/www.gaveanews.com\/noticias\/vinicius-jr-ganha-destaque-na-midia-internacional-apos-vitoria-do-real-madrid\/","name":"Vinicius Jr. ganha destaque na m\u00eddia internacional ap\u00f3s vit\u00f3ria do Real Madrid - G\u00e1vea News","isPartOf":{"@id":"https:\/\/www.gaveanews.com\/noticias\/#website"},"primaryImageOfPage":{"@id":"https:\/\/www.gaveanews.com\/noticias\/vinicius-jr-ganha-destaque-na-midia-internacional-apos-vitoria-do-real-madrid\/#primaryimage"},"image":{"@id":"https:\/\/www.gaveanews.com\/noticias\/vinicius-jr-ganha-destaque-na-midia-internacional-apos-vitoria-do-real-madrid\/#primaryimage"},"thumbnailUrl":"https:\/\/www.gaveanews.com\/noticias\/wp-content\/uploads\/2025\/09\/Vinicius-Junior-Vini-Jr.-pelo-Real-Madriod.jpg","datePublished":"2025-09-25T00:45:00+00:00","author":{"@id":"https:\/\/www.gaveanews.com\/noticias\/#\/schema\/person\/489b72d06548fd354568004c62ca4bc1"},"breadcrumb":{"@id":"https:\/\/www.gaveanews.com\/noticias\/vinicius-jr-ganha-destaque-na-midia-internacional-apos-vitoria-do-real-madrid\/#breadcrumb"},"inLanguage":"pt-BR","potentialAction":[{"@type":"ReadAction","target":["https:\/\/www.gaveanews.com\/noticias\/vinicius-jr-ganha-destaque-na-midia-internacional-apos-vitoria-do-real-madrid\/"]}]},{"@type":"ImageObject","inLanguage":"pt-BR","@id":"https:\/\/www.gaveanews.com\/noticias\/vinicius-jr-ganha-destaque-na-midia-internacional-apos-vitoria-do-real-madrid\/#primaryimage","url":"https:\/\/www.gaveanews.com\/noticias\/wp-content\/uploads\/2025\/09\/Vinicius-Junior-Vini-Jr.-pelo-Real-Madriod.jpg","contentUrl":"https:\/\/www.gaveanews.com\/noticias\/wp-content\/uploads\/2025\/09\/Vinicius-Junior-Vini-Jr.-pelo-Real-Madriod.jpg","width":1280,"height":960,"caption":"Vini Jr. passa por momento conturbado no Real Madrid (Foto: Divulga\u00e7\u00e3o\/Real Madrid nas Redes Sociais)"},{"@type":"BreadcrumbList","@id":"https:\/\/www.gaveanews.com\/noticias\/vinicius-jr-ganha-destaque-na-midia-internacional-apos-vitoria-do-real-madrid\/#breadcrumb","itemListElement":[{"@type":"ListItem","position":1,"name":"In\u00edcio","item":"https:\/\/www.gaveanews.com\/noticias\/"},{"@type":"ListItem","position":2,"name":"Vinicius Jr. ganha destaque na m\u00eddia internacional ap\u00f3s vit\u00f3ria do Real Madrid"}]},{"@type":"WebSite","@id":"https:\/\/www.gaveanews.com\/noticias\/#website","url":"https:\/\/www.gaveanews.com\/noticias\/","name":"G\u00e1vea News","description":"Veja todas as not\u00edcias sobre o Flamengo: Contrata\u00e7\u00f5es, categorias de base, resultados das partidas, tabela de classifica\u00e7\u00e3o, pr\u00f3ximos jogos!","potentialAction":[{"@type":"SearchAction","target":{"@type":"EntryPoint","urlTemplate":"https:\/\/www.gaveanews.com\/noticias\/?s={search_term_string}"},"query-input":{"@type":"PropertyValueSpecification","valueRequired":true,"valueName":"search_term_string"}}],"inLanguage":"pt-BR"},{"@type":"Person","@id":"https:\/\/www.gaveanews.com\/noticias\/#\/schema\/person\/489b72d06548fd354568004c62ca4bc1","name":"Reda\u00e7\u00e3o","image":{"@type":"ImageObject","inLanguage":"pt-BR","@id":"https:\/\/www.gaveanews.com\/noticias\/#\/schema\/person\/image\/","url":"https:\/\/secure.gravatar.com\/avatar\/e24cd6b1ffde8ab6db89abab880adb7fde7c16ac20ab0680f85dd546b7855e3f?s=96&d=mm&r=g","contentUrl":"https:\/\/secure.gravatar.com\/avatar\/e24cd6b1ffde8ab6db89abab880adb7fde7c16ac20ab0680f85dd546b7855e3f?s=96&d=mm&r=g","caption":"Reda\u00e7\u00e3o"},"url":"https:\/\/www.gaveanews.com\/noticias\/author\/redacao\/"}]}},"_links":{"self":[{"href":"https:\/\/www.gaveanews.com\/noticias\/wp-json\/wp\/v2\/posts\/1937","targetHints":{"allow":["GET"]}}],"collection":[{"href":"https:\/\/www.gaveanews.com\/noticias\/wp-json\/wp\/v2\/posts"}],"about":[{"href":"https:\/\/www.gaveanews.com\/noticias\/wp-json\/wp\/v2\/types\/post"}],"author":[{"embeddable":true,"href":"https:\/\/www.gaveanews.com\/noticias\/wp-json\/wp\/v2\/users\/2"}],"replies":[{"embeddable":true,"href":"https:\/\/www.gaveanews.com\/noticias\/wp-json\/wp\/v2\/comments?post=1937"}],"version-history":[{"count":1,"href":"https:\/\/www.gaveanews.com\/noticias\/wp-json\/wp\/v2\/posts\/1937\/revisions"}],"predecessor-version":[{"id":1965,"href":"https:\/\/www.gaveanews.com\/noticias\/wp-json\/wp\/v2\/posts\/1937\/revisions\/1965"}],"wp:featuredmedia":[{"embeddable":true,"href":"https:\/\/www.gaveanews.com\/noticias\/wp-json\/wp\/v2\/media\/1545"}],"wp:attachment":[{"href":"https:\/\/www.gaveanews.com\/noticias\/wp-json\/wp\/v2\/media?parent=1937"}],"wp:term":[{"taxonomy":"category","embeddable":true,"href":"https:\/\/www.gaveanews.com\/noticias\/wp-json\/wp\/v2\/categories?post=1937"},{"taxonomy":"post_tag","embeddable":true,"href":"https:\/\/www.gaveanews.com\/noticias\/wp-json\/wp\/v2\/tags?post=1937"}],"curies":[{"name":"wp","href":"https:\/\/api.w.org\/{rel}","templated":true}]}}