{"id":1944,"date":"2025-09-25T01:29:05","date_gmt":"2025-09-25T04:29:05","guid":{"rendered":"https:\/\/www.gaveanews.com\/noticias\/?p=1944"},"modified":"2025-09-25T01:29:07","modified_gmt":"2025-09-25T04:29:07","slug":"dorival-pode-ter-desfalque-de-peso-para-corinthians-x-flamengo","status":"publish","type":"post","link":"https:\/\/www.gaveanews.com\/noticias\/dorival-pode-ter-desfalque-de-peso-para-corinthians-x-flamengo\/","title":{"rendered":"Dorival pode ter desfalque de peso para Corinthians x Flamengo"},"content":{"rendered":"\n<p>O Corinthians se prepara para enfrentar o <a href=\"https:\/\/www.gaveanews.com\/index.php\/category\/brasileirao\/flamengo\/\" target=\"_blank\" rel=\"noopener noreferrer\">Flamengo<\/a> no domingo (28 de setembro), \u00e0s 20h30 (hor\u00e1rio de Bras\u00edlia), na Neo Qu\u00edmica Arena, pela 25\u00aa rodada. A presen\u00e7a de Memphis Depay \u00e9 incerta, pois o atacante ainda se recupera de um edema na parte posterior da coxa direita.<\/p>\n\n\n\n<p>Internamente, o departamento m\u00e9dico trata o caso com cautela e cogita n\u00e3o liberar o holand\u00eas para o cl\u00e1ssico. A decis\u00e3o depende da evolu\u00e7\u00e3o do jogador nos pr\u00f3ximos dias. No clube, o entendimento \u00e9 de que n\u00e3o \u00e9 o momento de correr riscos, apesar da import\u00e2ncia do jogo no Campeonato Brasileiro.<\/p>\n\n\n\n<p>Depay est\u00e1 fora desde 10 de setembro, quando deixou o campo ainda no primeiro tempo contra o Athletico-PR, pela Copa do Brasil. O diagn\u00f3stico foi de edema na coxa, e ele n\u00e3o tem treinado com bola com o restante do elenco.<\/p>\n\n\n\n<p>Nesta quarta-feira (24 de setembro), o Corinthians retomou as atividades no CT Joaquim Grava. Depay e o volante Charles seguiram fora dos treinos coletivos e permaneceram sob os cuidados do departamento m\u00e9dico.<\/p>\n\n\n\n<p>Segundo nota oficial do clube, a sess\u00e3o foi dividida em tr\u00eas etapas. Primeiro, exerc\u00edcios de for\u00e7a e explos\u00e3o com mobilidade. Depois, enfrentamentos em campo reduzido, com duelos de um contra um e dois contra dois. Por fim, trabalhos de transi\u00e7\u00e3o em cen\u00e1rios de igualdade e inferioridade num\u00e9rica.<\/p>\n\n\n\n<p>O departamento m\u00e9dico monitora quatro atletas: Depay, com edema na coxa, e Charles, com dores no joelho, seguem sem prazo de retorno. Andr\u00e9 Carrillo e Rodrigo Garro tamb\u00e9m est\u00e3o lesionados. Garro teve les\u00e3o de grau 2 na panturrilha direita e sentiu dores durante o aquecimento contra o <a href=\"https:\/\/www.gaveanews.com\/index.php\/category\/brasileirao\/fluminense\/\" target=\"_blank\" rel=\"noopener noreferrer\">Fluminense<\/a>, em 13 de setembro. Carrillo est\u00e1 sem condi\u00e7\u00f5es desde 7 de agosto por les\u00e3o no tornozelo. J\u00e1 Luiz Gustavo Bahia, de 19 anos, trata de um edema no tornozelo esquerdo.<\/p>\n\n\n\n<p>Havia a expectativa de que Depay se juntasse ao grupo nesta quarta-feira, mas os \u00edndices do mapeamento indicaram que ainda n\u00e3o era o momento. A reapresenta\u00e7\u00e3o do elenco est\u00e1 marcada para quinta-feira (25 de setembro) pela manh\u00e3. O atacante tem mostrado a rotina de recupera\u00e7\u00e3o nas redes, com academia, banheira e fisioterapia.<\/p>\n\n\n\n<p>O Corinthians ocupa o 10\u00ba lugar, com 29 pontos, e vem de derrota por 1 a 0 para o Sport, na Ilha do Retiro. O Flamengo lidera o Brasileiro, com 51 pontos, um a mais que o Cruzeiro.<\/p>\n","protected":false},"excerpt":{"rendered":"<p>O Corinthians se prepara para enfrentar o Flamengo no domingo (28 de setembro), \u00e0s 20h30 (hor\u00e1rio de Bras\u00edlia), na Neo Qu\u00edmica Arena, pela 25\u00aa rodada. A presen\u00e7a de Memphis Depay \u00e9 incerta, pois o atacante ainda se recupera de um edema na parte posterior da coxa direita. Internamente, o departamento m\u00e9dico trata o caso com [&hellip;]<\/p>\n","protected":false},"author":2,"featured_media":0,"comment_status":"open","ping_status":"open","sticky":false,"template":"","format":"standard","meta":{"footnotes":""},"categories":[14],"tags":[],"class_list":{"0":"post-1944","1":"post","2":"type-post","3":"status-publish","4":"format-standard","6":"category-corinthians"},"yoast_head":"<!-- This site is optimized with the Yoast SEO plugin v26.0 - https:\/\/yoast.com\/wordpress\/plugins\/seo\/ -->\n<title>Dorival pode ter desfalque de peso para Corinthians x Flamengo - G\u00e1vea News<\/title>\n<meta name=\"robots\" content=\"index, follow, max-snippet:-1, max-image-preview:large, max-video-preview:-1\" \/>\n<link rel=\"canonical\" href=\"https:\/\/www.gaveanews.com\/noticias\/dorival-pode-ter-desfalque-de-peso-para-corinthians-x-flamengo\/\" \/>\n<meta property=\"og:locale\" content=\"pt_BR\" \/>\n<meta property=\"og:type\" content=\"article\" \/>\n<meta property=\"og:title\" content=\"Dorival pode ter desfalque de peso para Corinthians x Flamengo - G\u00e1vea News\" \/>\n<meta property=\"og:description\" content=\"O Corinthians se prepara para enfrentar o Flamengo no domingo (28 de setembro), \u00e0s 20h30 (hor\u00e1rio de Bras\u00edlia), na Neo Qu\u00edmica Arena, pela 25\u00aa rodada. A presen\u00e7a de Memphis Depay \u00e9 incerta, pois o atacante ainda se recupera de um edema na parte posterior da coxa direita. Internamente, o departamento m\u00e9dico trata o caso com [&hellip;]\" \/>\n<meta property=\"og:url\" content=\"https:\/\/www.gaveanews.com\/noticias\/dorival-pode-ter-desfalque-de-peso-para-corinthians-x-flamengo\/\" \/>\n<meta property=\"og:site_name\" content=\"G\u00e1vea News\" \/>\n<meta property=\"article:published_time\" content=\"2025-09-25T04:29:05+00:00\" \/>\n<meta property=\"article:modified_time\" content=\"2025-09-25T04:29:07+00:00\" \/>\n<meta property=\"og:image\" content=\"https:\/\/www.gaveanews.com\/noticias\/wp-content\/uploads\/2025\/09\/Dorival-Junior-durante-treino-do-Corinthians.webp\" \/>\n\t<meta property=\"og:image:width\" content=\"1200\" \/>\n\t<meta property=\"og:image:height\" content=\"675\" \/>\n\t<meta property=\"og:image:type\" content=\"image\/webp\" \/>\n<meta name=\"author\" content=\"Reda\u00e7\u00e3o\" \/>\n<meta name=\"twitter:card\" content=\"summary_large_image\" \/>\n<meta name=\"twitter:label1\" content=\"Escrito por\" \/>\n\t<meta name=\"twitter:data1\" content=\"Reda\u00e7\u00e3o\" \/>\n\t<meta name=\"twitter:label2\" content=\"Est. tempo de leitura\" \/>\n\t<meta name=\"twitter:data2\" content=\"2 minutos\" \/>\n<script type=\"application\/ld+json\" class=\"yoast-schema-graph\">{\"@context\":\"https:\/\/schema.org\",\"@graph\":[{\"@type\":\"WebPage\",\"@id\":\"https:\/\/www.gaveanews.com\/noticias\/dorival-pode-ter-desfalque-de-peso-para-corinthians-x-flamengo\/\",\"url\":\"https:\/\/www.gaveanews.com\/noticias\/dorival-pode-ter-desfalque-de-peso-para-corinthians-x-flamengo\/\",\"name\":\"Dorival pode ter desfalque de peso para Corinthians x Flamengo - G\u00e1vea News\",\"isPartOf\":{\"@id\":\"https:\/\/www.gaveanews.com\/noticias\/#website\"},\"datePublished\":\"2025-09-25T04:29:05+00:00\",\"dateModified\":\"2025-09-25T04:29:07+00:00\",\"author\":{\"@id\":\"https:\/\/www.gaveanews.com\/noticias\/#\/schema\/person\/489b72d06548fd354568004c62ca4bc1\"},\"breadcrumb\":{\"@id\":\"https:\/\/www.gaveanews.com\/noticias\/dorival-pode-ter-desfalque-de-peso-para-corinthians-x-flamengo\/#breadcrumb\"},\"inLanguage\":\"pt-BR\",\"potentialAction\":[{\"@type\":\"ReadAction\",\"target\":[\"https:\/\/www.gaveanews.com\/noticias\/dorival-pode-ter-desfalque-de-peso-para-corinthians-x-flamengo\/\"]}]},{\"@type\":\"BreadcrumbList\",\"@id\":\"https:\/\/www.gaveanews.com\/noticias\/dorival-pode-ter-desfalque-de-peso-para-corinthians-x-flamengo\/#breadcrumb\",\"itemListElement\":[{\"@type\":\"ListItem\",\"position\":1,\"name\":\"In\u00edcio\",\"item\":\"https:\/\/www.gaveanews.com\/noticias\/\"},{\"@type\":\"ListItem\",\"position\":2,\"name\":\"Dorival pode ter desfalque de peso para Corinthians x Flamengo\"}]},{\"@type\":\"WebSite\",\"@id\":\"https:\/\/www.gaveanews.com\/noticias\/#website\",\"url\":\"https:\/\/www.gaveanews.com\/noticias\/\",\"name\":\"G\u00e1vea News\",\"description\":\"Veja todas as not\u00edcias sobre o Flamengo: Contrata\u00e7\u00f5es, categorias de base, resultados das partidas, tabela de classifica\u00e7\u00e3o, pr\u00f3ximos jogos!\",\"potentialAction\":[{\"@type\":\"SearchAction\",\"target\":{\"@type\":\"EntryPoint\",\"urlTemplate\":\"https:\/\/www.gaveanews.com\/noticias\/?s={search_term_string}\"},\"query-input\":{\"@type\":\"PropertyValueSpecification\",\"valueRequired\":true,\"valueName\":\"search_term_string\"}}],\"inLanguage\":\"pt-BR\"},{\"@type\":\"Person\",\"@id\":\"https:\/\/www.gaveanews.com\/noticias\/#\/schema\/person\/489b72d06548fd354568004c62ca4bc1\",\"name\":\"Reda\u00e7\u00e3o\",\"image\":{\"@type\":\"ImageObject\",\"inLanguage\":\"pt-BR\",\"@id\":\"https:\/\/www.gaveanews.com\/noticias\/#\/schema\/person\/image\/\",\"url\":\"https:\/\/secure.gravatar.com\/avatar\/e24cd6b1ffde8ab6db89abab880adb7fde7c16ac20ab0680f85dd546b7855e3f?s=96&d=mm&r=g\",\"contentUrl\":\"https:\/\/secure.gravatar.com\/avatar\/e24cd6b1ffde8ab6db89abab880adb7fde7c16ac20ab0680f85dd546b7855e3f?s=96&d=mm&r=g\",\"caption\":\"Reda\u00e7\u00e3o\"},\"url\":\"https:\/\/www.gaveanews.com\/noticias\/author\/redacao\/\"}]}<\/script>\n<!-- \/ Yoast SEO plugin. -->","yoast_head_json":{"title":"Dorival pode ter desfalque de peso para Corinthians x Flamengo - G\u00e1vea News","robots":{"index":"index","follow":"follow","max-snippet":"max-snippet:-1","max-image-preview":"max-image-preview:large","max-video-preview":"max-video-preview:-1"},"canonical":"https:\/\/www.gaveanews.com\/noticias\/dorival-pode-ter-desfalque-de-peso-para-corinthians-x-flamengo\/","og_locale":"pt_BR","og_type":"article","og_title":"Dorival pode ter desfalque de peso para Corinthians x Flamengo - G\u00e1vea News","og_description":"O Corinthians se prepara para enfrentar o Flamengo no domingo (28 de setembro), \u00e0s 20h30 (hor\u00e1rio de Bras\u00edlia), na Neo Qu\u00edmica Arena, pela 25\u00aa rodada. A presen\u00e7a de Memphis Depay \u00e9 incerta, pois o atacante ainda se recupera de um edema na parte posterior da coxa direita. Internamente, o departamento m\u00e9dico trata o caso com [&hellip;]","og_url":"https:\/\/www.gaveanews.com\/noticias\/dorival-pode-ter-desfalque-de-peso-para-corinthians-x-flamengo\/","og_site_name":"G\u00e1vea News","article_published_time":"2025-09-25T04:29:05+00:00","article_modified_time":"2025-09-25T04:29:07+00:00","og_image":[{"width":1200,"height":675,"url":"https:\/\/www.gaveanews.com\/noticias\/wp-content\/uploads\/2025\/09\/Dorival-Junior-durante-treino-do-Corinthians.webp","type":"image\/webp"}],"author":"Reda\u00e7\u00e3o","twitter_card":"summary_large_image","twitter_misc":{"Escrito por":"Reda\u00e7\u00e3o","Est. tempo de leitura":"2 minutos"},"schema":{"@context":"https:\/\/schema.org","@graph":[{"@type":"WebPage","@id":"https:\/\/www.gaveanews.com\/noticias\/dorival-pode-ter-desfalque-de-peso-para-corinthians-x-flamengo\/","url":"https:\/\/www.gaveanews.com\/noticias\/dorival-pode-ter-desfalque-de-peso-para-corinthians-x-flamengo\/","name":"Dorival pode ter desfalque de peso para Corinthians x Flamengo - G\u00e1vea News","isPartOf":{"@id":"https:\/\/www.gaveanews.com\/noticias\/#website"},"datePublished":"2025-09-25T04:29:05+00:00","dateModified":"2025-09-25T04:29:07+00:00","author":{"@id":"https:\/\/www.gaveanews.com\/noticias\/#\/schema\/person\/489b72d06548fd354568004c62ca4bc1"},"breadcrumb":{"@id":"https:\/\/www.gaveanews.com\/noticias\/dorival-pode-ter-desfalque-de-peso-para-corinthians-x-flamengo\/#breadcrumb"},"inLanguage":"pt-BR","potentialAction":[{"@type":"ReadAction","target":["https:\/\/www.gaveanews.com\/noticias\/dorival-pode-ter-desfalque-de-peso-para-corinthians-x-flamengo\/"]}]},{"@type":"BreadcrumbList","@id":"https:\/\/www.gaveanews.com\/noticias\/dorival-pode-ter-desfalque-de-peso-para-corinthians-x-flamengo\/#breadcrumb","itemListElement":[{"@type":"ListItem","position":1,"name":"In\u00edcio","item":"https:\/\/www.gaveanews.com\/noticias\/"},{"@type":"ListItem","position":2,"name":"Dorival pode ter desfalque de peso para Corinthians x Flamengo"}]},{"@type":"WebSite","@id":"https:\/\/www.gaveanews.com\/noticias\/#website","url":"https:\/\/www.gaveanews.com\/noticias\/","name":"G\u00e1vea News","description":"Veja todas as not\u00edcias sobre o Flamengo: Contrata\u00e7\u00f5es, categorias de base, resultados das partidas, tabela de classifica\u00e7\u00e3o, pr\u00f3ximos jogos!","potentialAction":[{"@type":"SearchAction","target":{"@type":"EntryPoint","urlTemplate":"https:\/\/www.gaveanews.com\/noticias\/?s={search_term_string}"},"query-input":{"@type":"PropertyValueSpecification","valueRequired":true,"valueName":"search_term_string"}}],"inLanguage":"pt-BR"},{"@type":"Person","@id":"https:\/\/www.gaveanews.com\/noticias\/#\/schema\/person\/489b72d06548fd354568004c62ca4bc1","name":"Reda\u00e7\u00e3o","image":{"@type":"ImageObject","inLanguage":"pt-BR","@id":"https:\/\/www.gaveanews.com\/noticias\/#\/schema\/person\/image\/","url":"https:\/\/secure.gravatar.com\/avatar\/e24cd6b1ffde8ab6db89abab880adb7fde7c16ac20ab0680f85dd546b7855e3f?s=96&d=mm&r=g","contentUrl":"https:\/\/secure.gravatar.com\/avatar\/e24cd6b1ffde8ab6db89abab880adb7fde7c16ac20ab0680f85dd546b7855e3f?s=96&d=mm&r=g","caption":"Reda\u00e7\u00e3o"},"url":"https:\/\/www.gaveanews.com\/noticias\/author\/redacao\/"}]}},"_links":{"self":[{"href":"https:\/\/www.gaveanews.com\/noticias\/wp-json\/wp\/v2\/posts\/1944","targetHints":{"allow":["GET"]}}],"collection":[{"href":"https:\/\/www.gaveanews.com\/noticias\/wp-json\/wp\/v2\/posts"}],"about":[{"href":"https:\/\/www.gaveanews.com\/noticias\/wp-json\/wp\/v2\/types\/post"}],"author":[{"embeddable":true,"href":"https:\/\/www.gaveanews.com\/noticias\/wp-json\/wp\/v2\/users\/2"}],"replies":[{"embeddable":true,"href":"https:\/\/www.gaveanews.com\/noticias\/wp-json\/wp\/v2\/comments?post=1944"}],"version-history":[{"count":0,"href":"https:\/\/www.gaveanews.com\/noticias\/wp-json\/wp\/v2\/posts\/1944\/revisions"}],"wp:attachment":[{"href":"https:\/\/www.gaveanews.com\/noticias\/wp-json\/wp\/v2\/media?parent=1944"}],"wp:term":[{"taxonomy":"category","embeddable":true,"href":"https:\/\/www.gaveanews.com\/noticias\/wp-json\/wp\/v2\/categories?post=1944"},{"taxonomy":"post_tag","embeddable":true,"href":"https:\/\/www.gaveanews.com\/noticias\/wp-json\/wp\/v2\/tags?post=1944"}],"curies":[{"name":"wp","href":"https:\/\/api.w.org\/{rel}","templated":true}]}}