{"id":2336,"date":"2025-09-29T12:55:00","date_gmt":"2025-09-29T15:55:00","guid":{"rendered":"https:\/\/www.gaveanews.com\/noticias\/?p=2336"},"modified":"2025-09-29T13:03:44","modified_gmt":"2025-09-29T16:03:44","slug":"sampaoli-pede-contratacao-de-craque-do-cruzeiro-para-o-atletico-mg","status":"publish","type":"post","link":"https:\/\/www.gaveanews.com\/noticias\/sampaoli-pede-contratacao-de-craque-do-cruzeiro-para-o-atletico-mg\/","title":{"rendered":"Sampaoli pede contrata\u00e7\u00e3o de craque do Cruzeiro para o Atl\u00e9tico-MG"},"content":{"rendered":"<p data-start=\"70\" data-end=\"508\">Jorge Sampaoli, t\u00e9cnico do Atl\u00e9tico-MG, iniciou seu planejamento para a pr\u00f3xima temporada com exig\u00eancias diretas \u00e0 diretoria. Segundo informa\u00e7\u00f5es do portal &#8216;<em data-start=\"256\" data-end=\"263\">O Dia&#8217;<\/em>, o argentino solicitou as contrata\u00e7\u00f5es de dois atletas com os quais trabalhou no <a href=\"https:\/\/www.gaveanews.com\/index.php\/category\/brasileirao\/flamengo\/\" target=\"_blank\" rel=\"noopener\">Flamengo<\/a> em 2023: Gabigol, do Cruzeiro, e Allan, que segue vinculado ao Rubro-Negro.<\/p>\n<p data-start=\"556\" data-end=\"958\">Gabriel Barbosa est\u00e1 em sua primeira temporada pelo clube celeste. Com contrato v\u00e1lido at\u00e9 dezembro de 2028, o atacante disputou 36 partidas em 2025, sendo titular em 18 delas.<\/p>\n<p data-start=\"556\" data-end=\"958\">No per\u00edodo, marcou 12 gols e deu quatro assist\u00eancias, tornando-se o segundo atleta com mais participa\u00e7\u00f5es em gols do elenco mineiro no ano. N\u00fameros esses que n\u00e3o lhe garantem titularidade na equipe celeste.<\/p>\n<p data-start=\"960\" data-end=\"1529\">No entanto, apesar da reserva sob o comando de Leonardo Jardim, Gabigol tem mantido postura profissional. O treinador portugu\u00eas destacou sua surpresa positiva com o comportamento do jogador fora das quatro linhas.<\/p>\n<p data-start=\"960\" data-end=\"1529\">\u201cVamos tirar o lado jogador, n\u00e3o vamos falar da qualidade dele, que todos j\u00e1 sabem. Fora do contexto de jogo, ele tem me surpreendido por um lado positivo, pela sua camaradagem em rela\u00e7\u00e3o ao grupo, pela sua atitude, pelos seus princ\u00edpios de vida\u201d, disse.<\/p>\n<h2 data-start=\"960\" data-end=\"1529\">Allan no Flamengo<\/h2>\n<p data-start=\"1531\" data-end=\"1959\">J\u00e1 Allan permanece no Flamengo e vem sendo mais utilizado por Filipe Lu\u00eds. Apesar de n\u00e3o ter se firmado na titularidade, o volante atuou 35 vezes na temporada e \u00e9 pe\u00e7a de confian\u00e7a do comandante.<\/p>\n<p data-start=\"1531\" data-end=\"1959\">O treinador rubro-negro deseja manter o jogador no elenco e, segundo apura\u00e7\u00f5es, s\u00f3 aceitar\u00e1 negociar mediante uma proposta considerada atrativa.<\/p>\n<h3 data-start=\"1961\" data-end=\"2005\">Situa\u00e7\u00e3o contratual e valores de mercado<\/h3>\n<p data-start=\"2007\" data-end=\"2324\">Gabigol, de 28 anos, \u00e9 avaliado em aproximadamente 5 milh\u00f5es de euros (cerca de R$ 31 milh\u00f5es), segundo o site Transfermarkt. O atacante se notabilizou nos \u00faltimos anos como protagonista em conquistas importantes pelo Flamengo, com 161 gols em 308 jogos e 13 t\u00edtulos no curr\u00edculo.<\/p>\n<p data-start=\"2326\" data-end=\"2635\">Allan, por sua vez, tem contrato com o Flamengo at\u00e9 o fim de 2027 e valor de mercado estimado em 4 milh\u00f5es de euros (R$ 24 milh\u00f5es). Ele viveu seu melhor momento sob o comando de Sampaoli no pr\u00f3prio Atl\u00e9tico-MG, onde se destacou antes de ser negociado com o clube carioca.<\/p>\n<p data-start=\"2652\" data-end=\"2997\" data-is-last-node=\"\" data-is-only-node=\"\">A diretoria do Atl\u00e9tico-MG ainda n\u00e3o oficializou qualquer proposta, mas os nomes indicados por Sampaoli mostram o perfil de atletas que o treinador deseja para moldar o elenco de 2026.<\/p>\n","protected":false},"excerpt":{"rendered":"<p>Jorge Sampaoli, t\u00e9cnico do Atl\u00e9tico-MG, iniciou seu planejamento para a pr\u00f3xima temporada com exig\u00eancias diretas \u00e0 diretoria. Segundo informa\u00e7\u00f5es do portal &#8216;O Dia&#8217;, o argentino solicitou as contrata\u00e7\u00f5es de dois atletas com os quais trabalhou no Flamengo em 2023: Gabigol, do Cruzeiro, e Allan, que segue vinculado ao Rubro-Negro. Gabriel Barbosa est\u00e1 em sua primeira [&hellip;]<\/p>\n","protected":false},"author":2,"featured_media":751,"comment_status":"open","ping_status":"open","sticky":false,"template":"","format":"standard","meta":{"footnotes":""},"categories":[18],"tags":[],"class_list":{"0":"post-2336","1":"post","2":"type-post","3":"status-publish","4":"format-standard","5":"has-post-thumbnail","7":"category-atletico-mg"},"yoast_head":"<!-- This site is optimized with the Yoast SEO plugin v26.0 - https:\/\/yoast.com\/wordpress\/plugins\/seo\/ -->\n<title>Sampaoli pede contrata\u00e7\u00e3o de craque do Cruzeiro para o Atl\u00e9tico-MG - G\u00e1vea News<\/title>\n<meta name=\"robots\" content=\"index, follow, max-snippet:-1, max-image-preview:large, max-video-preview:-1\" \/>\n<link rel=\"canonical\" href=\"https:\/\/www.gaveanews.com\/noticias\/sampaoli-pede-contratacao-de-craque-do-cruzeiro-para-o-atletico-mg\/\" \/>\n<meta property=\"og:locale\" content=\"pt_BR\" \/>\n<meta property=\"og:type\" content=\"article\" \/>\n<meta property=\"og:title\" content=\"Sampaoli pede contrata\u00e7\u00e3o de craque do Cruzeiro para o Atl\u00e9tico-MG - G\u00e1vea News\" \/>\n<meta property=\"og:description\" content=\"Jorge Sampaoli, t\u00e9cnico do Atl\u00e9tico-MG, iniciou seu planejamento para a pr\u00f3xima temporada com exig\u00eancias diretas \u00e0 diretoria. Segundo informa\u00e7\u00f5es do portal &#8216;O Dia&#8217;, o argentino solicitou as contrata\u00e7\u00f5es de dois atletas com os quais trabalhou no Flamengo em 2023: Gabigol, do Cruzeiro, e Allan, que segue vinculado ao Rubro-Negro. Gabriel Barbosa est\u00e1 em sua primeira [&hellip;]\" \/>\n<meta property=\"og:url\" content=\"https:\/\/www.gaveanews.com\/noticias\/sampaoli-pede-contratacao-de-craque-do-cruzeiro-para-o-atletico-mg\/\" \/>\n<meta property=\"og:site_name\" content=\"G\u00e1vea News\" \/>\n<meta property=\"article:published_time\" content=\"2025-09-29T15:55:00+00:00\" \/>\n<meta property=\"article:modified_time\" content=\"2025-09-29T16:03:44+00:00\" \/>\n<meta property=\"og:image\" content=\"https:\/\/www.gaveanews.com\/noticias\/wp-content\/uploads\/2025\/09\/Jorge-Sampaoli-em-seu-retorno-ao-Atletico.jpg\" \/>\n\t<meta property=\"og:image:width\" content=\"1280\" \/>\n\t<meta property=\"og:image:height\" content=\"960\" \/>\n\t<meta property=\"og:image:type\" content=\"image\/jpeg\" \/>\n<meta name=\"author\" content=\"Reda\u00e7\u00e3o\" \/>\n<meta name=\"twitter:card\" content=\"summary_large_image\" \/>\n<meta name=\"twitter:label1\" content=\"Escrito por\" \/>\n\t<meta name=\"twitter:data1\" content=\"Reda\u00e7\u00e3o\" \/>\n\t<meta name=\"twitter:label2\" content=\"Est. tempo de leitura\" \/>\n\t<meta name=\"twitter:data2\" content=\"3 minutos\" \/>\n<script type=\"application\/ld+json\" class=\"yoast-schema-graph\">{\"@context\":\"https:\/\/schema.org\",\"@graph\":[{\"@type\":\"WebPage\",\"@id\":\"https:\/\/www.gaveanews.com\/noticias\/sampaoli-pede-contratacao-de-craque-do-cruzeiro-para-o-atletico-mg\/\",\"url\":\"https:\/\/www.gaveanews.com\/noticias\/sampaoli-pede-contratacao-de-craque-do-cruzeiro-para-o-atletico-mg\/\",\"name\":\"Sampaoli pede contrata\u00e7\u00e3o de craque do Cruzeiro para o Atl\u00e9tico-MG - G\u00e1vea News\",\"isPartOf\":{\"@id\":\"https:\/\/www.gaveanews.com\/noticias\/#website\"},\"primaryImageOfPage\":{\"@id\":\"https:\/\/www.gaveanews.com\/noticias\/sampaoli-pede-contratacao-de-craque-do-cruzeiro-para-o-atletico-mg\/#primaryimage\"},\"image\":{\"@id\":\"https:\/\/www.gaveanews.com\/noticias\/sampaoli-pede-contratacao-de-craque-do-cruzeiro-para-o-atletico-mg\/#primaryimage\"},\"thumbnailUrl\":\"https:\/\/www.gaveanews.com\/noticias\/wp-content\/uploads\/2025\/09\/Jorge-Sampaoli-em-seu-retorno-ao-Atletico.jpg\",\"datePublished\":\"2025-09-29T15:55:00+00:00\",\"dateModified\":\"2025-09-29T16:03:44+00:00\",\"author\":{\"@id\":\"https:\/\/www.gaveanews.com\/noticias\/#\/schema\/person\/489b72d06548fd354568004c62ca4bc1\"},\"breadcrumb\":{\"@id\":\"https:\/\/www.gaveanews.com\/noticias\/sampaoli-pede-contratacao-de-craque-do-cruzeiro-para-o-atletico-mg\/#breadcrumb\"},\"inLanguage\":\"pt-BR\",\"potentialAction\":[{\"@type\":\"ReadAction\",\"target\":[\"https:\/\/www.gaveanews.com\/noticias\/sampaoli-pede-contratacao-de-craque-do-cruzeiro-para-o-atletico-mg\/\"]}]},{\"@type\":\"ImageObject\",\"inLanguage\":\"pt-BR\",\"@id\":\"https:\/\/www.gaveanews.com\/noticias\/sampaoli-pede-contratacao-de-craque-do-cruzeiro-para-o-atletico-mg\/#primaryimage\",\"url\":\"https:\/\/www.gaveanews.com\/noticias\/wp-content\/uploads\/2025\/09\/Jorge-Sampaoli-em-seu-retorno-ao-Atletico.jpg\",\"contentUrl\":\"https:\/\/www.gaveanews.com\/noticias\/wp-content\/uploads\/2025\/09\/Jorge-Sampaoli-em-seu-retorno-ao-Atletico.jpg\",\"width\":1280,\"height\":960,\"caption\":\"Jorge Sampaoli em seu retorno ao Atl\u00e9tico (Foto: Reprodu\u00e7\u00e3o)\"},{\"@type\":\"BreadcrumbList\",\"@id\":\"https:\/\/www.gaveanews.com\/noticias\/sampaoli-pede-contratacao-de-craque-do-cruzeiro-para-o-atletico-mg\/#breadcrumb\",\"itemListElement\":[{\"@type\":\"ListItem\",\"position\":1,\"name\":\"In\u00edcio\",\"item\":\"https:\/\/www.gaveanews.com\/noticias\/\"},{\"@type\":\"ListItem\",\"position\":2,\"name\":\"Sampaoli pede contrata\u00e7\u00e3o de craque do Cruzeiro para o Atl\u00e9tico-MG\"}]},{\"@type\":\"WebSite\",\"@id\":\"https:\/\/www.gaveanews.com\/noticias\/#website\",\"url\":\"https:\/\/www.gaveanews.com\/noticias\/\",\"name\":\"G\u00e1vea News\",\"description\":\"Veja todas as not\u00edcias sobre o Flamengo: Contrata\u00e7\u00f5es, categorias de base, resultados das partidas, tabela de classifica\u00e7\u00e3o, pr\u00f3ximos jogos!\",\"potentialAction\":[{\"@type\":\"SearchAction\",\"target\":{\"@type\":\"EntryPoint\",\"urlTemplate\":\"https:\/\/www.gaveanews.com\/noticias\/?s={search_term_string}\"},\"query-input\":{\"@type\":\"PropertyValueSpecification\",\"valueRequired\":true,\"valueName\":\"search_term_string\"}}],\"inLanguage\":\"pt-BR\"},{\"@type\":\"Person\",\"@id\":\"https:\/\/www.gaveanews.com\/noticias\/#\/schema\/person\/489b72d06548fd354568004c62ca4bc1\",\"name\":\"Reda\u00e7\u00e3o\",\"image\":{\"@type\":\"ImageObject\",\"inLanguage\":\"pt-BR\",\"@id\":\"https:\/\/www.gaveanews.com\/noticias\/#\/schema\/person\/image\/\",\"url\":\"https:\/\/secure.gravatar.com\/avatar\/e24cd6b1ffde8ab6db89abab880adb7fde7c16ac20ab0680f85dd546b7855e3f?s=96&d=mm&r=g\",\"contentUrl\":\"https:\/\/secure.gravatar.com\/avatar\/e24cd6b1ffde8ab6db89abab880adb7fde7c16ac20ab0680f85dd546b7855e3f?s=96&d=mm&r=g\",\"caption\":\"Reda\u00e7\u00e3o\"},\"url\":\"https:\/\/www.gaveanews.com\/noticias\/author\/redacao\/\"}]}<\/script>\n<!-- \/ Yoast SEO plugin. -->","yoast_head_json":{"title":"Sampaoli pede contrata\u00e7\u00e3o de craque do Cruzeiro para o Atl\u00e9tico-MG - G\u00e1vea News","robots":{"index":"index","follow":"follow","max-snippet":"max-snippet:-1","max-image-preview":"max-image-preview:large","max-video-preview":"max-video-preview:-1"},"canonical":"https:\/\/www.gaveanews.com\/noticias\/sampaoli-pede-contratacao-de-craque-do-cruzeiro-para-o-atletico-mg\/","og_locale":"pt_BR","og_type":"article","og_title":"Sampaoli pede contrata\u00e7\u00e3o de craque do Cruzeiro para o Atl\u00e9tico-MG - G\u00e1vea News","og_description":"Jorge Sampaoli, t\u00e9cnico do Atl\u00e9tico-MG, iniciou seu planejamento para a pr\u00f3xima temporada com exig\u00eancias diretas \u00e0 diretoria. Segundo informa\u00e7\u00f5es do portal &#8216;O Dia&#8217;, o argentino solicitou as contrata\u00e7\u00f5es de dois atletas com os quais trabalhou no Flamengo em 2023: Gabigol, do Cruzeiro, e Allan, que segue vinculado ao Rubro-Negro. Gabriel Barbosa est\u00e1 em sua primeira [&hellip;]","og_url":"https:\/\/www.gaveanews.com\/noticias\/sampaoli-pede-contratacao-de-craque-do-cruzeiro-para-o-atletico-mg\/","og_site_name":"G\u00e1vea News","article_published_time":"2025-09-29T15:55:00+00:00","article_modified_time":"2025-09-29T16:03:44+00:00","og_image":[{"width":1280,"height":960,"url":"https:\/\/www.gaveanews.com\/noticias\/wp-content\/uploads\/2025\/09\/Jorge-Sampaoli-em-seu-retorno-ao-Atletico.jpg","type":"image\/jpeg"}],"author":"Reda\u00e7\u00e3o","twitter_card":"summary_large_image","twitter_misc":{"Escrito por":"Reda\u00e7\u00e3o","Est. tempo de leitura":"3 minutos"},"schema":{"@context":"https:\/\/schema.org","@graph":[{"@type":"WebPage","@id":"https:\/\/www.gaveanews.com\/noticias\/sampaoli-pede-contratacao-de-craque-do-cruzeiro-para-o-atletico-mg\/","url":"https:\/\/www.gaveanews.com\/noticias\/sampaoli-pede-contratacao-de-craque-do-cruzeiro-para-o-atletico-mg\/","name":"Sampaoli pede contrata\u00e7\u00e3o de craque do Cruzeiro para o Atl\u00e9tico-MG - G\u00e1vea News","isPartOf":{"@id":"https:\/\/www.gaveanews.com\/noticias\/#website"},"primaryImageOfPage":{"@id":"https:\/\/www.gaveanews.com\/noticias\/sampaoli-pede-contratacao-de-craque-do-cruzeiro-para-o-atletico-mg\/#primaryimage"},"image":{"@id":"https:\/\/www.gaveanews.com\/noticias\/sampaoli-pede-contratacao-de-craque-do-cruzeiro-para-o-atletico-mg\/#primaryimage"},"thumbnailUrl":"https:\/\/www.gaveanews.com\/noticias\/wp-content\/uploads\/2025\/09\/Jorge-Sampaoli-em-seu-retorno-ao-Atletico.jpg","datePublished":"2025-09-29T15:55:00+00:00","dateModified":"2025-09-29T16:03:44+00:00","author":{"@id":"https:\/\/www.gaveanews.com\/noticias\/#\/schema\/person\/489b72d06548fd354568004c62ca4bc1"},"breadcrumb":{"@id":"https:\/\/www.gaveanews.com\/noticias\/sampaoli-pede-contratacao-de-craque-do-cruzeiro-para-o-atletico-mg\/#breadcrumb"},"inLanguage":"pt-BR","potentialAction":[{"@type":"ReadAction","target":["https:\/\/www.gaveanews.com\/noticias\/sampaoli-pede-contratacao-de-craque-do-cruzeiro-para-o-atletico-mg\/"]}]},{"@type":"ImageObject","inLanguage":"pt-BR","@id":"https:\/\/www.gaveanews.com\/noticias\/sampaoli-pede-contratacao-de-craque-do-cruzeiro-para-o-atletico-mg\/#primaryimage","url":"https:\/\/www.gaveanews.com\/noticias\/wp-content\/uploads\/2025\/09\/Jorge-Sampaoli-em-seu-retorno-ao-Atletico.jpg","contentUrl":"https:\/\/www.gaveanews.com\/noticias\/wp-content\/uploads\/2025\/09\/Jorge-Sampaoli-em-seu-retorno-ao-Atletico.jpg","width":1280,"height":960,"caption":"Jorge Sampaoli em seu retorno ao Atl\u00e9tico (Foto: Reprodu\u00e7\u00e3o)"},{"@type":"BreadcrumbList","@id":"https:\/\/www.gaveanews.com\/noticias\/sampaoli-pede-contratacao-de-craque-do-cruzeiro-para-o-atletico-mg\/#breadcrumb","itemListElement":[{"@type":"ListItem","position":1,"name":"In\u00edcio","item":"https:\/\/www.gaveanews.com\/noticias\/"},{"@type":"ListItem","position":2,"name":"Sampaoli pede contrata\u00e7\u00e3o de craque do Cruzeiro para o Atl\u00e9tico-MG"}]},{"@type":"WebSite","@id":"https:\/\/www.gaveanews.com\/noticias\/#website","url":"https:\/\/www.gaveanews.com\/noticias\/","name":"G\u00e1vea News","description":"Veja todas as not\u00edcias sobre o Flamengo: Contrata\u00e7\u00f5es, categorias de base, resultados das partidas, tabela de classifica\u00e7\u00e3o, pr\u00f3ximos jogos!","potentialAction":[{"@type":"SearchAction","target":{"@type":"EntryPoint","urlTemplate":"https:\/\/www.gaveanews.com\/noticias\/?s={search_term_string}"},"query-input":{"@type":"PropertyValueSpecification","valueRequired":true,"valueName":"search_term_string"}}],"inLanguage":"pt-BR"},{"@type":"Person","@id":"https:\/\/www.gaveanews.com\/noticias\/#\/schema\/person\/489b72d06548fd354568004c62ca4bc1","name":"Reda\u00e7\u00e3o","image":{"@type":"ImageObject","inLanguage":"pt-BR","@id":"https:\/\/www.gaveanews.com\/noticias\/#\/schema\/person\/image\/","url":"https:\/\/secure.gravatar.com\/avatar\/e24cd6b1ffde8ab6db89abab880adb7fde7c16ac20ab0680f85dd546b7855e3f?s=96&d=mm&r=g","contentUrl":"https:\/\/secure.gravatar.com\/avatar\/e24cd6b1ffde8ab6db89abab880adb7fde7c16ac20ab0680f85dd546b7855e3f?s=96&d=mm&r=g","caption":"Reda\u00e7\u00e3o"},"url":"https:\/\/www.gaveanews.com\/noticias\/author\/redacao\/"}]}},"_links":{"self":[{"href":"https:\/\/www.gaveanews.com\/noticias\/wp-json\/wp\/v2\/posts\/2336","targetHints":{"allow":["GET"]}}],"collection":[{"href":"https:\/\/www.gaveanews.com\/noticias\/wp-json\/wp\/v2\/posts"}],"about":[{"href":"https:\/\/www.gaveanews.com\/noticias\/wp-json\/wp\/v2\/types\/post"}],"author":[{"embeddable":true,"href":"https:\/\/www.gaveanews.com\/noticias\/wp-json\/wp\/v2\/users\/2"}],"replies":[{"embeddable":true,"href":"https:\/\/www.gaveanews.com\/noticias\/wp-json\/wp\/v2\/comments?post=2336"}],"version-history":[{"count":2,"href":"https:\/\/www.gaveanews.com\/noticias\/wp-json\/wp\/v2\/posts\/2336\/revisions"}],"predecessor-version":[{"id":2360,"href":"https:\/\/www.gaveanews.com\/noticias\/wp-json\/wp\/v2\/posts\/2336\/revisions\/2360"}],"wp:featuredmedia":[{"embeddable":true,"href":"https:\/\/www.gaveanews.com\/noticias\/wp-json\/wp\/v2\/media\/751"}],"wp:attachment":[{"href":"https:\/\/www.gaveanews.com\/noticias\/wp-json\/wp\/v2\/media?parent=2336"}],"wp:term":[{"taxonomy":"category","embeddable":true,"href":"https:\/\/www.gaveanews.com\/noticias\/wp-json\/wp\/v2\/categories?post=2336"},{"taxonomy":"post_tag","embeddable":true,"href":"https:\/\/www.gaveanews.com\/noticias\/wp-json\/wp\/v2\/tags?post=2336"}],"curies":[{"name":"wp","href":"https:\/\/api.w.org\/{rel}","templated":true}]}}