{"id":2959,"date":"2025-10-03T17:00:00","date_gmt":"2025-10-03T20:00:00","guid":{"rendered":"https:\/\/www.gaveanews.com\/noticias\/?p=2959"},"modified":"2025-10-03T16:05:56","modified_gmt":"2025-10-03T19:05:56","slug":"real-madrid-a-declaracao-de-xabi-alonso-direcionada-a-rodrygo-e-valverde","status":"publish","type":"post","link":"https:\/\/www.gaveanews.com\/noticias\/real-madrid-a-declaracao-de-xabi-alonso-direcionada-a-rodrygo-e-valverde\/","title":{"rendered":"Real Madrid: a declara\u00e7\u00e3o de Xabi Alonso direcionada a Rodrygo e Valverde"},"content":{"rendered":"\n<p>O in\u00edcio de temporada de Xabi Alonso no comando do Real Madrid tem sido marcado por ru\u00eddos internos, especialmente envolvendo dois nomes importantes do elenco: Federico Valverde e Rodrygo. As recentes decis\u00f5es do t\u00e9cnico espanhol despertaram aten\u00e7\u00e3o e provocaram rea\u00e7\u00f5es dentro e fora do vesti\u00e1rio.<\/p>\n\n\n\n<p>Valverde, que assumiu a bra\u00e7adeira de capit\u00e3o em diversas partidas, foi um dos ausentes no confronto contra o Kairat Almaty, pela fase de grupos da Liga dos Campe\u00f5es, na ter\u00e7a-feira (30 de setembro). O uruguaio n\u00e3o entrou em campo na goleada por 5 a 0, o que gerou especula\u00e7\u00f5es sobre um poss\u00edvel desconforto com a comiss\u00e3o t\u00e9cnica. A aus\u00eancia veio um dia ap\u00f3s o meio-campista expressar publicamente sua insatisfa\u00e7\u00e3o em atuar improvisado na lateral-direita.<\/p>\n\n\n\n<p>&#8220;Jogar como lateral-direito? N\u00e3o nasci para jogar como lateral, n\u00e3o cresci aprendendo essa posi\u00e7\u00e3o. Aconteceu de repente, jogar bem me encheu de orgulho. Eu tinha d\u00favidas se talvez tivesse tido sorte nesses jogos&#8221;, declarou Valverde durante a entrevista coletiva pr\u00e9-jogo.<\/p>\n\n\n\n<p>Diante da repercuss\u00e3o negativa, o jogador recorreu \u00e0s redes sociais para reafirmar seu comprometimento com o clube e negar qualquer recusa em jogar: &#8220;Li v\u00e1rios artigos que me causaram danos. Sei que fiz jogos ruins, tenho consci\u00eancia disso. N\u00e3o me escondo e dou a cara. Realmente estou triste. De mim podem dizer muitas coisas, mas em hip\u00f3tese alguma podem dizer que me recuso a jogar&#8221;.<\/p>\n\n\n\n<p>Xabi Alonso, por sua vez, minimizou o epis\u00f3dio ao justificar a decis\u00e3o t\u00e9cnica pela n\u00e3o utiliza\u00e7\u00e3o do uruguaio na partida. \u201c\u00c9 uma decis\u00e3o que j\u00e1 estava tomada. Fede est\u00e1 sempre pronto, sempre com boa disposi\u00e7\u00e3o. Se o jogo exigisse, ele teria jogado\u201d, explicou o treinador, acrescentando que situa\u00e7\u00f5es como essa fazem parte da gest\u00e3o do elenco.<\/p>\n\n\n\n<p>Al\u00e9m de Valverde, o t\u00e9cnico tamb\u00e9m abordou a situa\u00e7\u00e3o de Rodrygo, que, conforme noticiado, teria solicitado para atuar preferencialmente pelo lado esquerdo do ataque. Xabi, entretanto, rebateu qualquer ind\u00edcio de insubordina\u00e7\u00e3o. \u201cNenhum jogador jamais me disse que n\u00e3o queria jogar em determinada posi\u00e7\u00e3o. Nem ele, nem o Rodrygo. Isso nunca aconteceu. Todos est\u00e3o muito dispostos, e a\u00ed eu decido com base no que \u00e9 melhor para o time\u201d, afirmou o espanhol de maneira direta.<\/p>\n\n\n\n<p>Embora a imprensa espanhola tenha alimentado rumores sobre um clima de instabilidade, o t\u00e9cnico refor\u00e7ou sua confian\u00e7a no elenco. \u201cTemos a sorte de passar muito tempo juntos, conversar bastante e corrigir as coisas. A equipe \u00e9 o mais importante, e todos ser\u00e3o importantes e ter\u00e3o o seu momento\u201d, pontuou Xabi Alonso.<\/p>\n\n\n\n<p>Atualmente, o Real Madrid ocupa posi\u00e7\u00e3o de destaque nas competi\u00e7\u00f5es que disputa, mas os desafios na gest\u00e3o de grupo seguem exigindo habilidade do treinador, que ainda busca consolidar sua lideran\u00e7a no vesti\u00e1rio merengue.<\/p>\n","protected":false},"excerpt":{"rendered":"<p>O in\u00edcio de temporada de Xabi Alonso no comando do Real Madrid tem sido marcado por ru\u00eddos internos, especialmente envolvendo dois nomes importantes do elenco: Federico Valverde e Rodrygo. As recentes decis\u00f5es do t\u00e9cnico espanhol despertaram aten\u00e7\u00e3o e provocaram rea\u00e7\u00f5es dentro e fora do vesti\u00e1rio. Valverde, que assumiu a bra\u00e7adeira de capit\u00e3o em diversas partidas, [&hellip;]<\/p>\n","protected":false},"author":2,"featured_media":1962,"comment_status":"open","ping_status":"open","sticky":false,"template":"","format":"standard","meta":{"footnotes":""},"categories":[16],"tags":[],"class_list":{"0":"post-2959","1":"post","2":"type-post","3":"status-publish","4":"format-standard","5":"has-post-thumbnail","7":"category-futebol"},"yoast_head":"<!-- This site is optimized with the Yoast SEO plugin v26.0 - https:\/\/yoast.com\/wordpress\/plugins\/seo\/ -->\n<title>Real Madrid: a declara\u00e7\u00e3o de Xabi Alonso direcionada a Rodrygo e Valverde - G\u00e1vea News<\/title>\n<meta name=\"robots\" content=\"index, follow, max-snippet:-1, max-image-preview:large, max-video-preview:-1\" \/>\n<link rel=\"canonical\" href=\"https:\/\/www.gaveanews.com\/noticias\/real-madrid-a-declaracao-de-xabi-alonso-direcionada-a-rodrygo-e-valverde\/\" \/>\n<meta property=\"og:locale\" content=\"pt_BR\" \/>\n<meta property=\"og:type\" content=\"article\" \/>\n<meta property=\"og:title\" content=\"Real Madrid: a declara\u00e7\u00e3o de Xabi Alonso direcionada a Rodrygo e Valverde - G\u00e1vea News\" \/>\n<meta property=\"og:description\" content=\"O in\u00edcio de temporada de Xabi Alonso no comando do Real Madrid tem sido marcado por ru\u00eddos internos, especialmente envolvendo dois nomes importantes do elenco: Federico Valverde e Rodrygo. As recentes decis\u00f5es do t\u00e9cnico espanhol despertaram aten\u00e7\u00e3o e provocaram rea\u00e7\u00f5es dentro e fora do vesti\u00e1rio. Valverde, que assumiu a bra\u00e7adeira de capit\u00e3o em diversas partidas, [&hellip;]\" \/>\n<meta property=\"og:url\" content=\"https:\/\/www.gaveanews.com\/noticias\/real-madrid-a-declaracao-de-xabi-alonso-direcionada-a-rodrygo-e-valverde\/\" \/>\n<meta property=\"og:site_name\" content=\"G\u00e1vea News\" \/>\n<meta property=\"article:published_time\" content=\"2025-10-03T20:00:00+00:00\" \/>\n<meta property=\"og:image\" content=\"https:\/\/www.gaveanews.com\/noticias\/wp-content\/uploads\/2025\/09\/Xabi-Alonso.png\" \/>\n\t<meta property=\"og:image:width\" content=\"1200\" \/>\n\t<meta property=\"og:image:height\" content=\"900\" \/>\n\t<meta property=\"og:image:type\" content=\"image\/png\" \/>\n<meta name=\"author\" content=\"Reda\u00e7\u00e3o\" \/>\n<meta name=\"twitter:card\" content=\"summary_large_image\" \/>\n<meta name=\"twitter:label1\" content=\"Escrito por\" \/>\n\t<meta name=\"twitter:data1\" content=\"Reda\u00e7\u00e3o\" \/>\n\t<meta name=\"twitter:label2\" content=\"Est. tempo de leitura\" \/>\n\t<meta name=\"twitter:data2\" content=\"3 minutos\" \/>\n<script type=\"application\/ld+json\" class=\"yoast-schema-graph\">{\"@context\":\"https:\/\/schema.org\",\"@graph\":[{\"@type\":\"WebPage\",\"@id\":\"https:\/\/www.gaveanews.com\/noticias\/real-madrid-a-declaracao-de-xabi-alonso-direcionada-a-rodrygo-e-valverde\/\",\"url\":\"https:\/\/www.gaveanews.com\/noticias\/real-madrid-a-declaracao-de-xabi-alonso-direcionada-a-rodrygo-e-valverde\/\",\"name\":\"Real Madrid: a declara\u00e7\u00e3o de Xabi Alonso direcionada a Rodrygo e Valverde - G\u00e1vea News\",\"isPartOf\":{\"@id\":\"https:\/\/www.gaveanews.com\/noticias\/#website\"},\"primaryImageOfPage\":{\"@id\":\"https:\/\/www.gaveanews.com\/noticias\/real-madrid-a-declaracao-de-xabi-alonso-direcionada-a-rodrygo-e-valverde\/#primaryimage\"},\"image\":{\"@id\":\"https:\/\/www.gaveanews.com\/noticias\/real-madrid-a-declaracao-de-xabi-alonso-direcionada-a-rodrygo-e-valverde\/#primaryimage\"},\"thumbnailUrl\":\"https:\/\/www.gaveanews.com\/noticias\/wp-content\/uploads\/2025\/09\/Xabi-Alonso.png\",\"datePublished\":\"2025-10-03T20:00:00+00:00\",\"author\":{\"@id\":\"https:\/\/www.gaveanews.com\/noticias\/#\/schema\/person\/489b72d06548fd354568004c62ca4bc1\"},\"breadcrumb\":{\"@id\":\"https:\/\/www.gaveanews.com\/noticias\/real-madrid-a-declaracao-de-xabi-alonso-direcionada-a-rodrygo-e-valverde\/#breadcrumb\"},\"inLanguage\":\"pt-BR\",\"potentialAction\":[{\"@type\":\"ReadAction\",\"target\":[\"https:\/\/www.gaveanews.com\/noticias\/real-madrid-a-declaracao-de-xabi-alonso-direcionada-a-rodrygo-e-valverde\/\"]}]},{\"@type\":\"ImageObject\",\"inLanguage\":\"pt-BR\",\"@id\":\"https:\/\/www.gaveanews.com\/noticias\/real-madrid-a-declaracao-de-xabi-alonso-direcionada-a-rodrygo-e-valverde\/#primaryimage\",\"url\":\"https:\/\/www.gaveanews.com\/noticias\/wp-content\/uploads\/2025\/09\/Xabi-Alonso.png\",\"contentUrl\":\"https:\/\/www.gaveanews.com\/noticias\/wp-content\/uploads\/2025\/09\/Xabi-Alonso.png\",\"width\":1200,\"height\":900,\"caption\":\"Xabi Alonso (Foto: Reprodu\u00e7\u00e3o\/Instagram Real Madrid)\"},{\"@type\":\"BreadcrumbList\",\"@id\":\"https:\/\/www.gaveanews.com\/noticias\/real-madrid-a-declaracao-de-xabi-alonso-direcionada-a-rodrygo-e-valverde\/#breadcrumb\",\"itemListElement\":[{\"@type\":\"ListItem\",\"position\":1,\"name\":\"In\u00edcio\",\"item\":\"https:\/\/www.gaveanews.com\/noticias\/\"},{\"@type\":\"ListItem\",\"position\":2,\"name\":\"Real Madrid: a declara\u00e7\u00e3o de Xabi Alonso direcionada a Rodrygo e Valverde\"}]},{\"@type\":\"WebSite\",\"@id\":\"https:\/\/www.gaveanews.com\/noticias\/#website\",\"url\":\"https:\/\/www.gaveanews.com\/noticias\/\",\"name\":\"G\u00e1vea News\",\"description\":\"Veja todas as not\u00edcias sobre o Flamengo: Contrata\u00e7\u00f5es, categorias de base, resultados das partidas, tabela de classifica\u00e7\u00e3o, pr\u00f3ximos jogos!\",\"potentialAction\":[{\"@type\":\"SearchAction\",\"target\":{\"@type\":\"EntryPoint\",\"urlTemplate\":\"https:\/\/www.gaveanews.com\/noticias\/?s={search_term_string}\"},\"query-input\":{\"@type\":\"PropertyValueSpecification\",\"valueRequired\":true,\"valueName\":\"search_term_string\"}}],\"inLanguage\":\"pt-BR\"},{\"@type\":\"Person\",\"@id\":\"https:\/\/www.gaveanews.com\/noticias\/#\/schema\/person\/489b72d06548fd354568004c62ca4bc1\",\"name\":\"Reda\u00e7\u00e3o\",\"image\":{\"@type\":\"ImageObject\",\"inLanguage\":\"pt-BR\",\"@id\":\"https:\/\/www.gaveanews.com\/noticias\/#\/schema\/person\/image\/\",\"url\":\"https:\/\/secure.gravatar.com\/avatar\/e24cd6b1ffde8ab6db89abab880adb7fde7c16ac20ab0680f85dd546b7855e3f?s=96&d=mm&r=g\",\"contentUrl\":\"https:\/\/secure.gravatar.com\/avatar\/e24cd6b1ffde8ab6db89abab880adb7fde7c16ac20ab0680f85dd546b7855e3f?s=96&d=mm&r=g\",\"caption\":\"Reda\u00e7\u00e3o\"},\"url\":\"https:\/\/www.gaveanews.com\/noticias\/author\/redacao\/\"}]}<\/script>\n<!-- \/ Yoast SEO plugin. -->","yoast_head_json":{"title":"Real Madrid: a declara\u00e7\u00e3o de Xabi Alonso direcionada a Rodrygo e Valverde - G\u00e1vea News","robots":{"index":"index","follow":"follow","max-snippet":"max-snippet:-1","max-image-preview":"max-image-preview:large","max-video-preview":"max-video-preview:-1"},"canonical":"https:\/\/www.gaveanews.com\/noticias\/real-madrid-a-declaracao-de-xabi-alonso-direcionada-a-rodrygo-e-valverde\/","og_locale":"pt_BR","og_type":"article","og_title":"Real Madrid: a declara\u00e7\u00e3o de Xabi Alonso direcionada a Rodrygo e Valverde - G\u00e1vea News","og_description":"O in\u00edcio de temporada de Xabi Alonso no comando do Real Madrid tem sido marcado por ru\u00eddos internos, especialmente envolvendo dois nomes importantes do elenco: Federico Valverde e Rodrygo. As recentes decis\u00f5es do t\u00e9cnico espanhol despertaram aten\u00e7\u00e3o e provocaram rea\u00e7\u00f5es dentro e fora do vesti\u00e1rio. Valverde, que assumiu a bra\u00e7adeira de capit\u00e3o em diversas partidas, [&hellip;]","og_url":"https:\/\/www.gaveanews.com\/noticias\/real-madrid-a-declaracao-de-xabi-alonso-direcionada-a-rodrygo-e-valverde\/","og_site_name":"G\u00e1vea News","article_published_time":"2025-10-03T20:00:00+00:00","og_image":[{"width":1200,"height":900,"url":"https:\/\/www.gaveanews.com\/noticias\/wp-content\/uploads\/2025\/09\/Xabi-Alonso.png","type":"image\/png"}],"author":"Reda\u00e7\u00e3o","twitter_card":"summary_large_image","twitter_misc":{"Escrito por":"Reda\u00e7\u00e3o","Est. tempo de leitura":"3 minutos"},"schema":{"@context":"https:\/\/schema.org","@graph":[{"@type":"WebPage","@id":"https:\/\/www.gaveanews.com\/noticias\/real-madrid-a-declaracao-de-xabi-alonso-direcionada-a-rodrygo-e-valverde\/","url":"https:\/\/www.gaveanews.com\/noticias\/real-madrid-a-declaracao-de-xabi-alonso-direcionada-a-rodrygo-e-valverde\/","name":"Real Madrid: a declara\u00e7\u00e3o de Xabi Alonso direcionada a Rodrygo e Valverde - G\u00e1vea News","isPartOf":{"@id":"https:\/\/www.gaveanews.com\/noticias\/#website"},"primaryImageOfPage":{"@id":"https:\/\/www.gaveanews.com\/noticias\/real-madrid-a-declaracao-de-xabi-alonso-direcionada-a-rodrygo-e-valverde\/#primaryimage"},"image":{"@id":"https:\/\/www.gaveanews.com\/noticias\/real-madrid-a-declaracao-de-xabi-alonso-direcionada-a-rodrygo-e-valverde\/#primaryimage"},"thumbnailUrl":"https:\/\/www.gaveanews.com\/noticias\/wp-content\/uploads\/2025\/09\/Xabi-Alonso.png","datePublished":"2025-10-03T20:00:00+00:00","author":{"@id":"https:\/\/www.gaveanews.com\/noticias\/#\/schema\/person\/489b72d06548fd354568004c62ca4bc1"},"breadcrumb":{"@id":"https:\/\/www.gaveanews.com\/noticias\/real-madrid-a-declaracao-de-xabi-alonso-direcionada-a-rodrygo-e-valverde\/#breadcrumb"},"inLanguage":"pt-BR","potentialAction":[{"@type":"ReadAction","target":["https:\/\/www.gaveanews.com\/noticias\/real-madrid-a-declaracao-de-xabi-alonso-direcionada-a-rodrygo-e-valverde\/"]}]},{"@type":"ImageObject","inLanguage":"pt-BR","@id":"https:\/\/www.gaveanews.com\/noticias\/real-madrid-a-declaracao-de-xabi-alonso-direcionada-a-rodrygo-e-valverde\/#primaryimage","url":"https:\/\/www.gaveanews.com\/noticias\/wp-content\/uploads\/2025\/09\/Xabi-Alonso.png","contentUrl":"https:\/\/www.gaveanews.com\/noticias\/wp-content\/uploads\/2025\/09\/Xabi-Alonso.png","width":1200,"height":900,"caption":"Xabi Alonso (Foto: Reprodu\u00e7\u00e3o\/Instagram Real Madrid)"},{"@type":"BreadcrumbList","@id":"https:\/\/www.gaveanews.com\/noticias\/real-madrid-a-declaracao-de-xabi-alonso-direcionada-a-rodrygo-e-valverde\/#breadcrumb","itemListElement":[{"@type":"ListItem","position":1,"name":"In\u00edcio","item":"https:\/\/www.gaveanews.com\/noticias\/"},{"@type":"ListItem","position":2,"name":"Real Madrid: a declara\u00e7\u00e3o de Xabi Alonso direcionada a Rodrygo e Valverde"}]},{"@type":"WebSite","@id":"https:\/\/www.gaveanews.com\/noticias\/#website","url":"https:\/\/www.gaveanews.com\/noticias\/","name":"G\u00e1vea News","description":"Veja todas as not\u00edcias sobre o Flamengo: Contrata\u00e7\u00f5es, categorias de base, resultados das partidas, tabela de classifica\u00e7\u00e3o, pr\u00f3ximos jogos!","potentialAction":[{"@type":"SearchAction","target":{"@type":"EntryPoint","urlTemplate":"https:\/\/www.gaveanews.com\/noticias\/?s={search_term_string}"},"query-input":{"@type":"PropertyValueSpecification","valueRequired":true,"valueName":"search_term_string"}}],"inLanguage":"pt-BR"},{"@type":"Person","@id":"https:\/\/www.gaveanews.com\/noticias\/#\/schema\/person\/489b72d06548fd354568004c62ca4bc1","name":"Reda\u00e7\u00e3o","image":{"@type":"ImageObject","inLanguage":"pt-BR","@id":"https:\/\/www.gaveanews.com\/noticias\/#\/schema\/person\/image\/","url":"https:\/\/secure.gravatar.com\/avatar\/e24cd6b1ffde8ab6db89abab880adb7fde7c16ac20ab0680f85dd546b7855e3f?s=96&d=mm&r=g","contentUrl":"https:\/\/secure.gravatar.com\/avatar\/e24cd6b1ffde8ab6db89abab880adb7fde7c16ac20ab0680f85dd546b7855e3f?s=96&d=mm&r=g","caption":"Reda\u00e7\u00e3o"},"url":"https:\/\/www.gaveanews.com\/noticias\/author\/redacao\/"}]}},"_links":{"self":[{"href":"https:\/\/www.gaveanews.com\/noticias\/wp-json\/wp\/v2\/posts\/2959","targetHints":{"allow":["GET"]}}],"collection":[{"href":"https:\/\/www.gaveanews.com\/noticias\/wp-json\/wp\/v2\/posts"}],"about":[{"href":"https:\/\/www.gaveanews.com\/noticias\/wp-json\/wp\/v2\/types\/post"}],"author":[{"embeddable":true,"href":"https:\/\/www.gaveanews.com\/noticias\/wp-json\/wp\/v2\/users\/2"}],"replies":[{"embeddable":true,"href":"https:\/\/www.gaveanews.com\/noticias\/wp-json\/wp\/v2\/comments?post=2959"}],"version-history":[{"count":1,"href":"https:\/\/www.gaveanews.com\/noticias\/wp-json\/wp\/v2\/posts\/2959\/revisions"}],"predecessor-version":[{"id":3040,"href":"https:\/\/www.gaveanews.com\/noticias\/wp-json\/wp\/v2\/posts\/2959\/revisions\/3040"}],"wp:featuredmedia":[{"embeddable":true,"href":"https:\/\/www.gaveanews.com\/noticias\/wp-json\/wp\/v2\/media\/1962"}],"wp:attachment":[{"href":"https:\/\/www.gaveanews.com\/noticias\/wp-json\/wp\/v2\/media?parent=2959"}],"wp:term":[{"taxonomy":"category","embeddable":true,"href":"https:\/\/www.gaveanews.com\/noticias\/wp-json\/wp\/v2\/categories?post=2959"},{"taxonomy":"post_tag","embeddable":true,"href":"https:\/\/www.gaveanews.com\/noticias\/wp-json\/wp\/v2\/tags?post=2959"}],"curies":[{"name":"wp","href":"https:\/\/api.w.org\/{rel}","templated":true}]}}