{"id":3041,"date":"2025-10-03T22:15:00","date_gmt":"2025-10-04T01:15:00","guid":{"rendered":"https:\/\/www.gaveanews.com\/noticias\/?p=3041"},"modified":"2025-10-03T19:44:29","modified_gmt":"2025-10-03T22:44:29","slug":"lesao-de-yamal-causa-polemica-entre-barcelona-e-selecao-espanhola","status":"publish","type":"post","link":"https:\/\/www.gaveanews.com\/noticias\/lesao-de-yamal-causa-polemica-entre-barcelona-e-selecao-espanhola\/","title":{"rendered":"Les\u00e3o de Yamal causa pol\u00eamica entre Barcelona e sele\u00e7\u00e3o espanhola"},"content":{"rendered":"\n<p>Luis de la Fuente divulgou, nesta sexta-feira (03 de outubro), os convocados da Espanha para enfrentar Ge\u00f3rgia e Bulg\u00e1ria. Lamine Yamal est\u00e1 na lista, e a convoca\u00e7\u00e3o acentuou a tens\u00e3o da Sele\u00e7\u00e3o com o Barcelona.<\/p>\n\n\n\n<p>A situa\u00e7\u00e3o de Yamal dominou a coletiva. Isso porque o atacante apresentou inc\u00f4modos ap\u00f3s a \u00faltima partida pelo Barcelona, contra o PSG, e precisou ser substitu\u00eddo. Questionado sobre as cr\u00edticas de Hansi Flick e a declara\u00e7\u00e3o do t\u00e9cnico do Bar\u00e7a sobre ter sido &#8216;pego de surpresa&#8217; com a convoca\u00e7\u00e3o, De la Fuente rebateu.<\/p>\n\n\n\n<p>\u201cAchei que ele teria mais empatia por j\u00e1 ter sido t\u00e9cnico de sele\u00e7\u00e3o. Mas n\u00e3o h\u00e1 pol\u00eamica. Ele disse uma coisa, eu disse outra. Estamos focados em buscar a vaga na Copa do Mundo\u201d.<\/p>\n\n\n\n<p>O t\u00e9cnico espanhol minimizou o quadro e afirmou que n\u00e3o havia gravidade na situa\u00e7\u00e3o de Yamal. Ap\u00f3s a entrevista, o Barcelona comunicou nova les\u00e3o no p\u00fabis e indicou um prazo estimado de recupera\u00e7\u00e3o entre duas e tr\u00eas semanas.<\/p>\n\n\n\n<p>\u201cOs inc\u00f4modos no p\u00fabis que o jogador Lamine Yamal apresenta reapareceram ap\u00f3s a partida contra o PSG. Ele \u00e9 baixa frente ao Sevilla e o tempo estimado de recupera\u00e7\u00e3o \u00e9 de 2 a 3 semanas\u201d.<\/p>\n\n\n\n<p>O atrito cresceu na Data Fifa anterior. No s\u00e1bado (13 de setembro), Flick afirmou que o atacante jogou pela Espanha mesmo com dores, sem treinar entre as partidas e medicado com analg\u00e9sicos. Segundo o alem\u00e3o, ele esteve em campo por 79 e 73 minutos.<\/p>\n\n\n\n<p>Yamal vem lidando com o problema e ficou fora de quatro jogos no \u00faltimo m\u00eas, contra Valencia, Getafe, Oviedo e Newcastle. Ele atuou os 90 minutos na derrota para o PSG, na Champions League, na quarta-feira (01 de outubro).<\/p>\n\n\n\n<p>Nas Eliminat\u00f3rias, a Espanha lidera seu grupo. Na temporada, Yamal soma cinco jogos e seis participa\u00e7\u00f5es em gols, com presen\u00e7a em 48% dos minutos poss\u00edveis de LaLiga.<\/p>\n","protected":false},"excerpt":{"rendered":"<p>Luis de la Fuente divulgou, nesta sexta-feira (03 de outubro), os convocados da Espanha para enfrentar Ge\u00f3rgia e Bulg\u00e1ria. Lamine Yamal est\u00e1 na lista, e a convoca\u00e7\u00e3o acentuou a tens\u00e3o da Sele\u00e7\u00e3o com o Barcelona. A situa\u00e7\u00e3o de Yamal dominou a coletiva. Isso porque o atacante apresentou inc\u00f4modos ap\u00f3s a \u00faltima partida pelo Barcelona, contra [&hellip;]<\/p>\n","protected":false},"author":2,"featured_media":2610,"comment_status":"open","ping_status":"open","sticky":false,"template":"","format":"standard","meta":{"footnotes":""},"categories":[16],"tags":[],"class_list":{"0":"post-3041","1":"post","2":"type-post","3":"status-publish","4":"format-standard","5":"has-post-thumbnail","7":"category-futebol"},"yoast_head":"<!-- This site is optimized with the Yoast SEO plugin v26.0 - https:\/\/yoast.com\/wordpress\/plugins\/seo\/ -->\n<title>Les\u00e3o de Yamal causa pol\u00eamica entre Barcelona e sele\u00e7\u00e3o espanhola - G\u00e1vea News<\/title>\n<meta name=\"robots\" content=\"index, follow, max-snippet:-1, max-image-preview:large, max-video-preview:-1\" \/>\n<link rel=\"canonical\" href=\"https:\/\/www.gaveanews.com\/noticias\/lesao-de-yamal-causa-polemica-entre-barcelona-e-selecao-espanhola\/\" \/>\n<meta property=\"og:locale\" content=\"pt_BR\" \/>\n<meta property=\"og:type\" content=\"article\" \/>\n<meta property=\"og:title\" content=\"Les\u00e3o de Yamal causa pol\u00eamica entre Barcelona e sele\u00e7\u00e3o espanhola - G\u00e1vea News\" \/>\n<meta property=\"og:description\" content=\"Luis de la Fuente divulgou, nesta sexta-feira (03 de outubro), os convocados da Espanha para enfrentar Ge\u00f3rgia e Bulg\u00e1ria. Lamine Yamal est\u00e1 na lista, e a convoca\u00e7\u00e3o acentuou a tens\u00e3o da Sele\u00e7\u00e3o com o Barcelona. A situa\u00e7\u00e3o de Yamal dominou a coletiva. Isso porque o atacante apresentou inc\u00f4modos ap\u00f3s a \u00faltima partida pelo Barcelona, contra [&hellip;]\" \/>\n<meta property=\"og:url\" content=\"https:\/\/www.gaveanews.com\/noticias\/lesao-de-yamal-causa-polemica-entre-barcelona-e-selecao-espanhola\/\" \/>\n<meta property=\"og:site_name\" content=\"G\u00e1vea News\" \/>\n<meta property=\"article:published_time\" content=\"2025-10-04T01:15:00+00:00\" \/>\n<meta property=\"og:image\" content=\"https:\/\/www.gaveanews.com\/noticias\/wp-content\/uploads\/2025\/09\/Yamal-Barcelona.png\" \/>\n\t<meta property=\"og:image:width\" content=\"1200\" \/>\n\t<meta property=\"og:image:height\" content=\"900\" \/>\n\t<meta property=\"og:image:type\" content=\"image\/png\" \/>\n<meta name=\"author\" content=\"Reda\u00e7\u00e3o\" \/>\n<meta name=\"twitter:card\" content=\"summary_large_image\" \/>\n<meta name=\"twitter:label1\" content=\"Escrito por\" \/>\n\t<meta name=\"twitter:data1\" content=\"Reda\u00e7\u00e3o\" \/>\n\t<meta name=\"twitter:label2\" content=\"Est. tempo de leitura\" \/>\n\t<meta name=\"twitter:data2\" content=\"2 minutos\" \/>\n<script type=\"application\/ld+json\" class=\"yoast-schema-graph\">{\"@context\":\"https:\/\/schema.org\",\"@graph\":[{\"@type\":\"WebPage\",\"@id\":\"https:\/\/www.gaveanews.com\/noticias\/lesao-de-yamal-causa-polemica-entre-barcelona-e-selecao-espanhola\/\",\"url\":\"https:\/\/www.gaveanews.com\/noticias\/lesao-de-yamal-causa-polemica-entre-barcelona-e-selecao-espanhola\/\",\"name\":\"Les\u00e3o de Yamal causa pol\u00eamica entre Barcelona e sele\u00e7\u00e3o espanhola - G\u00e1vea News\",\"isPartOf\":{\"@id\":\"https:\/\/www.gaveanews.com\/noticias\/#website\"},\"primaryImageOfPage\":{\"@id\":\"https:\/\/www.gaveanews.com\/noticias\/lesao-de-yamal-causa-polemica-entre-barcelona-e-selecao-espanhola\/#primaryimage\"},\"image\":{\"@id\":\"https:\/\/www.gaveanews.com\/noticias\/lesao-de-yamal-causa-polemica-entre-barcelona-e-selecao-espanhola\/#primaryimage\"},\"thumbnailUrl\":\"https:\/\/www.gaveanews.com\/noticias\/wp-content\/uploads\/2025\/09\/Yamal-Barcelona.png\",\"datePublished\":\"2025-10-04T01:15:00+00:00\",\"author\":{\"@id\":\"https:\/\/www.gaveanews.com\/noticias\/#\/schema\/person\/489b72d06548fd354568004c62ca4bc1\"},\"breadcrumb\":{\"@id\":\"https:\/\/www.gaveanews.com\/noticias\/lesao-de-yamal-causa-polemica-entre-barcelona-e-selecao-espanhola\/#breadcrumb\"},\"inLanguage\":\"pt-BR\",\"potentialAction\":[{\"@type\":\"ReadAction\",\"target\":[\"https:\/\/www.gaveanews.com\/noticias\/lesao-de-yamal-causa-polemica-entre-barcelona-e-selecao-espanhola\/\"]}]},{\"@type\":\"ImageObject\",\"inLanguage\":\"pt-BR\",\"@id\":\"https:\/\/www.gaveanews.com\/noticias\/lesao-de-yamal-causa-polemica-entre-barcelona-e-selecao-espanhola\/#primaryimage\",\"url\":\"https:\/\/www.gaveanews.com\/noticias\/wp-content\/uploads\/2025\/09\/Yamal-Barcelona.png\",\"contentUrl\":\"https:\/\/www.gaveanews.com\/noticias\/wp-content\/uploads\/2025\/09\/Yamal-Barcelona.png\",\"width\":1200,\"height\":900,\"caption\":\"Yamal - Barcelon (Foto: Reprodu\u00e7\u00e3o\/Instagram Barcelona)\"},{\"@type\":\"BreadcrumbList\",\"@id\":\"https:\/\/www.gaveanews.com\/noticias\/lesao-de-yamal-causa-polemica-entre-barcelona-e-selecao-espanhola\/#breadcrumb\",\"itemListElement\":[{\"@type\":\"ListItem\",\"position\":1,\"name\":\"In\u00edcio\",\"item\":\"https:\/\/www.gaveanews.com\/noticias\/\"},{\"@type\":\"ListItem\",\"position\":2,\"name\":\"Les\u00e3o de Yamal causa pol\u00eamica entre Barcelona e sele\u00e7\u00e3o espanhola\"}]},{\"@type\":\"WebSite\",\"@id\":\"https:\/\/www.gaveanews.com\/noticias\/#website\",\"url\":\"https:\/\/www.gaveanews.com\/noticias\/\",\"name\":\"G\u00e1vea News\",\"description\":\"Veja todas as not\u00edcias sobre o Flamengo: Contrata\u00e7\u00f5es, categorias de base, resultados das partidas, tabela de classifica\u00e7\u00e3o, pr\u00f3ximos jogos!\",\"potentialAction\":[{\"@type\":\"SearchAction\",\"target\":{\"@type\":\"EntryPoint\",\"urlTemplate\":\"https:\/\/www.gaveanews.com\/noticias\/?s={search_term_string}\"},\"query-input\":{\"@type\":\"PropertyValueSpecification\",\"valueRequired\":true,\"valueName\":\"search_term_string\"}}],\"inLanguage\":\"pt-BR\"},{\"@type\":\"Person\",\"@id\":\"https:\/\/www.gaveanews.com\/noticias\/#\/schema\/person\/489b72d06548fd354568004c62ca4bc1\",\"name\":\"Reda\u00e7\u00e3o\",\"image\":{\"@type\":\"ImageObject\",\"inLanguage\":\"pt-BR\",\"@id\":\"https:\/\/www.gaveanews.com\/noticias\/#\/schema\/person\/image\/\",\"url\":\"https:\/\/secure.gravatar.com\/avatar\/e24cd6b1ffde8ab6db89abab880adb7fde7c16ac20ab0680f85dd546b7855e3f?s=96&d=mm&r=g\",\"contentUrl\":\"https:\/\/secure.gravatar.com\/avatar\/e24cd6b1ffde8ab6db89abab880adb7fde7c16ac20ab0680f85dd546b7855e3f?s=96&d=mm&r=g\",\"caption\":\"Reda\u00e7\u00e3o\"},\"url\":\"https:\/\/www.gaveanews.com\/noticias\/author\/redacao\/\"}]}<\/script>\n<!-- \/ Yoast SEO plugin. -->","yoast_head_json":{"title":"Les\u00e3o de Yamal causa pol\u00eamica entre Barcelona e sele\u00e7\u00e3o espanhola - G\u00e1vea News","robots":{"index":"index","follow":"follow","max-snippet":"max-snippet:-1","max-image-preview":"max-image-preview:large","max-video-preview":"max-video-preview:-1"},"canonical":"https:\/\/www.gaveanews.com\/noticias\/lesao-de-yamal-causa-polemica-entre-barcelona-e-selecao-espanhola\/","og_locale":"pt_BR","og_type":"article","og_title":"Les\u00e3o de Yamal causa pol\u00eamica entre Barcelona e sele\u00e7\u00e3o espanhola - G\u00e1vea News","og_description":"Luis de la Fuente divulgou, nesta sexta-feira (03 de outubro), os convocados da Espanha para enfrentar Ge\u00f3rgia e Bulg\u00e1ria. Lamine Yamal est\u00e1 na lista, e a convoca\u00e7\u00e3o acentuou a tens\u00e3o da Sele\u00e7\u00e3o com o Barcelona. A situa\u00e7\u00e3o de Yamal dominou a coletiva. Isso porque o atacante apresentou inc\u00f4modos ap\u00f3s a \u00faltima partida pelo Barcelona, contra [&hellip;]","og_url":"https:\/\/www.gaveanews.com\/noticias\/lesao-de-yamal-causa-polemica-entre-barcelona-e-selecao-espanhola\/","og_site_name":"G\u00e1vea News","article_published_time":"2025-10-04T01:15:00+00:00","og_image":[{"width":1200,"height":900,"url":"https:\/\/www.gaveanews.com\/noticias\/wp-content\/uploads\/2025\/09\/Yamal-Barcelona.png","type":"image\/png"}],"author":"Reda\u00e7\u00e3o","twitter_card":"summary_large_image","twitter_misc":{"Escrito por":"Reda\u00e7\u00e3o","Est. tempo de leitura":"2 minutos"},"schema":{"@context":"https:\/\/schema.org","@graph":[{"@type":"WebPage","@id":"https:\/\/www.gaveanews.com\/noticias\/lesao-de-yamal-causa-polemica-entre-barcelona-e-selecao-espanhola\/","url":"https:\/\/www.gaveanews.com\/noticias\/lesao-de-yamal-causa-polemica-entre-barcelona-e-selecao-espanhola\/","name":"Les\u00e3o de Yamal causa pol\u00eamica entre Barcelona e sele\u00e7\u00e3o espanhola - G\u00e1vea News","isPartOf":{"@id":"https:\/\/www.gaveanews.com\/noticias\/#website"},"primaryImageOfPage":{"@id":"https:\/\/www.gaveanews.com\/noticias\/lesao-de-yamal-causa-polemica-entre-barcelona-e-selecao-espanhola\/#primaryimage"},"image":{"@id":"https:\/\/www.gaveanews.com\/noticias\/lesao-de-yamal-causa-polemica-entre-barcelona-e-selecao-espanhola\/#primaryimage"},"thumbnailUrl":"https:\/\/www.gaveanews.com\/noticias\/wp-content\/uploads\/2025\/09\/Yamal-Barcelona.png","datePublished":"2025-10-04T01:15:00+00:00","author":{"@id":"https:\/\/www.gaveanews.com\/noticias\/#\/schema\/person\/489b72d06548fd354568004c62ca4bc1"},"breadcrumb":{"@id":"https:\/\/www.gaveanews.com\/noticias\/lesao-de-yamal-causa-polemica-entre-barcelona-e-selecao-espanhola\/#breadcrumb"},"inLanguage":"pt-BR","potentialAction":[{"@type":"ReadAction","target":["https:\/\/www.gaveanews.com\/noticias\/lesao-de-yamal-causa-polemica-entre-barcelona-e-selecao-espanhola\/"]}]},{"@type":"ImageObject","inLanguage":"pt-BR","@id":"https:\/\/www.gaveanews.com\/noticias\/lesao-de-yamal-causa-polemica-entre-barcelona-e-selecao-espanhola\/#primaryimage","url":"https:\/\/www.gaveanews.com\/noticias\/wp-content\/uploads\/2025\/09\/Yamal-Barcelona.png","contentUrl":"https:\/\/www.gaveanews.com\/noticias\/wp-content\/uploads\/2025\/09\/Yamal-Barcelona.png","width":1200,"height":900,"caption":"Yamal - Barcelon (Foto: Reprodu\u00e7\u00e3o\/Instagram Barcelona)"},{"@type":"BreadcrumbList","@id":"https:\/\/www.gaveanews.com\/noticias\/lesao-de-yamal-causa-polemica-entre-barcelona-e-selecao-espanhola\/#breadcrumb","itemListElement":[{"@type":"ListItem","position":1,"name":"In\u00edcio","item":"https:\/\/www.gaveanews.com\/noticias\/"},{"@type":"ListItem","position":2,"name":"Les\u00e3o de Yamal causa pol\u00eamica entre Barcelona e sele\u00e7\u00e3o espanhola"}]},{"@type":"WebSite","@id":"https:\/\/www.gaveanews.com\/noticias\/#website","url":"https:\/\/www.gaveanews.com\/noticias\/","name":"G\u00e1vea News","description":"Veja todas as not\u00edcias sobre o Flamengo: Contrata\u00e7\u00f5es, categorias de base, resultados das partidas, tabela de classifica\u00e7\u00e3o, pr\u00f3ximos jogos!","potentialAction":[{"@type":"SearchAction","target":{"@type":"EntryPoint","urlTemplate":"https:\/\/www.gaveanews.com\/noticias\/?s={search_term_string}"},"query-input":{"@type":"PropertyValueSpecification","valueRequired":true,"valueName":"search_term_string"}}],"inLanguage":"pt-BR"},{"@type":"Person","@id":"https:\/\/www.gaveanews.com\/noticias\/#\/schema\/person\/489b72d06548fd354568004c62ca4bc1","name":"Reda\u00e7\u00e3o","image":{"@type":"ImageObject","inLanguage":"pt-BR","@id":"https:\/\/www.gaveanews.com\/noticias\/#\/schema\/person\/image\/","url":"https:\/\/secure.gravatar.com\/avatar\/e24cd6b1ffde8ab6db89abab880adb7fde7c16ac20ab0680f85dd546b7855e3f?s=96&d=mm&r=g","contentUrl":"https:\/\/secure.gravatar.com\/avatar\/e24cd6b1ffde8ab6db89abab880adb7fde7c16ac20ab0680f85dd546b7855e3f?s=96&d=mm&r=g","caption":"Reda\u00e7\u00e3o"},"url":"https:\/\/www.gaveanews.com\/noticias\/author\/redacao\/"}]}},"_links":{"self":[{"href":"https:\/\/www.gaveanews.com\/noticias\/wp-json\/wp\/v2\/posts\/3041","targetHints":{"allow":["GET"]}}],"collection":[{"href":"https:\/\/www.gaveanews.com\/noticias\/wp-json\/wp\/v2\/posts"}],"about":[{"href":"https:\/\/www.gaveanews.com\/noticias\/wp-json\/wp\/v2\/types\/post"}],"author":[{"embeddable":true,"href":"https:\/\/www.gaveanews.com\/noticias\/wp-json\/wp\/v2\/users\/2"}],"replies":[{"embeddable":true,"href":"https:\/\/www.gaveanews.com\/noticias\/wp-json\/wp\/v2\/comments?post=3041"}],"version-history":[{"count":1,"href":"https:\/\/www.gaveanews.com\/noticias\/wp-json\/wp\/v2\/posts\/3041\/revisions"}],"predecessor-version":[{"id":3104,"href":"https:\/\/www.gaveanews.com\/noticias\/wp-json\/wp\/v2\/posts\/3041\/revisions\/3104"}],"wp:featuredmedia":[{"embeddable":true,"href":"https:\/\/www.gaveanews.com\/noticias\/wp-json\/wp\/v2\/media\/2610"}],"wp:attachment":[{"href":"https:\/\/www.gaveanews.com\/noticias\/wp-json\/wp\/v2\/media?parent=3041"}],"wp:term":[{"taxonomy":"category","embeddable":true,"href":"https:\/\/www.gaveanews.com\/noticias\/wp-json\/wp\/v2\/categories?post=3041"},{"taxonomy":"post_tag","embeddable":true,"href":"https:\/\/www.gaveanews.com\/noticias\/wp-json\/wp\/v2\/tags?post=3041"}],"curies":[{"name":"wp","href":"https:\/\/api.w.org\/{rel}","templated":true}]}}