{"id":3980,"date":"2025-10-13T13:10:00","date_gmt":"2025-10-13T16:10:00","guid":{"rendered":"https:\/\/www.gaveanews.com\/noticias\/?p=3980"},"modified":"2025-10-13T12:55:53","modified_gmt":"2025-10-13T15:55:53","slug":"atacante-do-fluminense-ganha-destaque-no-exterior","status":"publish","type":"post","link":"https:\/\/www.gaveanews.com\/noticias\/atacante-do-fluminense-ganha-destaque-no-exterior\/","title":{"rendered":"Atacante do Fluminense ganha destaque no exterior"},"content":{"rendered":"\n<p>Convocado pela primeira vez para a sele\u00e7\u00e3o colombiana, Kevin Serna, do <a href=\"https:\/\/www.gaveanews.com\/index.php\/category\/brasileirao\/fluminense\/\" target=\"_blank\" rel=\"noopener\">Fluminense<\/a>, teve destaque na vit\u00f3ria da Col\u00f4mbia por 4 a 0 sobre o M\u00e9xico, no s\u00e1bado (11), em amistoso disputado no Texas, nos Estados Unidos.<\/p>\n\n\n\n<p>O jogador, de 27 anos, iniciou a partida como titular e permaneceu em campo por 65 minutos, contribuindo de forma intensa na marca\u00e7\u00e3o e nas a\u00e7\u00f5es ofensivas. Ap\u00f3s o confronto, Serna comemorou a estreia com entusiasmo.<\/p>\n\n\n\n<p>&#8220;\u00c9 uma linda maneira de estrear, com esse resultado, um resultado positivo e bem, contente por tudo. O treinador tinha me contado que eles sa\u00edam muito por esse setor, ent\u00e3o buscamos contrabalancear com Daniel (Mu\u00f1oz), ent\u00e3o hoje tive que fazer o trabalho sujo&#8221;, declarou.<\/p>\n\n\n\n<p><strong data-start=\"1073\" data-end=\"1125\">Reconhecimento internacional<\/strong><\/p>\n\n\n\n<p>Mesmo sem participa\u00e7\u00e3o direta nos gols, o desempenho do jogador chamou aten\u00e7\u00e3o da imprensa colombiana e peruana. O jornal <em data-start=\"1249\" data-end=\"1253\">AS<\/em> destacou o papel t\u00e1tico do atleta e o descreveu como exemplo de comprometimento:<\/p>\n\n\n\n<p><em data-start=\"1335\" data-end=\"1422\">\u201cKevin Serna, trabalho sujo na estreia e feliz por dividir o campo com James e Lucho\u201d<\/em>. O portal <em data-start=\"1433\" data-end=\"1451\">Pasi\u00f3n Triburona<\/em> foi al\u00e9m e escreveu: <em data-start=\"1473\" data-end=\"1563\">\u201cQue grande jogador o Kevin Serna \u00e9, ele ser\u00e1 uma grande aquisi\u00e7\u00e3o para a Copa do Mundo\u201d<\/em>.<\/p>\n\n\n\n<p>O perfil esportivo <em data-start=\"1624\" data-end=\"1644\">Momento Desportivo<\/em>, tamb\u00e9m da Col\u00f4mbia, recordou a trajet\u00f3ria de Serna no futebol sul-americano: <em data-start=\"1723\" data-end=\"1900\">\u201cFoi uma estrela do futebol peruano por tr\u00eas temporadas e meia. Jogou pelo Cultural Santa Rosa, ADT de Tarma e Alianza Lima antes de dar o salto para o Fluminense\u201d<\/em>.<\/p>\n\n\n\n<figure class=\"wp-block-embed is-type-rich is-provider-twitter wp-block-embed-twitter\"><div class=\"wp-block-embed__wrapper\">\n<blockquote class=\"twitter-tweet\" data-width=\"550\" data-dnt=\"true\"><p lang=\"es\" dir=\"ltr\">\u2705. Que buen jugador es Kevin Serna, ser\u00e1 un buen elemento pensando en el mundial. Buen PT del jugador. <a href=\"https:\/\/t.co\/8ANs3tZM7I\">pic.twitter.com\/8ANs3tZM7I<\/a><\/p>&mdash; Pasi\u00f3n Tiburona (@PTiburona) <a href=\"https:\/\/twitter.com\/PTiburona\/status\/1977194230779928917?ref_src=twsrc%5Etfw\">October 12, 2025<\/a><\/blockquote><script async src=\"https:\/\/platform.twitter.com\/widgets.js\" charset=\"utf-8\"><\/script>\n<\/div><\/figure>\n\n\n\n<p><strong data-start=\"1942\" data-end=\"1997\">V\u00ednculo com o Fluminense<\/strong><\/p>\n\n\n\n<p>Serna foi contratado pelo Fluminense em 2024, ap\u00f3s se destacar pelo Alianza Lima, do Peru. No clube carioca, teve papel importante na campanha de recupera\u00e7\u00e3o do time no Campeonato Brasileiro do ano passado, com gols e assist\u00eancias decisivos. <\/p>\n\n\n\n<p>Desde que chegou ao Rio de Janeiro, acumula 74 partidas, com 12 gols marcados e oito passes para gol.<\/p>\n\n\n\n<p>O atacante chegou a ser cogitado para se naturalizar e defender a sele\u00e7\u00e3o peruana, mas optou por seguir \u00e0 espera de uma chance pela Col\u00f4mbia, seu pa\u00eds natal. A convoca\u00e7\u00e3o concretizou esse desejo e confirmou a ascens\u00e3o vivida no futebol brasileiro.<\/p>\n\n\n\n<p>A Col\u00f4mbia, j\u00e1 classificada para a Copa do Mundo, volta a campo nesta ter\u00e7a-feira (14), \u00e0s 21h (hor\u00e1rio de Bras\u00edlia), para enfrentar o Canad\u00e1 em novo amistoso, em Nova Jersey, tamb\u00e9m nos Estados Unidos.<\/p>\n","protected":false},"excerpt":{"rendered":"<p>Convocado pela primeira vez para a sele\u00e7\u00e3o colombiana, Kevin Serna, do Fluminense, teve destaque na vit\u00f3ria da Col\u00f4mbia por 4 a 0 sobre o M\u00e9xico, no s\u00e1bado (11), em amistoso disputado no Texas, nos Estados Unidos. O jogador, de 27 anos, iniciou a partida como titular e permaneceu em campo por 65 minutos, contribuindo de [&hellip;]<\/p>\n","protected":false},"author":2,"featured_media":907,"comment_status":"open","ping_status":"open","sticky":false,"template":"","format":"standard","meta":{"footnotes":""},"categories":[20],"tags":[],"class_list":{"0":"post-3980","1":"post","2":"type-post","3":"status-publish","4":"format-standard","5":"has-post-thumbnail","7":"category-fluminense"},"yoast_head":"<!-- This site is optimized with the Yoast SEO plugin v26.0 - https:\/\/yoast.com\/wordpress\/plugins\/seo\/ -->\n<title>Atacante do Fluminense ganha destaque no exterior - G\u00e1vea News<\/title>\n<meta name=\"robots\" content=\"index, follow, max-snippet:-1, max-image-preview:large, max-video-preview:-1\" \/>\n<link rel=\"canonical\" href=\"https:\/\/www.gaveanews.com\/noticias\/atacante-do-fluminense-ganha-destaque-no-exterior\/\" \/>\n<meta property=\"og:locale\" content=\"pt_BR\" \/>\n<meta property=\"og:type\" content=\"article\" \/>\n<meta property=\"og:title\" content=\"Atacante do Fluminense ganha destaque no exterior - G\u00e1vea News\" \/>\n<meta property=\"og:description\" content=\"Convocado pela primeira vez para a sele\u00e7\u00e3o colombiana, Kevin Serna, do Fluminense, teve destaque na vit\u00f3ria da Col\u00f4mbia por 4 a 0 sobre o M\u00e9xico, no s\u00e1bado (11), em amistoso disputado no Texas, nos Estados Unidos. O jogador, de 27 anos, iniciou a partida como titular e permaneceu em campo por 65 minutos, contribuindo de [&hellip;]\" \/>\n<meta property=\"og:url\" content=\"https:\/\/www.gaveanews.com\/noticias\/atacante-do-fluminense-ganha-destaque-no-exterior\/\" \/>\n<meta property=\"og:site_name\" content=\"G\u00e1vea News\" \/>\n<meta property=\"article:published_time\" content=\"2025-10-13T16:10:00+00:00\" \/>\n<meta property=\"og:image\" content=\"https:\/\/www.gaveanews.com\/noticias\/wp-content\/uploads\/2025\/09\/Camisa-do-Fluminense.png\" \/>\n\t<meta property=\"og:image:width\" content=\"1200\" \/>\n\t<meta property=\"og:image:height\" content=\"900\" \/>\n\t<meta property=\"og:image:type\" content=\"image\/png\" \/>\n<meta name=\"author\" content=\"Reda\u00e7\u00e3o\" \/>\n<meta name=\"twitter:card\" content=\"summary_large_image\" \/>\n<meta name=\"twitter:label1\" content=\"Escrito por\" \/>\n\t<meta name=\"twitter:data1\" content=\"Reda\u00e7\u00e3o\" \/>\n\t<meta name=\"twitter:label2\" content=\"Est. tempo de leitura\" \/>\n\t<meta name=\"twitter:data2\" content=\"3 minutos\" \/>\n<script type=\"application\/ld+json\" class=\"yoast-schema-graph\">{\"@context\":\"https:\/\/schema.org\",\"@graph\":[{\"@type\":\"WebPage\",\"@id\":\"https:\/\/www.gaveanews.com\/noticias\/atacante-do-fluminense-ganha-destaque-no-exterior\/\",\"url\":\"https:\/\/www.gaveanews.com\/noticias\/atacante-do-fluminense-ganha-destaque-no-exterior\/\",\"name\":\"Atacante do Fluminense ganha destaque no exterior - G\u00e1vea News\",\"isPartOf\":{\"@id\":\"https:\/\/www.gaveanews.com\/noticias\/#website\"},\"primaryImageOfPage\":{\"@id\":\"https:\/\/www.gaveanews.com\/noticias\/atacante-do-fluminense-ganha-destaque-no-exterior\/#primaryimage\"},\"image\":{\"@id\":\"https:\/\/www.gaveanews.com\/noticias\/atacante-do-fluminense-ganha-destaque-no-exterior\/#primaryimage\"},\"thumbnailUrl\":\"https:\/\/www.gaveanews.com\/noticias\/wp-content\/uploads\/2025\/09\/Camisa-do-Fluminense.png\",\"datePublished\":\"2025-10-13T16:10:00+00:00\",\"author\":{\"@id\":\"https:\/\/www.gaveanews.com\/noticias\/#\/schema\/person\/489b72d06548fd354568004c62ca4bc1\"},\"breadcrumb\":{\"@id\":\"https:\/\/www.gaveanews.com\/noticias\/atacante-do-fluminense-ganha-destaque-no-exterior\/#breadcrumb\"},\"inLanguage\":\"pt-BR\",\"potentialAction\":[{\"@type\":\"ReadAction\",\"target\":[\"https:\/\/www.gaveanews.com\/noticias\/atacante-do-fluminense-ganha-destaque-no-exterior\/\"]}]},{\"@type\":\"ImageObject\",\"inLanguage\":\"pt-BR\",\"@id\":\"https:\/\/www.gaveanews.com\/noticias\/atacante-do-fluminense-ganha-destaque-no-exterior\/#primaryimage\",\"url\":\"https:\/\/www.gaveanews.com\/noticias\/wp-content\/uploads\/2025\/09\/Camisa-do-Fluminense.png\",\"contentUrl\":\"https:\/\/www.gaveanews.com\/noticias\/wp-content\/uploads\/2025\/09\/Camisa-do-Fluminense.png\",\"width\":1200,\"height\":900,\"caption\":\"Camisa do Fluminense (Foto: Marcelo Gon\u00e7alves\/FFC)\"},{\"@type\":\"BreadcrumbList\",\"@id\":\"https:\/\/www.gaveanews.com\/noticias\/atacante-do-fluminense-ganha-destaque-no-exterior\/#breadcrumb\",\"itemListElement\":[{\"@type\":\"ListItem\",\"position\":1,\"name\":\"In\u00edcio\",\"item\":\"https:\/\/www.gaveanews.com\/noticias\/\"},{\"@type\":\"ListItem\",\"position\":2,\"name\":\"Atacante do Fluminense ganha destaque no exterior\"}]},{\"@type\":\"WebSite\",\"@id\":\"https:\/\/www.gaveanews.com\/noticias\/#website\",\"url\":\"https:\/\/www.gaveanews.com\/noticias\/\",\"name\":\"G\u00e1vea News\",\"description\":\"Veja todas as not\u00edcias sobre o Flamengo: Contrata\u00e7\u00f5es, categorias de base, resultados das partidas, tabela de classifica\u00e7\u00e3o, pr\u00f3ximos jogos!\",\"potentialAction\":[{\"@type\":\"SearchAction\",\"target\":{\"@type\":\"EntryPoint\",\"urlTemplate\":\"https:\/\/www.gaveanews.com\/noticias\/?s={search_term_string}\"},\"query-input\":{\"@type\":\"PropertyValueSpecification\",\"valueRequired\":true,\"valueName\":\"search_term_string\"}}],\"inLanguage\":\"pt-BR\"},{\"@type\":\"Person\",\"@id\":\"https:\/\/www.gaveanews.com\/noticias\/#\/schema\/person\/489b72d06548fd354568004c62ca4bc1\",\"name\":\"Reda\u00e7\u00e3o\",\"image\":{\"@type\":\"ImageObject\",\"inLanguage\":\"pt-BR\",\"@id\":\"https:\/\/www.gaveanews.com\/noticias\/#\/schema\/person\/image\/\",\"url\":\"https:\/\/secure.gravatar.com\/avatar\/e24cd6b1ffde8ab6db89abab880adb7fde7c16ac20ab0680f85dd546b7855e3f?s=96&d=mm&r=g\",\"contentUrl\":\"https:\/\/secure.gravatar.com\/avatar\/e24cd6b1ffde8ab6db89abab880adb7fde7c16ac20ab0680f85dd546b7855e3f?s=96&d=mm&r=g\",\"caption\":\"Reda\u00e7\u00e3o\"},\"url\":\"https:\/\/www.gaveanews.com\/noticias\/author\/redacao\/\"}]}<\/script>\n<!-- \/ Yoast SEO plugin. -->","yoast_head_json":{"title":"Atacante do Fluminense ganha destaque no exterior - G\u00e1vea News","robots":{"index":"index","follow":"follow","max-snippet":"max-snippet:-1","max-image-preview":"max-image-preview:large","max-video-preview":"max-video-preview:-1"},"canonical":"https:\/\/www.gaveanews.com\/noticias\/atacante-do-fluminense-ganha-destaque-no-exterior\/","og_locale":"pt_BR","og_type":"article","og_title":"Atacante do Fluminense ganha destaque no exterior - G\u00e1vea News","og_description":"Convocado pela primeira vez para a sele\u00e7\u00e3o colombiana, Kevin Serna, do Fluminense, teve destaque na vit\u00f3ria da Col\u00f4mbia por 4 a 0 sobre o M\u00e9xico, no s\u00e1bado (11), em amistoso disputado no Texas, nos Estados Unidos. O jogador, de 27 anos, iniciou a partida como titular e permaneceu em campo por 65 minutos, contribuindo de [&hellip;]","og_url":"https:\/\/www.gaveanews.com\/noticias\/atacante-do-fluminense-ganha-destaque-no-exterior\/","og_site_name":"G\u00e1vea News","article_published_time":"2025-10-13T16:10:00+00:00","og_image":[{"width":1200,"height":900,"url":"https:\/\/www.gaveanews.com\/noticias\/wp-content\/uploads\/2025\/09\/Camisa-do-Fluminense.png","type":"image\/png"}],"author":"Reda\u00e7\u00e3o","twitter_card":"summary_large_image","twitter_misc":{"Escrito por":"Reda\u00e7\u00e3o","Est. tempo de leitura":"3 minutos"},"schema":{"@context":"https:\/\/schema.org","@graph":[{"@type":"WebPage","@id":"https:\/\/www.gaveanews.com\/noticias\/atacante-do-fluminense-ganha-destaque-no-exterior\/","url":"https:\/\/www.gaveanews.com\/noticias\/atacante-do-fluminense-ganha-destaque-no-exterior\/","name":"Atacante do Fluminense ganha destaque no exterior - G\u00e1vea News","isPartOf":{"@id":"https:\/\/www.gaveanews.com\/noticias\/#website"},"primaryImageOfPage":{"@id":"https:\/\/www.gaveanews.com\/noticias\/atacante-do-fluminense-ganha-destaque-no-exterior\/#primaryimage"},"image":{"@id":"https:\/\/www.gaveanews.com\/noticias\/atacante-do-fluminense-ganha-destaque-no-exterior\/#primaryimage"},"thumbnailUrl":"https:\/\/www.gaveanews.com\/noticias\/wp-content\/uploads\/2025\/09\/Camisa-do-Fluminense.png","datePublished":"2025-10-13T16:10:00+00:00","author":{"@id":"https:\/\/www.gaveanews.com\/noticias\/#\/schema\/person\/489b72d06548fd354568004c62ca4bc1"},"breadcrumb":{"@id":"https:\/\/www.gaveanews.com\/noticias\/atacante-do-fluminense-ganha-destaque-no-exterior\/#breadcrumb"},"inLanguage":"pt-BR","potentialAction":[{"@type":"ReadAction","target":["https:\/\/www.gaveanews.com\/noticias\/atacante-do-fluminense-ganha-destaque-no-exterior\/"]}]},{"@type":"ImageObject","inLanguage":"pt-BR","@id":"https:\/\/www.gaveanews.com\/noticias\/atacante-do-fluminense-ganha-destaque-no-exterior\/#primaryimage","url":"https:\/\/www.gaveanews.com\/noticias\/wp-content\/uploads\/2025\/09\/Camisa-do-Fluminense.png","contentUrl":"https:\/\/www.gaveanews.com\/noticias\/wp-content\/uploads\/2025\/09\/Camisa-do-Fluminense.png","width":1200,"height":900,"caption":"Camisa do Fluminense (Foto: Marcelo Gon\u00e7alves\/FFC)"},{"@type":"BreadcrumbList","@id":"https:\/\/www.gaveanews.com\/noticias\/atacante-do-fluminense-ganha-destaque-no-exterior\/#breadcrumb","itemListElement":[{"@type":"ListItem","position":1,"name":"In\u00edcio","item":"https:\/\/www.gaveanews.com\/noticias\/"},{"@type":"ListItem","position":2,"name":"Atacante do Fluminense ganha destaque no exterior"}]},{"@type":"WebSite","@id":"https:\/\/www.gaveanews.com\/noticias\/#website","url":"https:\/\/www.gaveanews.com\/noticias\/","name":"G\u00e1vea News","description":"Veja todas as not\u00edcias sobre o Flamengo: Contrata\u00e7\u00f5es, categorias de base, resultados das partidas, tabela de classifica\u00e7\u00e3o, pr\u00f3ximos jogos!","potentialAction":[{"@type":"SearchAction","target":{"@type":"EntryPoint","urlTemplate":"https:\/\/www.gaveanews.com\/noticias\/?s={search_term_string}"},"query-input":{"@type":"PropertyValueSpecification","valueRequired":true,"valueName":"search_term_string"}}],"inLanguage":"pt-BR"},{"@type":"Person","@id":"https:\/\/www.gaveanews.com\/noticias\/#\/schema\/person\/489b72d06548fd354568004c62ca4bc1","name":"Reda\u00e7\u00e3o","image":{"@type":"ImageObject","inLanguage":"pt-BR","@id":"https:\/\/www.gaveanews.com\/noticias\/#\/schema\/person\/image\/","url":"https:\/\/secure.gravatar.com\/avatar\/e24cd6b1ffde8ab6db89abab880adb7fde7c16ac20ab0680f85dd546b7855e3f?s=96&d=mm&r=g","contentUrl":"https:\/\/secure.gravatar.com\/avatar\/e24cd6b1ffde8ab6db89abab880adb7fde7c16ac20ab0680f85dd546b7855e3f?s=96&d=mm&r=g","caption":"Reda\u00e7\u00e3o"},"url":"https:\/\/www.gaveanews.com\/noticias\/author\/redacao\/"}]}},"_links":{"self":[{"href":"https:\/\/www.gaveanews.com\/noticias\/wp-json\/wp\/v2\/posts\/3980","targetHints":{"allow":["GET"]}}],"collection":[{"href":"https:\/\/www.gaveanews.com\/noticias\/wp-json\/wp\/v2\/posts"}],"about":[{"href":"https:\/\/www.gaveanews.com\/noticias\/wp-json\/wp\/v2\/types\/post"}],"author":[{"embeddable":true,"href":"https:\/\/www.gaveanews.com\/noticias\/wp-json\/wp\/v2\/users\/2"}],"replies":[{"embeddable":true,"href":"https:\/\/www.gaveanews.com\/noticias\/wp-json\/wp\/v2\/comments?post=3980"}],"version-history":[{"count":1,"href":"https:\/\/www.gaveanews.com\/noticias\/wp-json\/wp\/v2\/posts\/3980\/revisions"}],"predecessor-version":[{"id":4012,"href":"https:\/\/www.gaveanews.com\/noticias\/wp-json\/wp\/v2\/posts\/3980\/revisions\/4012"}],"wp:featuredmedia":[{"embeddable":true,"href":"https:\/\/www.gaveanews.com\/noticias\/wp-json\/wp\/v2\/media\/907"}],"wp:attachment":[{"href":"https:\/\/www.gaveanews.com\/noticias\/wp-json\/wp\/v2\/media?parent=3980"}],"wp:term":[{"taxonomy":"category","embeddable":true,"href":"https:\/\/www.gaveanews.com\/noticias\/wp-json\/wp\/v2\/categories?post=3980"},{"taxonomy":"post_tag","embeddable":true,"href":"https:\/\/www.gaveanews.com\/noticias\/wp-json\/wp\/v2\/tags?post=3980"}],"curies":[{"name":"wp","href":"https:\/\/api.w.org\/{rel}","templated":true}]}}