{"id":4140,"date":"2025-10-14T12:30:00","date_gmt":"2025-10-14T15:30:00","guid":{"rendered":"https:\/\/www.gaveanews.com\/noticias\/?p=4140"},"modified":"2025-10-14T12:24:59","modified_gmt":"2025-10-14T15:24:59","slug":"zagueiro-do-atletico-deve-atuar-no-sacrificio-no-classico-contra-o-cruzeiro","status":"publish","type":"post","link":"https:\/\/www.gaveanews.com\/noticias\/zagueiro-do-atletico-deve-atuar-no-sacrificio-no-classico-contra-o-cruzeiro\/","title":{"rendered":"Zagueiro do Atl\u00e9tico deve atuar no sacrif\u00edcio no cl\u00e1ssico contra o Cruzeiro"},"content":{"rendered":"<p data-start=\"95\" data-end=\"352\">O Atl\u00e9tico mant\u00e9m a possibilidade de escalar Iv\u00e1n Rom\u00e1n no cl\u00e1ssico diante do Cruzeiro, marcado para quarta-feira (15), \u00e0s 21h30 (hor\u00e1rio de Bras\u00edlia), na Arena MRV, em Belo Horizonte. O duelo ser\u00e1 v\u00e1lido pela 28\u00aa rodada do Campeonato Brasileiro.<\/p>\n<p data-start=\"354\" data-end=\"680\">O zagueiro chileno sofreu uma fratura no punho esquerdo durante a apresenta\u00e7\u00e3o \u00e0 Sele\u00e7\u00e3o Chilena, no dia 8 de outubro, para a disputa de amistosos na Data Fifa. Ap\u00f3s a constata\u00e7\u00e3o da les\u00e3o, Rom\u00e1n foi cortado da convoca\u00e7\u00e3o e retornou a Belo Horizonte para iniciar tratamento no CT do clube.<\/p>\n<p data-start=\"739\" data-end=\"1002\">O diretor de futebol Victor Bagy afirmou que o departamento m\u00e9dico ainda avalia as condi\u00e7\u00f5es do atleta e que, diante da import\u00e2ncia do confronto e da limita\u00e7\u00e3o de op\u00e7\u00f5es no setor defensivo, o clube considera at\u00e9 um eventual esfor\u00e7o adicional por parte do jogador.<\/p>\n<p data-start=\"1004\" data-end=\"1379\">\u201cEst\u00e1 sendo avaliado a possibilidade (de Rom\u00e1n jogar). O fato \u00e9 que ele tem algo na m\u00e3o que o incomoda, que gera dor, mas em um momento importante de cl\u00e1ssico, riscos e sacrif\u00edcios s\u00e3o pontos a serem considerados. Estamos avaliando, temos dois dias at\u00e9 o cl\u00e1ssico\u201d, declarou o dirigente em evento realizado na sede social do Atl\u00e9tico.<\/p>\n<p data-start=\"1381\" data-end=\"1710\">Posteriormente, ele complementou que a decis\u00e3o final caber\u00e1 \u00e0 equipe m\u00e9dica do clube:<br data-start=\"1466\" data-end=\"1469\" \/>\u201cPela necessidade, n\u00e3o podemos descartar a possibilidade de ele jogar. Mas como falei, \u00e9 uma decis\u00e3o m\u00e9dica, respeitamos, mas estamos tentando acelerar o processo para que ele possa estar em condi\u00e7\u00f5es\u201d.<\/p>\n<h3 data-start=\"1712\" data-end=\"1742\">Setor defensivo desfalcado<\/h3>\n<p data-start=\"1744\" data-end=\"2049\">A poss\u00edvel presen\u00e7a de Rom\u00e1n ganhou peso diante das aus\u00eancias no sistema defensivo. Jorge Sampaoli n\u00e3o poder\u00e1 contar com Lyanco, que sofreu ruptura do tend\u00e3o de Aquiles esquerdo; Vitor Hugo, suspenso por ac\u00famulo de cart\u00f5es amarelos; e Junior Alonso, convocado pela Sele\u00e7\u00e3o Paraguaia.<\/p>\n<p data-start=\"2051\" data-end=\"2324\">Com isso, restam como zagueiros de origem apenas o jovem Ruan Tressoldi, rec\u00e9m-integrado ao time principal, e Vit\u00e3o, que atua no sub-17. H\u00e1 tamb\u00e9m a alternativa de utilizar laterais improvisados no setor, como Renzo Saravia ou Natanael.<\/p>\n<h3 data-start=\"2326\" data-end=\"2347\">Outros desfalques<\/h3>\n<p data-start=\"2349\" data-end=\"2693\">Al\u00e9m das baixas na defesa, o Galo tamb\u00e9m n\u00e3o ter\u00e1 outros nomes importantes em diferentes posi\u00e7\u00f5es. Entre os meio-campistas, Alexsander, Patrick e Igor Gomes est\u00e3o fora por les\u00f5es ou suspens\u00e3o. Alan Franco serve \u00e0 Sele\u00e7\u00e3o do Equador.<\/p>\n<p data-start=\"2349\" data-end=\"2693\">No ataque, Tom\u00e1s Cuello, Caio Maia, J\u00fanior Santos e Rony est\u00e3o lesionados.<\/p>\n<h3 data-start=\"2695\" data-end=\"2729\">Situa\u00e7\u00e3o das equipes na tabela<\/h3>\n<p data-start=\"2731\" data-end=\"3078\">O cl\u00e1ssico mineiro acontece em momentos distintos para as duas equipes. O Atl\u00e9tico aparece na 14\u00aa coloca\u00e7\u00e3o, com 32 pontos, e busca se afastar da parte inferior da tabela.<\/p>\n<p data-start=\"2731\" data-end=\"3078\">O Cruzeiro ocupa o terceiro lugar, com 52 pontos, atr\u00e1s de Flamengo (55) e Palmeiras (58), e tenta manter-se entre os primeiros colocados.<\/p>\n","protected":false},"excerpt":{"rendered":"<p>O Atl\u00e9tico mant\u00e9m a possibilidade de escalar Iv\u00e1n Rom\u00e1n no cl\u00e1ssico diante do Cruzeiro, marcado para quarta-feira (15), \u00e0s 21h30 (hor\u00e1rio de Bras\u00edlia), na Arena MRV, em Belo Horizonte. O duelo ser\u00e1 v\u00e1lido pela 28\u00aa rodada do Campeonato Brasileiro. O zagueiro chileno sofreu uma fratura no punho esquerdo durante a apresenta\u00e7\u00e3o \u00e0 Sele\u00e7\u00e3o Chilena, no [&hellip;]<\/p>\n","protected":false},"author":2,"featured_media":1480,"comment_status":"open","ping_status":"open","sticky":false,"template":"","format":"standard","meta":{"footnotes":""},"categories":[18],"tags":[],"class_list":{"0":"post-4140","1":"post","2":"type-post","3":"status-publish","4":"format-standard","5":"has-post-thumbnail","7":"category-atletico-mg"},"yoast_head":"<!-- This site is optimized with the Yoast SEO plugin v26.0 - https:\/\/yoast.com\/wordpress\/plugins\/seo\/ -->\n<title>Zagueiro do Atl\u00e9tico deve atuar no sacrif\u00edcio no cl\u00e1ssico contra o Cruzeiro - G\u00e1vea News<\/title>\n<meta name=\"robots\" content=\"index, follow, max-snippet:-1, max-image-preview:large, max-video-preview:-1\" \/>\n<link rel=\"canonical\" href=\"https:\/\/www.gaveanews.com\/noticias\/zagueiro-do-atletico-deve-atuar-no-sacrificio-no-classico-contra-o-cruzeiro\/\" \/>\n<meta property=\"og:locale\" content=\"pt_BR\" \/>\n<meta property=\"og:type\" content=\"article\" \/>\n<meta property=\"og:title\" content=\"Zagueiro do Atl\u00e9tico deve atuar no sacrif\u00edcio no cl\u00e1ssico contra o Cruzeiro - G\u00e1vea News\" \/>\n<meta property=\"og:description\" content=\"O Atl\u00e9tico mant\u00e9m a possibilidade de escalar Iv\u00e1n Rom\u00e1n no cl\u00e1ssico diante do Cruzeiro, marcado para quarta-feira (15), \u00e0s 21h30 (hor\u00e1rio de Bras\u00edlia), na Arena MRV, em Belo Horizonte. O duelo ser\u00e1 v\u00e1lido pela 28\u00aa rodada do Campeonato Brasileiro. O zagueiro chileno sofreu uma fratura no punho esquerdo durante a apresenta\u00e7\u00e3o \u00e0 Sele\u00e7\u00e3o Chilena, no [&hellip;]\" \/>\n<meta property=\"og:url\" content=\"https:\/\/www.gaveanews.com\/noticias\/zagueiro-do-atletico-deve-atuar-no-sacrificio-no-classico-contra-o-cruzeiro\/\" \/>\n<meta property=\"og:site_name\" content=\"G\u00e1vea News\" \/>\n<meta property=\"article:published_time\" content=\"2025-10-14T15:30:00+00:00\" \/>\n<meta property=\"og:image\" content=\"https:\/\/www.gaveanews.com\/noticias\/wp-content\/uploads\/2025\/09\/Atletico-MG-1.png\" \/>\n\t<meta property=\"og:image:width\" content=\"1200\" \/>\n\t<meta property=\"og:image:height\" content=\"900\" \/>\n\t<meta property=\"og:image:type\" content=\"image\/png\" \/>\n<meta name=\"author\" content=\"Reda\u00e7\u00e3o\" \/>\n<meta name=\"twitter:card\" content=\"summary_large_image\" \/>\n<meta name=\"twitter:label1\" content=\"Escrito por\" \/>\n\t<meta name=\"twitter:data1\" content=\"Reda\u00e7\u00e3o\" \/>\n\t<meta name=\"twitter:label2\" content=\"Est. tempo de leitura\" \/>\n\t<meta name=\"twitter:data2\" content=\"3 minutos\" \/>\n<script type=\"application\/ld+json\" class=\"yoast-schema-graph\">{\"@context\":\"https:\/\/schema.org\",\"@graph\":[{\"@type\":\"WebPage\",\"@id\":\"https:\/\/www.gaveanews.com\/noticias\/zagueiro-do-atletico-deve-atuar-no-sacrificio-no-classico-contra-o-cruzeiro\/\",\"url\":\"https:\/\/www.gaveanews.com\/noticias\/zagueiro-do-atletico-deve-atuar-no-sacrificio-no-classico-contra-o-cruzeiro\/\",\"name\":\"Zagueiro do Atl\u00e9tico deve atuar no sacrif\u00edcio no cl\u00e1ssico contra o Cruzeiro - G\u00e1vea News\",\"isPartOf\":{\"@id\":\"https:\/\/www.gaveanews.com\/noticias\/#website\"},\"primaryImageOfPage\":{\"@id\":\"https:\/\/www.gaveanews.com\/noticias\/zagueiro-do-atletico-deve-atuar-no-sacrificio-no-classico-contra-o-cruzeiro\/#primaryimage\"},\"image\":{\"@id\":\"https:\/\/www.gaveanews.com\/noticias\/zagueiro-do-atletico-deve-atuar-no-sacrificio-no-classico-contra-o-cruzeiro\/#primaryimage\"},\"thumbnailUrl\":\"https:\/\/www.gaveanews.com\/noticias\/wp-content\/uploads\/2025\/09\/Atletico-MG-1.png\",\"datePublished\":\"2025-10-14T15:30:00+00:00\",\"author\":{\"@id\":\"https:\/\/www.gaveanews.com\/noticias\/#\/schema\/person\/489b72d06548fd354568004c62ca4bc1\"},\"breadcrumb\":{\"@id\":\"https:\/\/www.gaveanews.com\/noticias\/zagueiro-do-atletico-deve-atuar-no-sacrificio-no-classico-contra-o-cruzeiro\/#breadcrumb\"},\"inLanguage\":\"pt-BR\",\"potentialAction\":[{\"@type\":\"ReadAction\",\"target\":[\"https:\/\/www.gaveanews.com\/noticias\/zagueiro-do-atletico-deve-atuar-no-sacrificio-no-classico-contra-o-cruzeiro\/\"]}]},{\"@type\":\"ImageObject\",\"inLanguage\":\"pt-BR\",\"@id\":\"https:\/\/www.gaveanews.com\/noticias\/zagueiro-do-atletico-deve-atuar-no-sacrificio-no-classico-contra-o-cruzeiro\/#primaryimage\",\"url\":\"https:\/\/www.gaveanews.com\/noticias\/wp-content\/uploads\/2025\/09\/Atletico-MG-1.png\",\"contentUrl\":\"https:\/\/www.gaveanews.com\/noticias\/wp-content\/uploads\/2025\/09\/Atletico-MG-1.png\",\"width\":1200,\"height\":900,\"caption\":\"Atl\u00e9tico-MG (Foto: Divulga\u00e7\u00e3o\/Atl\u00e9tico)\"},{\"@type\":\"BreadcrumbList\",\"@id\":\"https:\/\/www.gaveanews.com\/noticias\/zagueiro-do-atletico-deve-atuar-no-sacrificio-no-classico-contra-o-cruzeiro\/#breadcrumb\",\"itemListElement\":[{\"@type\":\"ListItem\",\"position\":1,\"name\":\"In\u00edcio\",\"item\":\"https:\/\/www.gaveanews.com\/noticias\/\"},{\"@type\":\"ListItem\",\"position\":2,\"name\":\"Zagueiro do Atl\u00e9tico deve atuar no sacrif\u00edcio no cl\u00e1ssico contra o Cruzeiro\"}]},{\"@type\":\"WebSite\",\"@id\":\"https:\/\/www.gaveanews.com\/noticias\/#website\",\"url\":\"https:\/\/www.gaveanews.com\/noticias\/\",\"name\":\"G\u00e1vea News\",\"description\":\"Veja todas as not\u00edcias sobre o Flamengo: Contrata\u00e7\u00f5es, categorias de base, resultados das partidas, tabela de classifica\u00e7\u00e3o, pr\u00f3ximos jogos!\",\"potentialAction\":[{\"@type\":\"SearchAction\",\"target\":{\"@type\":\"EntryPoint\",\"urlTemplate\":\"https:\/\/www.gaveanews.com\/noticias\/?s={search_term_string}\"},\"query-input\":{\"@type\":\"PropertyValueSpecification\",\"valueRequired\":true,\"valueName\":\"search_term_string\"}}],\"inLanguage\":\"pt-BR\"},{\"@type\":\"Person\",\"@id\":\"https:\/\/www.gaveanews.com\/noticias\/#\/schema\/person\/489b72d06548fd354568004c62ca4bc1\",\"name\":\"Reda\u00e7\u00e3o\",\"image\":{\"@type\":\"ImageObject\",\"inLanguage\":\"pt-BR\",\"@id\":\"https:\/\/www.gaveanews.com\/noticias\/#\/schema\/person\/image\/\",\"url\":\"https:\/\/secure.gravatar.com\/avatar\/e24cd6b1ffde8ab6db89abab880adb7fde7c16ac20ab0680f85dd546b7855e3f?s=96&d=mm&r=g\",\"contentUrl\":\"https:\/\/secure.gravatar.com\/avatar\/e24cd6b1ffde8ab6db89abab880adb7fde7c16ac20ab0680f85dd546b7855e3f?s=96&d=mm&r=g\",\"caption\":\"Reda\u00e7\u00e3o\"},\"url\":\"https:\/\/www.gaveanews.com\/noticias\/author\/redacao\/\"}]}<\/script>\n<!-- \/ Yoast SEO plugin. -->","yoast_head_json":{"title":"Zagueiro do Atl\u00e9tico deve atuar no sacrif\u00edcio no cl\u00e1ssico contra o Cruzeiro - G\u00e1vea News","robots":{"index":"index","follow":"follow","max-snippet":"max-snippet:-1","max-image-preview":"max-image-preview:large","max-video-preview":"max-video-preview:-1"},"canonical":"https:\/\/www.gaveanews.com\/noticias\/zagueiro-do-atletico-deve-atuar-no-sacrificio-no-classico-contra-o-cruzeiro\/","og_locale":"pt_BR","og_type":"article","og_title":"Zagueiro do Atl\u00e9tico deve atuar no sacrif\u00edcio no cl\u00e1ssico contra o Cruzeiro - G\u00e1vea News","og_description":"O Atl\u00e9tico mant\u00e9m a possibilidade de escalar Iv\u00e1n Rom\u00e1n no cl\u00e1ssico diante do Cruzeiro, marcado para quarta-feira (15), \u00e0s 21h30 (hor\u00e1rio de Bras\u00edlia), na Arena MRV, em Belo Horizonte. O duelo ser\u00e1 v\u00e1lido pela 28\u00aa rodada do Campeonato Brasileiro. O zagueiro chileno sofreu uma fratura no punho esquerdo durante a apresenta\u00e7\u00e3o \u00e0 Sele\u00e7\u00e3o Chilena, no [&hellip;]","og_url":"https:\/\/www.gaveanews.com\/noticias\/zagueiro-do-atletico-deve-atuar-no-sacrificio-no-classico-contra-o-cruzeiro\/","og_site_name":"G\u00e1vea News","article_published_time":"2025-10-14T15:30:00+00:00","og_image":[{"width":1200,"height":900,"url":"https:\/\/www.gaveanews.com\/noticias\/wp-content\/uploads\/2025\/09\/Atletico-MG-1.png","type":"image\/png"}],"author":"Reda\u00e7\u00e3o","twitter_card":"summary_large_image","twitter_misc":{"Escrito por":"Reda\u00e7\u00e3o","Est. tempo de leitura":"3 minutos"},"schema":{"@context":"https:\/\/schema.org","@graph":[{"@type":"WebPage","@id":"https:\/\/www.gaveanews.com\/noticias\/zagueiro-do-atletico-deve-atuar-no-sacrificio-no-classico-contra-o-cruzeiro\/","url":"https:\/\/www.gaveanews.com\/noticias\/zagueiro-do-atletico-deve-atuar-no-sacrificio-no-classico-contra-o-cruzeiro\/","name":"Zagueiro do Atl\u00e9tico deve atuar no sacrif\u00edcio no cl\u00e1ssico contra o Cruzeiro - G\u00e1vea News","isPartOf":{"@id":"https:\/\/www.gaveanews.com\/noticias\/#website"},"primaryImageOfPage":{"@id":"https:\/\/www.gaveanews.com\/noticias\/zagueiro-do-atletico-deve-atuar-no-sacrificio-no-classico-contra-o-cruzeiro\/#primaryimage"},"image":{"@id":"https:\/\/www.gaveanews.com\/noticias\/zagueiro-do-atletico-deve-atuar-no-sacrificio-no-classico-contra-o-cruzeiro\/#primaryimage"},"thumbnailUrl":"https:\/\/www.gaveanews.com\/noticias\/wp-content\/uploads\/2025\/09\/Atletico-MG-1.png","datePublished":"2025-10-14T15:30:00+00:00","author":{"@id":"https:\/\/www.gaveanews.com\/noticias\/#\/schema\/person\/489b72d06548fd354568004c62ca4bc1"},"breadcrumb":{"@id":"https:\/\/www.gaveanews.com\/noticias\/zagueiro-do-atletico-deve-atuar-no-sacrificio-no-classico-contra-o-cruzeiro\/#breadcrumb"},"inLanguage":"pt-BR","potentialAction":[{"@type":"ReadAction","target":["https:\/\/www.gaveanews.com\/noticias\/zagueiro-do-atletico-deve-atuar-no-sacrificio-no-classico-contra-o-cruzeiro\/"]}]},{"@type":"ImageObject","inLanguage":"pt-BR","@id":"https:\/\/www.gaveanews.com\/noticias\/zagueiro-do-atletico-deve-atuar-no-sacrificio-no-classico-contra-o-cruzeiro\/#primaryimage","url":"https:\/\/www.gaveanews.com\/noticias\/wp-content\/uploads\/2025\/09\/Atletico-MG-1.png","contentUrl":"https:\/\/www.gaveanews.com\/noticias\/wp-content\/uploads\/2025\/09\/Atletico-MG-1.png","width":1200,"height":900,"caption":"Atl\u00e9tico-MG (Foto: Divulga\u00e7\u00e3o\/Atl\u00e9tico)"},{"@type":"BreadcrumbList","@id":"https:\/\/www.gaveanews.com\/noticias\/zagueiro-do-atletico-deve-atuar-no-sacrificio-no-classico-contra-o-cruzeiro\/#breadcrumb","itemListElement":[{"@type":"ListItem","position":1,"name":"In\u00edcio","item":"https:\/\/www.gaveanews.com\/noticias\/"},{"@type":"ListItem","position":2,"name":"Zagueiro do Atl\u00e9tico deve atuar no sacrif\u00edcio no cl\u00e1ssico contra o Cruzeiro"}]},{"@type":"WebSite","@id":"https:\/\/www.gaveanews.com\/noticias\/#website","url":"https:\/\/www.gaveanews.com\/noticias\/","name":"G\u00e1vea News","description":"Veja todas as not\u00edcias sobre o Flamengo: Contrata\u00e7\u00f5es, categorias de base, resultados das partidas, tabela de classifica\u00e7\u00e3o, pr\u00f3ximos jogos!","potentialAction":[{"@type":"SearchAction","target":{"@type":"EntryPoint","urlTemplate":"https:\/\/www.gaveanews.com\/noticias\/?s={search_term_string}"},"query-input":{"@type":"PropertyValueSpecification","valueRequired":true,"valueName":"search_term_string"}}],"inLanguage":"pt-BR"},{"@type":"Person","@id":"https:\/\/www.gaveanews.com\/noticias\/#\/schema\/person\/489b72d06548fd354568004c62ca4bc1","name":"Reda\u00e7\u00e3o","image":{"@type":"ImageObject","inLanguage":"pt-BR","@id":"https:\/\/www.gaveanews.com\/noticias\/#\/schema\/person\/image\/","url":"https:\/\/secure.gravatar.com\/avatar\/e24cd6b1ffde8ab6db89abab880adb7fde7c16ac20ab0680f85dd546b7855e3f?s=96&d=mm&r=g","contentUrl":"https:\/\/secure.gravatar.com\/avatar\/e24cd6b1ffde8ab6db89abab880adb7fde7c16ac20ab0680f85dd546b7855e3f?s=96&d=mm&r=g","caption":"Reda\u00e7\u00e3o"},"url":"https:\/\/www.gaveanews.com\/noticias\/author\/redacao\/"}]}},"_links":{"self":[{"href":"https:\/\/www.gaveanews.com\/noticias\/wp-json\/wp\/v2\/posts\/4140","targetHints":{"allow":["GET"]}}],"collection":[{"href":"https:\/\/www.gaveanews.com\/noticias\/wp-json\/wp\/v2\/posts"}],"about":[{"href":"https:\/\/www.gaveanews.com\/noticias\/wp-json\/wp\/v2\/types\/post"}],"author":[{"embeddable":true,"href":"https:\/\/www.gaveanews.com\/noticias\/wp-json\/wp\/v2\/users\/2"}],"replies":[{"embeddable":true,"href":"https:\/\/www.gaveanews.com\/noticias\/wp-json\/wp\/v2\/comments?post=4140"}],"version-history":[{"count":1,"href":"https:\/\/www.gaveanews.com\/noticias\/wp-json\/wp\/v2\/posts\/4140\/revisions"}],"predecessor-version":[{"id":4150,"href":"https:\/\/www.gaveanews.com\/noticias\/wp-json\/wp\/v2\/posts\/4140\/revisions\/4150"}],"wp:featuredmedia":[{"embeddable":true,"href":"https:\/\/www.gaveanews.com\/noticias\/wp-json\/wp\/v2\/media\/1480"}],"wp:attachment":[{"href":"https:\/\/www.gaveanews.com\/noticias\/wp-json\/wp\/v2\/media?parent=4140"}],"wp:term":[{"taxonomy":"category","embeddable":true,"href":"https:\/\/www.gaveanews.com\/noticias\/wp-json\/wp\/v2\/categories?post=4140"},{"taxonomy":"post_tag","embeddable":true,"href":"https:\/\/www.gaveanews.com\/noticias\/wp-json\/wp\/v2\/tags?post=4140"}],"curies":[{"name":"wp","href":"https:\/\/api.w.org\/{rel}","templated":true}]}}