{"id":4142,"date":"2025-10-14T17:00:00","date_gmt":"2025-10-14T20:00:00","guid":{"rendered":"https:\/\/www.gaveanews.com\/noticias\/?p=4142"},"modified":"2025-10-14T17:01:04","modified_gmt":"2025-10-14T20:01:04","slug":"a-declaracao-de-ancelotti-apos-a-derrota-da-selecao-brasileira-para-o-japao","status":"publish","type":"post","link":"https:\/\/www.gaveanews.com\/noticias\/a-declaracao-de-ancelotti-apos-a-derrota-da-selecao-brasileira-para-o-japao\/","title":{"rendered":"A declara\u00e7\u00e3o de Ancelotti ap\u00f3s a derrota da Sele\u00e7\u00e3o Brasileira para o Jap\u00e3o"},"content":{"rendered":"<p data-start=\"93\" data-end=\"507\">A Sele\u00e7\u00e3o Brasileira encerrou a Data Fifa de outubro com um rev\u00e9s expressivo. Na manh\u00e3 de ter\u00e7a-feira (14), em T\u00f3quio, o time comandado por Carlo Ancelotti foi derrotado de virada pelo Jap\u00e3o, por 3 a 2, ap\u00f3s abrir dois gols de vantagem no primeiro tempo.<\/p>\n<p data-start=\"93\" data-end=\"507\">Ap\u00f3s a partida, o treinador demonstrou inc\u00f4modo com o resultado e destacou a queda de concentra\u00e7\u00e3o da equipe como fator determinante para o trope\u00e7o.<\/p>\n<p data-start=\"549\" data-end=\"784\">Na avalia\u00e7\u00e3o de Ancelotti, a Sele\u00e7\u00e3o mantinha o controle do jogo at\u00e9 o primeiro gol dos japoneses, que veio ap\u00f3s erro de Fabr\u00edcio Bruno, aos seis minutos da etapa final. Para o t\u00e9cnico, a falha afetou diretamente o desempenho coletivo.<\/p>\n<p data-start=\"786\" data-end=\"1037\">\u201cN\u00e3o est\u00e1 tudo bem, n\u00e3o. Quando a equipe perde, estamos incomodados, isso \u00e9 normal. Todo mundo est\u00e1 incomodado. N\u00e3o gosto de perder, nem os jogadores. Temos que aprender com essa derrota, como sempre no futebol\u201d.<\/p>\n<p data-start=\"1039\" data-end=\"1451\">O treinador ainda detalhou o que considerou o maior equ\u00edvoco da equipe: \u201cAcho que o jogo de hoje, at\u00e9 o erro do Fabr\u00edcio (no primeiro gol), estava controlado. Depois, tenho muito claro o que passou. A equipe caiu mentalmente depois do primeiro erro. Isso foi o maior erro da equipe. Repito, o erro afetou demais\u201d.<\/p>\n<h3 data-start=\"1453\" data-end=\"1491\">Rea\u00e7\u00e3o do elenco e pr\u00f3ximos testes<\/h3>\n<p data-start=\"1493\" data-end=\"1974\">Questionado se falhas individuais poderiam comprometer futuras convoca\u00e7\u00f5es, Ancelotti foi cauteloso. Segundo ele, a avalia\u00e7\u00e3o deve focar na resposta coletiva diante da adversidade:<\/p>\n<p data-start=\"1493\" data-end=\"1974\">\u201cOs erros individuais n\u00e3o afetam na presen\u00e7a de um jogador na equipe. O que temos que avaliar \u00e9 a rea\u00e7\u00e3o da equipe depois do primeiro erro, que n\u00e3o foi boa porque perdemos um pouco do equil\u00edbrio no campo, do pensamento positivo. \u00c9 uma boa aula para o futuro\u201d.<\/p>\n<p data-start=\"1976\" data-end=\"2203\">O Brasil venceu a Coreia do Sul por 5 a 0 no primeiro compromisso da Data Fifa. Entretanto, o trope\u00e7o contra os japoneses encerrou uma sequ\u00eancia invicta de 13 jogos contra a equipe asi\u00e1tica.<\/p>\n<h3 data-start=\"2205\" data-end=\"2240\">Pr\u00f3ximos compromissos e ajustes<\/h3>\n<p data-start=\"2242\" data-end=\"2557\">A Sele\u00e7\u00e3o voltar\u00e1 a campo na pr\u00f3xima janela internacional, entre os dias 10 e 18 de novembro, para amistosos contra Senegal e Tun\u00edsia, marcados para Inglaterra e Fran\u00e7a.<\/p>\n<p data-start=\"2242\" data-end=\"2557\">A comiss\u00e3o t\u00e9cnica pretende seguir com testes t\u00e1ticos e observa\u00e7\u00f5es de elenco, mantendo o foco na prepara\u00e7\u00e3o de longo prazo para a Copa do Mundo.<\/p>\n","protected":false},"excerpt":{"rendered":"<p>A Sele\u00e7\u00e3o Brasileira encerrou a Data Fifa de outubro com um rev\u00e9s expressivo. Na manh\u00e3 de ter\u00e7a-feira (14), em T\u00f3quio, o time comandado por Carlo Ancelotti foi derrotado de virada pelo Jap\u00e3o, por 3 a 2, ap\u00f3s abrir dois gols de vantagem no primeiro tempo. Ap\u00f3s a partida, o treinador demonstrou inc\u00f4modo com o resultado [&hellip;]<\/p>\n","protected":false},"author":2,"featured_media":1045,"comment_status":"open","ping_status":"open","sticky":false,"template":"","format":"standard","meta":{"footnotes":""},"categories":[16],"tags":[],"class_list":{"0":"post-4142","1":"post","2":"type-post","3":"status-publish","4":"format-standard","5":"has-post-thumbnail","7":"category-futebol"},"yoast_head":"<!-- This site is optimized with the Yoast SEO plugin v26.0 - https:\/\/yoast.com\/wordpress\/plugins\/seo\/ -->\n<title>A declara\u00e7\u00e3o de Ancelotti ap\u00f3s a derrota da Sele\u00e7\u00e3o Brasileira para o Jap\u00e3o - G\u00e1vea News<\/title>\n<meta name=\"robots\" content=\"index, follow, max-snippet:-1, max-image-preview:large, max-video-preview:-1\" \/>\n<link rel=\"canonical\" href=\"https:\/\/www.gaveanews.com\/noticias\/a-declaracao-de-ancelotti-apos-a-derrota-da-selecao-brasileira-para-o-japao\/\" \/>\n<meta property=\"og:locale\" content=\"pt_BR\" \/>\n<meta property=\"og:type\" content=\"article\" \/>\n<meta property=\"og:title\" content=\"A declara\u00e7\u00e3o de Ancelotti ap\u00f3s a derrota da Sele\u00e7\u00e3o Brasileira para o Jap\u00e3o - G\u00e1vea News\" \/>\n<meta property=\"og:description\" content=\"A Sele\u00e7\u00e3o Brasileira encerrou a Data Fifa de outubro com um rev\u00e9s expressivo. Na manh\u00e3 de ter\u00e7a-feira (14), em T\u00f3quio, o time comandado por Carlo Ancelotti foi derrotado de virada pelo Jap\u00e3o, por 3 a 2, ap\u00f3s abrir dois gols de vantagem no primeiro tempo. Ap\u00f3s a partida, o treinador demonstrou inc\u00f4modo com o resultado [&hellip;]\" \/>\n<meta property=\"og:url\" content=\"https:\/\/www.gaveanews.com\/noticias\/a-declaracao-de-ancelotti-apos-a-derrota-da-selecao-brasileira-para-o-japao\/\" \/>\n<meta property=\"og:site_name\" content=\"G\u00e1vea News\" \/>\n<meta property=\"article:published_time\" content=\"2025-10-14T20:00:00+00:00\" \/>\n<meta property=\"article:modified_time\" content=\"2025-10-14T20:01:04+00:00\" \/>\n<meta property=\"og:image\" content=\"https:\/\/www.gaveanews.com\/noticias\/wp-content\/uploads\/2025\/09\/Carlo-Ancelotti-em-entrevista-no-Brasil.jpg\" \/>\n\t<meta property=\"og:image:width\" content=\"1280\" \/>\n\t<meta property=\"og:image:height\" content=\"960\" \/>\n\t<meta property=\"og:image:type\" content=\"image\/jpeg\" \/>\n<meta name=\"author\" content=\"Reda\u00e7\u00e3o\" \/>\n<meta name=\"twitter:card\" content=\"summary_large_image\" \/>\n<meta name=\"twitter:label1\" content=\"Escrito por\" \/>\n\t<meta name=\"twitter:data1\" content=\"Reda\u00e7\u00e3o\" \/>\n\t<meta name=\"twitter:label2\" content=\"Est. tempo de leitura\" \/>\n\t<meta name=\"twitter:data2\" content=\"3 minutos\" \/>\n<script type=\"application\/ld+json\" class=\"yoast-schema-graph\">{\"@context\":\"https:\/\/schema.org\",\"@graph\":[{\"@type\":\"WebPage\",\"@id\":\"https:\/\/www.gaveanews.com\/noticias\/a-declaracao-de-ancelotti-apos-a-derrota-da-selecao-brasileira-para-o-japao\/\",\"url\":\"https:\/\/www.gaveanews.com\/noticias\/a-declaracao-de-ancelotti-apos-a-derrota-da-selecao-brasileira-para-o-japao\/\",\"name\":\"A declara\u00e7\u00e3o de Ancelotti ap\u00f3s a derrota da Sele\u00e7\u00e3o Brasileira para o Jap\u00e3o - G\u00e1vea News\",\"isPartOf\":{\"@id\":\"https:\/\/www.gaveanews.com\/noticias\/#website\"},\"primaryImageOfPage\":{\"@id\":\"https:\/\/www.gaveanews.com\/noticias\/a-declaracao-de-ancelotti-apos-a-derrota-da-selecao-brasileira-para-o-japao\/#primaryimage\"},\"image\":{\"@id\":\"https:\/\/www.gaveanews.com\/noticias\/a-declaracao-de-ancelotti-apos-a-derrota-da-selecao-brasileira-para-o-japao\/#primaryimage\"},\"thumbnailUrl\":\"https:\/\/www.gaveanews.com\/noticias\/wp-content\/uploads\/2025\/09\/Carlo-Ancelotti-em-entrevista-no-Brasil.jpg\",\"datePublished\":\"2025-10-14T20:00:00+00:00\",\"dateModified\":\"2025-10-14T20:01:04+00:00\",\"author\":{\"@id\":\"https:\/\/www.gaveanews.com\/noticias\/#\/schema\/person\/489b72d06548fd354568004c62ca4bc1\"},\"breadcrumb\":{\"@id\":\"https:\/\/www.gaveanews.com\/noticias\/a-declaracao-de-ancelotti-apos-a-derrota-da-selecao-brasileira-para-o-japao\/#breadcrumb\"},\"inLanguage\":\"pt-BR\",\"potentialAction\":[{\"@type\":\"ReadAction\",\"target\":[\"https:\/\/www.gaveanews.com\/noticias\/a-declaracao-de-ancelotti-apos-a-derrota-da-selecao-brasileira-para-o-japao\/\"]}]},{\"@type\":\"ImageObject\",\"inLanguage\":\"pt-BR\",\"@id\":\"https:\/\/www.gaveanews.com\/noticias\/a-declaracao-de-ancelotti-apos-a-derrota-da-selecao-brasileira-para-o-japao\/#primaryimage\",\"url\":\"https:\/\/www.gaveanews.com\/noticias\/wp-content\/uploads\/2025\/09\/Carlo-Ancelotti-em-entrevista-no-Brasil.jpg\",\"contentUrl\":\"https:\/\/www.gaveanews.com\/noticias\/wp-content\/uploads\/2025\/09\/Carlo-Ancelotti-em-entrevista-no-Brasil.jpg\",\"width\":1280,\"height\":960,\"caption\":\"Carlo Ancelotti em entrevista no Brasil (Foto: Reprodu\u00e7\u00e3o)\"},{\"@type\":\"BreadcrumbList\",\"@id\":\"https:\/\/www.gaveanews.com\/noticias\/a-declaracao-de-ancelotti-apos-a-derrota-da-selecao-brasileira-para-o-japao\/#breadcrumb\",\"itemListElement\":[{\"@type\":\"ListItem\",\"position\":1,\"name\":\"In\u00edcio\",\"item\":\"https:\/\/www.gaveanews.com\/noticias\/\"},{\"@type\":\"ListItem\",\"position\":2,\"name\":\"A declara\u00e7\u00e3o de Ancelotti ap\u00f3s a derrota da Sele\u00e7\u00e3o Brasileira para o Jap\u00e3o\"}]},{\"@type\":\"WebSite\",\"@id\":\"https:\/\/www.gaveanews.com\/noticias\/#website\",\"url\":\"https:\/\/www.gaveanews.com\/noticias\/\",\"name\":\"G\u00e1vea News\",\"description\":\"Veja todas as not\u00edcias sobre o Flamengo: Contrata\u00e7\u00f5es, categorias de base, resultados das partidas, tabela de classifica\u00e7\u00e3o, pr\u00f3ximos jogos!\",\"potentialAction\":[{\"@type\":\"SearchAction\",\"target\":{\"@type\":\"EntryPoint\",\"urlTemplate\":\"https:\/\/www.gaveanews.com\/noticias\/?s={search_term_string}\"},\"query-input\":{\"@type\":\"PropertyValueSpecification\",\"valueRequired\":true,\"valueName\":\"search_term_string\"}}],\"inLanguage\":\"pt-BR\"},{\"@type\":\"Person\",\"@id\":\"https:\/\/www.gaveanews.com\/noticias\/#\/schema\/person\/489b72d06548fd354568004c62ca4bc1\",\"name\":\"Reda\u00e7\u00e3o\",\"image\":{\"@type\":\"ImageObject\",\"inLanguage\":\"pt-BR\",\"@id\":\"https:\/\/www.gaveanews.com\/noticias\/#\/schema\/person\/image\/\",\"url\":\"https:\/\/secure.gravatar.com\/avatar\/e24cd6b1ffde8ab6db89abab880adb7fde7c16ac20ab0680f85dd546b7855e3f?s=96&d=mm&r=g\",\"contentUrl\":\"https:\/\/secure.gravatar.com\/avatar\/e24cd6b1ffde8ab6db89abab880adb7fde7c16ac20ab0680f85dd546b7855e3f?s=96&d=mm&r=g\",\"caption\":\"Reda\u00e7\u00e3o\"},\"url\":\"https:\/\/www.gaveanews.com\/noticias\/author\/redacao\/\"}]}<\/script>\n<!-- \/ Yoast SEO plugin. -->","yoast_head_json":{"title":"A declara\u00e7\u00e3o de Ancelotti ap\u00f3s a derrota da Sele\u00e7\u00e3o Brasileira para o Jap\u00e3o - G\u00e1vea News","robots":{"index":"index","follow":"follow","max-snippet":"max-snippet:-1","max-image-preview":"max-image-preview:large","max-video-preview":"max-video-preview:-1"},"canonical":"https:\/\/www.gaveanews.com\/noticias\/a-declaracao-de-ancelotti-apos-a-derrota-da-selecao-brasileira-para-o-japao\/","og_locale":"pt_BR","og_type":"article","og_title":"A declara\u00e7\u00e3o de Ancelotti ap\u00f3s a derrota da Sele\u00e7\u00e3o Brasileira para o Jap\u00e3o - G\u00e1vea News","og_description":"A Sele\u00e7\u00e3o Brasileira encerrou a Data Fifa de outubro com um rev\u00e9s expressivo. Na manh\u00e3 de ter\u00e7a-feira (14), em T\u00f3quio, o time comandado por Carlo Ancelotti foi derrotado de virada pelo Jap\u00e3o, por 3 a 2, ap\u00f3s abrir dois gols de vantagem no primeiro tempo. Ap\u00f3s a partida, o treinador demonstrou inc\u00f4modo com o resultado [&hellip;]","og_url":"https:\/\/www.gaveanews.com\/noticias\/a-declaracao-de-ancelotti-apos-a-derrota-da-selecao-brasileira-para-o-japao\/","og_site_name":"G\u00e1vea News","article_published_time":"2025-10-14T20:00:00+00:00","article_modified_time":"2025-10-14T20:01:04+00:00","og_image":[{"width":1280,"height":960,"url":"https:\/\/www.gaveanews.com\/noticias\/wp-content\/uploads\/2025\/09\/Carlo-Ancelotti-em-entrevista-no-Brasil.jpg","type":"image\/jpeg"}],"author":"Reda\u00e7\u00e3o","twitter_card":"summary_large_image","twitter_misc":{"Escrito por":"Reda\u00e7\u00e3o","Est. tempo de leitura":"3 minutos"},"schema":{"@context":"https:\/\/schema.org","@graph":[{"@type":"WebPage","@id":"https:\/\/www.gaveanews.com\/noticias\/a-declaracao-de-ancelotti-apos-a-derrota-da-selecao-brasileira-para-o-japao\/","url":"https:\/\/www.gaveanews.com\/noticias\/a-declaracao-de-ancelotti-apos-a-derrota-da-selecao-brasileira-para-o-japao\/","name":"A declara\u00e7\u00e3o de Ancelotti ap\u00f3s a derrota da Sele\u00e7\u00e3o Brasileira para o Jap\u00e3o - G\u00e1vea News","isPartOf":{"@id":"https:\/\/www.gaveanews.com\/noticias\/#website"},"primaryImageOfPage":{"@id":"https:\/\/www.gaveanews.com\/noticias\/a-declaracao-de-ancelotti-apos-a-derrota-da-selecao-brasileira-para-o-japao\/#primaryimage"},"image":{"@id":"https:\/\/www.gaveanews.com\/noticias\/a-declaracao-de-ancelotti-apos-a-derrota-da-selecao-brasileira-para-o-japao\/#primaryimage"},"thumbnailUrl":"https:\/\/www.gaveanews.com\/noticias\/wp-content\/uploads\/2025\/09\/Carlo-Ancelotti-em-entrevista-no-Brasil.jpg","datePublished":"2025-10-14T20:00:00+00:00","dateModified":"2025-10-14T20:01:04+00:00","author":{"@id":"https:\/\/www.gaveanews.com\/noticias\/#\/schema\/person\/489b72d06548fd354568004c62ca4bc1"},"breadcrumb":{"@id":"https:\/\/www.gaveanews.com\/noticias\/a-declaracao-de-ancelotti-apos-a-derrota-da-selecao-brasileira-para-o-japao\/#breadcrumb"},"inLanguage":"pt-BR","potentialAction":[{"@type":"ReadAction","target":["https:\/\/www.gaveanews.com\/noticias\/a-declaracao-de-ancelotti-apos-a-derrota-da-selecao-brasileira-para-o-japao\/"]}]},{"@type":"ImageObject","inLanguage":"pt-BR","@id":"https:\/\/www.gaveanews.com\/noticias\/a-declaracao-de-ancelotti-apos-a-derrota-da-selecao-brasileira-para-o-japao\/#primaryimage","url":"https:\/\/www.gaveanews.com\/noticias\/wp-content\/uploads\/2025\/09\/Carlo-Ancelotti-em-entrevista-no-Brasil.jpg","contentUrl":"https:\/\/www.gaveanews.com\/noticias\/wp-content\/uploads\/2025\/09\/Carlo-Ancelotti-em-entrevista-no-Brasil.jpg","width":1280,"height":960,"caption":"Carlo Ancelotti em entrevista no Brasil (Foto: Reprodu\u00e7\u00e3o)"},{"@type":"BreadcrumbList","@id":"https:\/\/www.gaveanews.com\/noticias\/a-declaracao-de-ancelotti-apos-a-derrota-da-selecao-brasileira-para-o-japao\/#breadcrumb","itemListElement":[{"@type":"ListItem","position":1,"name":"In\u00edcio","item":"https:\/\/www.gaveanews.com\/noticias\/"},{"@type":"ListItem","position":2,"name":"A declara\u00e7\u00e3o de Ancelotti ap\u00f3s a derrota da Sele\u00e7\u00e3o Brasileira para o Jap\u00e3o"}]},{"@type":"WebSite","@id":"https:\/\/www.gaveanews.com\/noticias\/#website","url":"https:\/\/www.gaveanews.com\/noticias\/","name":"G\u00e1vea News","description":"Veja todas as not\u00edcias sobre o Flamengo: Contrata\u00e7\u00f5es, categorias de base, resultados das partidas, tabela de classifica\u00e7\u00e3o, pr\u00f3ximos jogos!","potentialAction":[{"@type":"SearchAction","target":{"@type":"EntryPoint","urlTemplate":"https:\/\/www.gaveanews.com\/noticias\/?s={search_term_string}"},"query-input":{"@type":"PropertyValueSpecification","valueRequired":true,"valueName":"search_term_string"}}],"inLanguage":"pt-BR"},{"@type":"Person","@id":"https:\/\/www.gaveanews.com\/noticias\/#\/schema\/person\/489b72d06548fd354568004c62ca4bc1","name":"Reda\u00e7\u00e3o","image":{"@type":"ImageObject","inLanguage":"pt-BR","@id":"https:\/\/www.gaveanews.com\/noticias\/#\/schema\/person\/image\/","url":"https:\/\/secure.gravatar.com\/avatar\/e24cd6b1ffde8ab6db89abab880adb7fde7c16ac20ab0680f85dd546b7855e3f?s=96&d=mm&r=g","contentUrl":"https:\/\/secure.gravatar.com\/avatar\/e24cd6b1ffde8ab6db89abab880adb7fde7c16ac20ab0680f85dd546b7855e3f?s=96&d=mm&r=g","caption":"Reda\u00e7\u00e3o"},"url":"https:\/\/www.gaveanews.com\/noticias\/author\/redacao\/"}]}},"_links":{"self":[{"href":"https:\/\/www.gaveanews.com\/noticias\/wp-json\/wp\/v2\/posts\/4142","targetHints":{"allow":["GET"]}}],"collection":[{"href":"https:\/\/www.gaveanews.com\/noticias\/wp-json\/wp\/v2\/posts"}],"about":[{"href":"https:\/\/www.gaveanews.com\/noticias\/wp-json\/wp\/v2\/types\/post"}],"author":[{"embeddable":true,"href":"https:\/\/www.gaveanews.com\/noticias\/wp-json\/wp\/v2\/users\/2"}],"replies":[{"embeddable":true,"href":"https:\/\/www.gaveanews.com\/noticias\/wp-json\/wp\/v2\/comments?post=4142"}],"version-history":[{"count":2,"href":"https:\/\/www.gaveanews.com\/noticias\/wp-json\/wp\/v2\/posts\/4142\/revisions"}],"predecessor-version":[{"id":4202,"href":"https:\/\/www.gaveanews.com\/noticias\/wp-json\/wp\/v2\/posts\/4142\/revisions\/4202"}],"wp:featuredmedia":[{"embeddable":true,"href":"https:\/\/www.gaveanews.com\/noticias\/wp-json\/wp\/v2\/media\/1045"}],"wp:attachment":[{"href":"https:\/\/www.gaveanews.com\/noticias\/wp-json\/wp\/v2\/media?parent=4142"}],"wp:term":[{"taxonomy":"category","embeddable":true,"href":"https:\/\/www.gaveanews.com\/noticias\/wp-json\/wp\/v2\/categories?post=4142"},{"taxonomy":"post_tag","embeddable":true,"href":"https:\/\/www.gaveanews.com\/noticias\/wp-json\/wp\/v2\/tags?post=4142"}],"curies":[{"name":"wp","href":"https:\/\/api.w.org\/{rel}","templated":true}]}}