{"id":4343,"date":"2025-10-15T15:30:00","date_gmt":"2025-10-15T18:30:00","guid":{"rendered":"https:\/\/www.gaveanews.com\/noticias\/?p=4343"},"modified":"2025-10-15T15:29:00","modified_gmt":"2025-10-15T18:29:00","slug":"fluminense-tera-desfalque-de-peso-para-partida-contra-o-juventude","status":"publish","type":"post","link":"https:\/\/www.gaveanews.com\/noticias\/fluminense-tera-desfalque-de-peso-para-partida-contra-o-juventude\/","title":{"rendered":"Fluminense ter\u00e1 desfalque de peso para partida contra o Juventude"},"content":{"rendered":"<p data-start=\"103\" data-end=\"454\">O <a href=\"https:\/\/www.gaveanews.com\/index.php\/category\/brasileirao\/fluminense\/\" target=\"_blank\" rel=\"noopener\">Fluminense<\/a> deve entrar em campo nesta quinta-feira (16), diante do Juventude, no Maracan\u00e3, sem contar com a presen\u00e7a do meia Lucho Acosta. O argentino n\u00e3o participou do \u00faltimo treino do elenco tricolor e, segundo o clube, segue em trabalho individual por controle de carga.<\/p>\n<p data-start=\"456\" data-end=\"820\">A aus\u00eancia do jogador ocorre em um momento em que o t\u00e9cnico Fernando Zubeld\u00eda enfrenta limita\u00e7\u00f5es no setor de meio-campo. Al\u00e9m de Acosta, o Fluminense j\u00e1 n\u00e3o conta com Paulo Henrique Ganso e Nonato, que seguem em recupera\u00e7\u00e3o de les\u00e3o.<\/p>\n<p data-start=\"456\" data-end=\"820\">Lezcano tamb\u00e9m n\u00e3o tem sido relacionado para as \u00faltimas partidas. Assim, a tend\u00eancia \u00e9 que Lima assuma a vaga entre os titulares.<\/p>\n<h3 data-start=\"822\" data-end=\"867\">Sem atuar desde a derrota para o Mirassol<\/h3>\n<p data-start=\"869\" data-end=\"1219\">O elenco do Fluminense n\u00e3o entra em campo desde a derrota por 2 a 1 para o Mirassol, no \u00faltimo dia 8, em partida v\u00e1lida pela 27\u00aa rodada do Campeonato Brasileiro. Desde ent\u00e3o, Acosta n\u00e3o participou de nenhuma atividade com o grupo.<\/p>\n<p data-start=\"869\" data-end=\"1219\">O meia soma 12 partidas desde sua chegada, com dois gols e uma assist\u00eancia, e est\u00e1 pendurado com dois cart\u00f5es amarelos.<\/p>\n<p data-start=\"1221\" data-end=\"1487\">A comiss\u00e3o t\u00e9cnica optou por preservar o jogador, considerando o calend\u00e1rio apertado e o cl\u00e1ssico contra o Vasco j\u00e1 marcado para a pr\u00f3xima segunda-feira (19). A decis\u00e3o faz parte da estrat\u00e9gia de rota\u00e7\u00e3o e preven\u00e7\u00e3o de desgaste f\u00edsico dos principais nomes do elenco.<\/p>\n<h3 data-start=\"1489\" data-end=\"1541\">Lan\u00e7amento de uniforme marca partida no Maracan\u00e3<\/h3>\n<p data-start=\"1543\" data-end=\"1816\">Al\u00e9m da expectativa em campo, o duelo marcar\u00e1 a estreia do novo uniforme 3 do Fluminense. O modelo apresentado nesta quarta-feira (15) traz o gren\u00e1 como cor predominante e detalhes em dourado, com refer\u00eancias diretas \u00e0 cidade do Rio de Janeiro.<\/p>\n<p data-start=\"1818\" data-end=\"2116\">A camisa leva nas costas a frase \u201cn\u00f3s somos do Rio de Janeiro\u201d e inclui grafismos inspirados no carnaval, nas praias e em \u00edcones da cultura fluminense.<\/p>\n<p data-start=\"1818\" data-end=\"2116\">O patch do P\u00e3o de A\u00e7\u00facar refor\u00e7a a identidade visual da pe\u00e7a, que mant\u00e9m a mesma tipografia dos n\u00fameros utilizada nas outras camisas da temporada.<\/p>\n","protected":false},"excerpt":{"rendered":"<p>O Fluminense deve entrar em campo nesta quinta-feira (16), diante do Juventude, no Maracan\u00e3, sem contar com a presen\u00e7a do meia Lucho Acosta. O argentino n\u00e3o participou do \u00faltimo treino do elenco tricolor e, segundo o clube, segue em trabalho individual por controle de carga. A aus\u00eancia do jogador ocorre em um momento em que [&hellip;]<\/p>\n","protected":false},"author":2,"featured_media":907,"comment_status":"open","ping_status":"open","sticky":false,"template":"","format":"standard","meta":{"footnotes":""},"categories":[20],"tags":[],"class_list":{"0":"post-4343","1":"post","2":"type-post","3":"status-publish","4":"format-standard","5":"has-post-thumbnail","7":"category-fluminense"},"yoast_head":"<!-- This site is optimized with the Yoast SEO plugin v26.0 - https:\/\/yoast.com\/wordpress\/plugins\/seo\/ -->\n<title>Fluminense ter\u00e1 desfalque de peso para partida contra o Juventude - G\u00e1vea News<\/title>\n<meta name=\"robots\" content=\"index, follow, max-snippet:-1, max-image-preview:large, max-video-preview:-1\" \/>\n<link rel=\"canonical\" href=\"https:\/\/www.gaveanews.com\/noticias\/fluminense-tera-desfalque-de-peso-para-partida-contra-o-juventude\/\" \/>\n<meta property=\"og:locale\" content=\"pt_BR\" \/>\n<meta property=\"og:type\" content=\"article\" \/>\n<meta property=\"og:title\" content=\"Fluminense ter\u00e1 desfalque de peso para partida contra o Juventude - G\u00e1vea News\" \/>\n<meta property=\"og:description\" content=\"O Fluminense deve entrar em campo nesta quinta-feira (16), diante do Juventude, no Maracan\u00e3, sem contar com a presen\u00e7a do meia Lucho Acosta. O argentino n\u00e3o participou do \u00faltimo treino do elenco tricolor e, segundo o clube, segue em trabalho individual por controle de carga. A aus\u00eancia do jogador ocorre em um momento em que [&hellip;]\" \/>\n<meta property=\"og:url\" content=\"https:\/\/www.gaveanews.com\/noticias\/fluminense-tera-desfalque-de-peso-para-partida-contra-o-juventude\/\" \/>\n<meta property=\"og:site_name\" content=\"G\u00e1vea News\" \/>\n<meta property=\"article:published_time\" content=\"2025-10-15T18:30:00+00:00\" \/>\n<meta property=\"og:image\" content=\"https:\/\/www.gaveanews.com\/noticias\/wp-content\/uploads\/2025\/09\/Camisa-do-Fluminense.png\" \/>\n\t<meta property=\"og:image:width\" content=\"1200\" \/>\n\t<meta property=\"og:image:height\" content=\"900\" \/>\n\t<meta property=\"og:image:type\" content=\"image\/png\" \/>\n<meta name=\"author\" content=\"Reda\u00e7\u00e3o\" \/>\n<meta name=\"twitter:card\" content=\"summary_large_image\" \/>\n<meta name=\"twitter:label1\" content=\"Escrito por\" \/>\n\t<meta name=\"twitter:data1\" content=\"Reda\u00e7\u00e3o\" \/>\n\t<meta name=\"twitter:label2\" content=\"Est. tempo de leitura\" \/>\n\t<meta name=\"twitter:data2\" content=\"2 minutos\" \/>\n<script type=\"application\/ld+json\" class=\"yoast-schema-graph\">{\"@context\":\"https:\/\/schema.org\",\"@graph\":[{\"@type\":\"WebPage\",\"@id\":\"https:\/\/www.gaveanews.com\/noticias\/fluminense-tera-desfalque-de-peso-para-partida-contra-o-juventude\/\",\"url\":\"https:\/\/www.gaveanews.com\/noticias\/fluminense-tera-desfalque-de-peso-para-partida-contra-o-juventude\/\",\"name\":\"Fluminense ter\u00e1 desfalque de peso para partida contra o Juventude - G\u00e1vea News\",\"isPartOf\":{\"@id\":\"https:\/\/www.gaveanews.com\/noticias\/#website\"},\"primaryImageOfPage\":{\"@id\":\"https:\/\/www.gaveanews.com\/noticias\/fluminense-tera-desfalque-de-peso-para-partida-contra-o-juventude\/#primaryimage\"},\"image\":{\"@id\":\"https:\/\/www.gaveanews.com\/noticias\/fluminense-tera-desfalque-de-peso-para-partida-contra-o-juventude\/#primaryimage\"},\"thumbnailUrl\":\"https:\/\/www.gaveanews.com\/noticias\/wp-content\/uploads\/2025\/09\/Camisa-do-Fluminense.png\",\"datePublished\":\"2025-10-15T18:30:00+00:00\",\"author\":{\"@id\":\"https:\/\/www.gaveanews.com\/noticias\/#\/schema\/person\/489b72d06548fd354568004c62ca4bc1\"},\"breadcrumb\":{\"@id\":\"https:\/\/www.gaveanews.com\/noticias\/fluminense-tera-desfalque-de-peso-para-partida-contra-o-juventude\/#breadcrumb\"},\"inLanguage\":\"pt-BR\",\"potentialAction\":[{\"@type\":\"ReadAction\",\"target\":[\"https:\/\/www.gaveanews.com\/noticias\/fluminense-tera-desfalque-de-peso-para-partida-contra-o-juventude\/\"]}]},{\"@type\":\"ImageObject\",\"inLanguage\":\"pt-BR\",\"@id\":\"https:\/\/www.gaveanews.com\/noticias\/fluminense-tera-desfalque-de-peso-para-partida-contra-o-juventude\/#primaryimage\",\"url\":\"https:\/\/www.gaveanews.com\/noticias\/wp-content\/uploads\/2025\/09\/Camisa-do-Fluminense.png\",\"contentUrl\":\"https:\/\/www.gaveanews.com\/noticias\/wp-content\/uploads\/2025\/09\/Camisa-do-Fluminense.png\",\"width\":1200,\"height\":900,\"caption\":\"Camisa do Fluminense (Foto: Marcelo Gon\u00e7alves\/FFC)\"},{\"@type\":\"BreadcrumbList\",\"@id\":\"https:\/\/www.gaveanews.com\/noticias\/fluminense-tera-desfalque-de-peso-para-partida-contra-o-juventude\/#breadcrumb\",\"itemListElement\":[{\"@type\":\"ListItem\",\"position\":1,\"name\":\"In\u00edcio\",\"item\":\"https:\/\/www.gaveanews.com\/noticias\/\"},{\"@type\":\"ListItem\",\"position\":2,\"name\":\"Fluminense ter\u00e1 desfalque de peso para partida contra o Juventude\"}]},{\"@type\":\"WebSite\",\"@id\":\"https:\/\/www.gaveanews.com\/noticias\/#website\",\"url\":\"https:\/\/www.gaveanews.com\/noticias\/\",\"name\":\"G\u00e1vea News\",\"description\":\"Veja todas as not\u00edcias sobre o Flamengo: Contrata\u00e7\u00f5es, categorias de base, resultados das partidas, tabela de classifica\u00e7\u00e3o, pr\u00f3ximos jogos!\",\"potentialAction\":[{\"@type\":\"SearchAction\",\"target\":{\"@type\":\"EntryPoint\",\"urlTemplate\":\"https:\/\/www.gaveanews.com\/noticias\/?s={search_term_string}\"},\"query-input\":{\"@type\":\"PropertyValueSpecification\",\"valueRequired\":true,\"valueName\":\"search_term_string\"}}],\"inLanguage\":\"pt-BR\"},{\"@type\":\"Person\",\"@id\":\"https:\/\/www.gaveanews.com\/noticias\/#\/schema\/person\/489b72d06548fd354568004c62ca4bc1\",\"name\":\"Reda\u00e7\u00e3o\",\"image\":{\"@type\":\"ImageObject\",\"inLanguage\":\"pt-BR\",\"@id\":\"https:\/\/www.gaveanews.com\/noticias\/#\/schema\/person\/image\/\",\"url\":\"https:\/\/secure.gravatar.com\/avatar\/e24cd6b1ffde8ab6db89abab880adb7fde7c16ac20ab0680f85dd546b7855e3f?s=96&d=mm&r=g\",\"contentUrl\":\"https:\/\/secure.gravatar.com\/avatar\/e24cd6b1ffde8ab6db89abab880adb7fde7c16ac20ab0680f85dd546b7855e3f?s=96&d=mm&r=g\",\"caption\":\"Reda\u00e7\u00e3o\"},\"url\":\"https:\/\/www.gaveanews.com\/noticias\/author\/redacao\/\"}]}<\/script>\n<!-- \/ Yoast SEO plugin. -->","yoast_head_json":{"title":"Fluminense ter\u00e1 desfalque de peso para partida contra o Juventude - G\u00e1vea News","robots":{"index":"index","follow":"follow","max-snippet":"max-snippet:-1","max-image-preview":"max-image-preview:large","max-video-preview":"max-video-preview:-1"},"canonical":"https:\/\/www.gaveanews.com\/noticias\/fluminense-tera-desfalque-de-peso-para-partida-contra-o-juventude\/","og_locale":"pt_BR","og_type":"article","og_title":"Fluminense ter\u00e1 desfalque de peso para partida contra o Juventude - G\u00e1vea News","og_description":"O Fluminense deve entrar em campo nesta quinta-feira (16), diante do Juventude, no Maracan\u00e3, sem contar com a presen\u00e7a do meia Lucho Acosta. O argentino n\u00e3o participou do \u00faltimo treino do elenco tricolor e, segundo o clube, segue em trabalho individual por controle de carga. A aus\u00eancia do jogador ocorre em um momento em que [&hellip;]","og_url":"https:\/\/www.gaveanews.com\/noticias\/fluminense-tera-desfalque-de-peso-para-partida-contra-o-juventude\/","og_site_name":"G\u00e1vea News","article_published_time":"2025-10-15T18:30:00+00:00","og_image":[{"width":1200,"height":900,"url":"https:\/\/www.gaveanews.com\/noticias\/wp-content\/uploads\/2025\/09\/Camisa-do-Fluminense.png","type":"image\/png"}],"author":"Reda\u00e7\u00e3o","twitter_card":"summary_large_image","twitter_misc":{"Escrito por":"Reda\u00e7\u00e3o","Est. tempo de leitura":"2 minutos"},"schema":{"@context":"https:\/\/schema.org","@graph":[{"@type":"WebPage","@id":"https:\/\/www.gaveanews.com\/noticias\/fluminense-tera-desfalque-de-peso-para-partida-contra-o-juventude\/","url":"https:\/\/www.gaveanews.com\/noticias\/fluminense-tera-desfalque-de-peso-para-partida-contra-o-juventude\/","name":"Fluminense ter\u00e1 desfalque de peso para partida contra o Juventude - G\u00e1vea News","isPartOf":{"@id":"https:\/\/www.gaveanews.com\/noticias\/#website"},"primaryImageOfPage":{"@id":"https:\/\/www.gaveanews.com\/noticias\/fluminense-tera-desfalque-de-peso-para-partida-contra-o-juventude\/#primaryimage"},"image":{"@id":"https:\/\/www.gaveanews.com\/noticias\/fluminense-tera-desfalque-de-peso-para-partida-contra-o-juventude\/#primaryimage"},"thumbnailUrl":"https:\/\/www.gaveanews.com\/noticias\/wp-content\/uploads\/2025\/09\/Camisa-do-Fluminense.png","datePublished":"2025-10-15T18:30:00+00:00","author":{"@id":"https:\/\/www.gaveanews.com\/noticias\/#\/schema\/person\/489b72d06548fd354568004c62ca4bc1"},"breadcrumb":{"@id":"https:\/\/www.gaveanews.com\/noticias\/fluminense-tera-desfalque-de-peso-para-partida-contra-o-juventude\/#breadcrumb"},"inLanguage":"pt-BR","potentialAction":[{"@type":"ReadAction","target":["https:\/\/www.gaveanews.com\/noticias\/fluminense-tera-desfalque-de-peso-para-partida-contra-o-juventude\/"]}]},{"@type":"ImageObject","inLanguage":"pt-BR","@id":"https:\/\/www.gaveanews.com\/noticias\/fluminense-tera-desfalque-de-peso-para-partida-contra-o-juventude\/#primaryimage","url":"https:\/\/www.gaveanews.com\/noticias\/wp-content\/uploads\/2025\/09\/Camisa-do-Fluminense.png","contentUrl":"https:\/\/www.gaveanews.com\/noticias\/wp-content\/uploads\/2025\/09\/Camisa-do-Fluminense.png","width":1200,"height":900,"caption":"Camisa do Fluminense (Foto: Marcelo Gon\u00e7alves\/FFC)"},{"@type":"BreadcrumbList","@id":"https:\/\/www.gaveanews.com\/noticias\/fluminense-tera-desfalque-de-peso-para-partida-contra-o-juventude\/#breadcrumb","itemListElement":[{"@type":"ListItem","position":1,"name":"In\u00edcio","item":"https:\/\/www.gaveanews.com\/noticias\/"},{"@type":"ListItem","position":2,"name":"Fluminense ter\u00e1 desfalque de peso para partida contra o Juventude"}]},{"@type":"WebSite","@id":"https:\/\/www.gaveanews.com\/noticias\/#website","url":"https:\/\/www.gaveanews.com\/noticias\/","name":"G\u00e1vea News","description":"Veja todas as not\u00edcias sobre o Flamengo: Contrata\u00e7\u00f5es, categorias de base, resultados das partidas, tabela de classifica\u00e7\u00e3o, pr\u00f3ximos jogos!","potentialAction":[{"@type":"SearchAction","target":{"@type":"EntryPoint","urlTemplate":"https:\/\/www.gaveanews.com\/noticias\/?s={search_term_string}"},"query-input":{"@type":"PropertyValueSpecification","valueRequired":true,"valueName":"search_term_string"}}],"inLanguage":"pt-BR"},{"@type":"Person","@id":"https:\/\/www.gaveanews.com\/noticias\/#\/schema\/person\/489b72d06548fd354568004c62ca4bc1","name":"Reda\u00e7\u00e3o","image":{"@type":"ImageObject","inLanguage":"pt-BR","@id":"https:\/\/www.gaveanews.com\/noticias\/#\/schema\/person\/image\/","url":"https:\/\/secure.gravatar.com\/avatar\/e24cd6b1ffde8ab6db89abab880adb7fde7c16ac20ab0680f85dd546b7855e3f?s=96&d=mm&r=g","contentUrl":"https:\/\/secure.gravatar.com\/avatar\/e24cd6b1ffde8ab6db89abab880adb7fde7c16ac20ab0680f85dd546b7855e3f?s=96&d=mm&r=g","caption":"Reda\u00e7\u00e3o"},"url":"https:\/\/www.gaveanews.com\/noticias\/author\/redacao\/"}]}},"_links":{"self":[{"href":"https:\/\/www.gaveanews.com\/noticias\/wp-json\/wp\/v2\/posts\/4343","targetHints":{"allow":["GET"]}}],"collection":[{"href":"https:\/\/www.gaveanews.com\/noticias\/wp-json\/wp\/v2\/posts"}],"about":[{"href":"https:\/\/www.gaveanews.com\/noticias\/wp-json\/wp\/v2\/types\/post"}],"author":[{"embeddable":true,"href":"https:\/\/www.gaveanews.com\/noticias\/wp-json\/wp\/v2\/users\/2"}],"replies":[{"embeddable":true,"href":"https:\/\/www.gaveanews.com\/noticias\/wp-json\/wp\/v2\/comments?post=4343"}],"version-history":[{"count":2,"href":"https:\/\/www.gaveanews.com\/noticias\/wp-json\/wp\/v2\/posts\/4343\/revisions"}],"predecessor-version":[{"id":4351,"href":"https:\/\/www.gaveanews.com\/noticias\/wp-json\/wp\/v2\/posts\/4343\/revisions\/4351"}],"wp:featuredmedia":[{"embeddable":true,"href":"https:\/\/www.gaveanews.com\/noticias\/wp-json\/wp\/v2\/media\/907"}],"wp:attachment":[{"href":"https:\/\/www.gaveanews.com\/noticias\/wp-json\/wp\/v2\/media?parent=4343"}],"wp:term":[{"taxonomy":"category","embeddable":true,"href":"https:\/\/www.gaveanews.com\/noticias\/wp-json\/wp\/v2\/categories?post=4343"},{"taxonomy":"post_tag","embeddable":true,"href":"https:\/\/www.gaveanews.com\/noticias\/wp-json\/wp\/v2\/tags?post=4343"}],"curies":[{"name":"wp","href":"https:\/\/api.w.org\/{rel}","templated":true}]}}