{"id":4446,"date":"2025-10-16T13:50:00","date_gmt":"2025-10-16T16:50:00","guid":{"rendered":"https:\/\/www.gaveanews.com\/noticias\/?p=4446"},"modified":"2025-10-16T13:34:12","modified_gmt":"2025-10-16T16:34:12","slug":"a-declaracao-do-tecnico-do-fortaleza-apos-a-vitoria-do-vasco","status":"publish","type":"post","link":"https:\/\/www.gaveanews.com\/noticias\/a-declaracao-do-tecnico-do-fortaleza-apos-a-vitoria-do-vasco\/","title":{"rendered":"A declara\u00e7\u00e3o do t\u00e9cnico do Fortaleza ap\u00f3s a vit\u00f3ria do Vasco"},"content":{"rendered":"<p data-start=\"101\" data-end=\"574\">Ap\u00f3s a derrota por 2 a 0 para o <a href=\"https:\/\/www.gaveanews.com\/index.php\/category\/brasileirao\/vasco\/\" target=\"_blank\" rel=\"noopener\">Vasco<\/a>, na noite de quarta-feira (15), na Arena Castel\u00e3o, o t\u00e9cnico Mart\u00edn Palermo lamentou o resultado e, principalmente, a forma como a partida terminou.<\/p>\n<p data-start=\"101\" data-end=\"574\">O cl\u00e1ssico terminou com tr\u00eas jogadores do Fortaleza expulsos ap\u00f3s confus\u00e3o generalizada entre os atletas das duas equipes. Para o treinador argentino, a equipe foi prejudicada pelas decis\u00f5es da arbitragem e pelas rea\u00e7\u00f5es no fim do jogo.<\/p>\n<p data-start=\"617\" data-end=\"936\">Palermo demonstrou insatisfa\u00e7\u00e3o com os desdobramentos da partida, que resultaram nas expuls\u00f5es de Adam Bareiro, Kuscevic e Pablo Roberto. O primeiro foi expulso durante o jogo, enquanto os outros dois foram punidos ap\u00f3s o apito final, ap\u00f3s revis\u00e3o do VAR.<\/p>\n<p data-start=\"938\" data-end=\"1193\">&#8220;\u00c9 uma l\u00e1stima que tenha terminado assim. Perguntaria ao outro lado por que reagiram assim. Prego respeito ao rival. Mas bem, s\u00e3o coisas de dentro de campo. No fim, fomos prejudicados com as expuls\u00f5es de v\u00e1rios jogadores&#8221;, declarou.<\/p>\n<p data-start=\"1195\" data-end=\"1506\">A confus\u00e3o teve in\u00edcio logo ap\u00f3s o cart\u00e3o vermelho direto para Bareiro, j\u00e1 nos acr\u00e9scimos. Jogadores dos dois times se envolveram em empurr\u00f5es, e alguns atletas passaram a trocar acusa\u00e7\u00f5es e empurr\u00f5es ainda no gramado.<\/p>\n<p data-start=\"1195\" data-end=\"1506\">O \u00e1rbitro consultou as imagens e aplicou mais dois cart\u00f5es vermelhos ao elenco do Fortaleza.<\/p>\n<h3 data-start=\"1508\" data-end=\"1554\">Desfalques aumentam desafio para sequ\u00eancia<\/h3>\n<p data-start=\"1556\" data-end=\"1835\">Palermo tamb\u00e9m comentou as dificuldades que as aus\u00eancias provocadas pelas puni\u00e7\u00f5es trar\u00e3o para os pr\u00f3ximos jogos. Com elenco curto e em reta decisiva, o treinador ressaltou que ser\u00e1 necess\u00e1rio reorganizar o grupo para encarar o Cruzeiro, no s\u00e1bado (18), no Mineir\u00e3o.<\/p>\n<p data-start=\"1837\" data-end=\"1948\">&#8220;Trataremos de Crispim, Pacheco, jogadores que vamos necessitar. Ainda mais com as expuls\u00f5es no fim&#8221;, afirmou.<\/p>\n<h3 data-start=\"1950\" data-end=\"1988\">Retorno de Mois\u00e9s \u00e9 ponto positivo<\/h3>\n<p data-start=\"1990\" data-end=\"2254\">Apesar do rev\u00e9s e do clima tenso ao fim do jogo, Palermo valorizou o retorno de Mois\u00e9s. O atacante voltou a ser relacionado ap\u00f3s seis meses fora por les\u00e3o e entrou em campo no segundo tempo. O treinador destacou o esfor\u00e7o do atleta e sua import\u00e2ncia para o elenco.<\/p>\n<p data-start=\"2256\" data-end=\"2472\">&#8220;Sabemos da import\u00e2ncia que ele (Mois\u00e9s) tem. Recuperou a confian\u00e7a em ficar dentro dos relacionados. \u00c9 um jogador importante. Me sinto parte de ter ajudado ele. Vamos necessitar de todos nessa reta final&#8221;, avaliou.<\/p>\n<p data-start=\"2502\" data-end=\"2842\">O pr\u00f3ximo desafio ser\u00e1 contra o Cruzeiro, pela 29\u00aa rodada, no s\u00e1bado (18), \u00e0s 21h, no Mineir\u00e3o.<\/p>\n","protected":false},"excerpt":{"rendered":"<p>Ap\u00f3s a derrota por 2 a 0 para o Vasco, na noite de quarta-feira (15), na Arena Castel\u00e3o, o t\u00e9cnico Mart\u00edn Palermo lamentou o resultado e, principalmente, a forma como a partida terminou. O cl\u00e1ssico terminou com tr\u00eas jogadores do Fortaleza expulsos ap\u00f3s confus\u00e3o generalizada entre os atletas das duas equipes. Para o treinador argentino, [&hellip;]<\/p>\n","protected":false},"author":2,"featured_media":4501,"comment_status":"open","ping_status":"open","sticky":false,"template":"","format":"standard","meta":{"footnotes":""},"categories":[25],"tags":[],"class_list":{"0":"post-4446","1":"post","2":"type-post","3":"status-publish","4":"format-standard","5":"has-post-thumbnail","7":"category-vasco"},"yoast_head":"<!-- This site is optimized with the Yoast SEO plugin v26.0 - https:\/\/yoast.com\/wordpress\/plugins\/seo\/ -->\n<title>A declara\u00e7\u00e3o do t\u00e9cnico do Fortaleza ap\u00f3s a vit\u00f3ria do Vasco - G\u00e1vea News<\/title>\n<meta name=\"robots\" content=\"index, follow, max-snippet:-1, max-image-preview:large, max-video-preview:-1\" \/>\n<link rel=\"canonical\" href=\"https:\/\/www.gaveanews.com\/noticias\/a-declaracao-do-tecnico-do-fortaleza-apos-a-vitoria-do-vasco\/\" \/>\n<meta property=\"og:locale\" content=\"pt_BR\" \/>\n<meta property=\"og:type\" content=\"article\" \/>\n<meta property=\"og:title\" content=\"A declara\u00e7\u00e3o do t\u00e9cnico do Fortaleza ap\u00f3s a vit\u00f3ria do Vasco - G\u00e1vea News\" \/>\n<meta property=\"og:description\" content=\"Ap\u00f3s a derrota por 2 a 0 para o Vasco, na noite de quarta-feira (15), na Arena Castel\u00e3o, o t\u00e9cnico Mart\u00edn Palermo lamentou o resultado e, principalmente, a forma como a partida terminou. O cl\u00e1ssico terminou com tr\u00eas jogadores do Fortaleza expulsos ap\u00f3s confus\u00e3o generalizada entre os atletas das duas equipes. Para o treinador argentino, [&hellip;]\" \/>\n<meta property=\"og:url\" content=\"https:\/\/www.gaveanews.com\/noticias\/a-declaracao-do-tecnico-do-fortaleza-apos-a-vitoria-do-vasco\/\" \/>\n<meta property=\"og:site_name\" content=\"G\u00e1vea News\" \/>\n<meta property=\"article:published_time\" content=\"2025-10-16T16:50:00+00:00\" \/>\n<meta property=\"og:image\" content=\"https:\/\/www.gaveanews.com\/noticias\/wp-content\/uploads\/2025\/10\/Martin-Palermo.jpg\" \/>\n\t<meta property=\"og:image:width\" content=\"1280\" \/>\n\t<meta property=\"og:image:height\" content=\"960\" \/>\n\t<meta property=\"og:image:type\" content=\"image\/jpeg\" \/>\n<meta name=\"author\" content=\"Reda\u00e7\u00e3o\" \/>\n<meta name=\"twitter:card\" content=\"summary_large_image\" \/>\n<meta name=\"twitter:label1\" content=\"Escrito por\" \/>\n\t<meta name=\"twitter:data1\" content=\"Reda\u00e7\u00e3o\" \/>\n\t<meta name=\"twitter:label2\" content=\"Est. tempo de leitura\" \/>\n\t<meta name=\"twitter:data2\" content=\"3 minutos\" \/>\n<script type=\"application\/ld+json\" class=\"yoast-schema-graph\">{\"@context\":\"https:\/\/schema.org\",\"@graph\":[{\"@type\":\"WebPage\",\"@id\":\"https:\/\/www.gaveanews.com\/noticias\/a-declaracao-do-tecnico-do-fortaleza-apos-a-vitoria-do-vasco\/\",\"url\":\"https:\/\/www.gaveanews.com\/noticias\/a-declaracao-do-tecnico-do-fortaleza-apos-a-vitoria-do-vasco\/\",\"name\":\"A declara\u00e7\u00e3o do t\u00e9cnico do Fortaleza ap\u00f3s a vit\u00f3ria do Vasco - G\u00e1vea News\",\"isPartOf\":{\"@id\":\"https:\/\/www.gaveanews.com\/noticias\/#website\"},\"primaryImageOfPage\":{\"@id\":\"https:\/\/www.gaveanews.com\/noticias\/a-declaracao-do-tecnico-do-fortaleza-apos-a-vitoria-do-vasco\/#primaryimage\"},\"image\":{\"@id\":\"https:\/\/www.gaveanews.com\/noticias\/a-declaracao-do-tecnico-do-fortaleza-apos-a-vitoria-do-vasco\/#primaryimage\"},\"thumbnailUrl\":\"https:\/\/www.gaveanews.com\/noticias\/wp-content\/uploads\/2025\/10\/Martin-Palermo.jpg\",\"datePublished\":\"2025-10-16T16:50:00+00:00\",\"author\":{\"@id\":\"https:\/\/www.gaveanews.com\/noticias\/#\/schema\/person\/489b72d06548fd354568004c62ca4bc1\"},\"breadcrumb\":{\"@id\":\"https:\/\/www.gaveanews.com\/noticias\/a-declaracao-do-tecnico-do-fortaleza-apos-a-vitoria-do-vasco\/#breadcrumb\"},\"inLanguage\":\"pt-BR\",\"potentialAction\":[{\"@type\":\"ReadAction\",\"target\":[\"https:\/\/www.gaveanews.com\/noticias\/a-declaracao-do-tecnico-do-fortaleza-apos-a-vitoria-do-vasco\/\"]}]},{\"@type\":\"ImageObject\",\"inLanguage\":\"pt-BR\",\"@id\":\"https:\/\/www.gaveanews.com\/noticias\/a-declaracao-do-tecnico-do-fortaleza-apos-a-vitoria-do-vasco\/#primaryimage\",\"url\":\"https:\/\/www.gaveanews.com\/noticias\/wp-content\/uploads\/2025\/10\/Martin-Palermo.jpg\",\"contentUrl\":\"https:\/\/www.gaveanews.com\/noticias\/wp-content\/uploads\/2025\/10\/Martin-Palermo.jpg\",\"width\":1280,\"height\":960,\"caption\":\"Mart\u00edn Palermo em coletiva de imprensa (Foto: Reprodu\u00e7\u00e3o)\"},{\"@type\":\"BreadcrumbList\",\"@id\":\"https:\/\/www.gaveanews.com\/noticias\/a-declaracao-do-tecnico-do-fortaleza-apos-a-vitoria-do-vasco\/#breadcrumb\",\"itemListElement\":[{\"@type\":\"ListItem\",\"position\":1,\"name\":\"In\u00edcio\",\"item\":\"https:\/\/www.gaveanews.com\/noticias\/\"},{\"@type\":\"ListItem\",\"position\":2,\"name\":\"A declara\u00e7\u00e3o do t\u00e9cnico do Fortaleza ap\u00f3s a vit\u00f3ria do Vasco\"}]},{\"@type\":\"WebSite\",\"@id\":\"https:\/\/www.gaveanews.com\/noticias\/#website\",\"url\":\"https:\/\/www.gaveanews.com\/noticias\/\",\"name\":\"G\u00e1vea News\",\"description\":\"Veja todas as not\u00edcias sobre o Flamengo: Contrata\u00e7\u00f5es, categorias de base, resultados das partidas, tabela de classifica\u00e7\u00e3o, pr\u00f3ximos jogos!\",\"potentialAction\":[{\"@type\":\"SearchAction\",\"target\":{\"@type\":\"EntryPoint\",\"urlTemplate\":\"https:\/\/www.gaveanews.com\/noticias\/?s={search_term_string}\"},\"query-input\":{\"@type\":\"PropertyValueSpecification\",\"valueRequired\":true,\"valueName\":\"search_term_string\"}}],\"inLanguage\":\"pt-BR\"},{\"@type\":\"Person\",\"@id\":\"https:\/\/www.gaveanews.com\/noticias\/#\/schema\/person\/489b72d06548fd354568004c62ca4bc1\",\"name\":\"Reda\u00e7\u00e3o\",\"image\":{\"@type\":\"ImageObject\",\"inLanguage\":\"pt-BR\",\"@id\":\"https:\/\/www.gaveanews.com\/noticias\/#\/schema\/person\/image\/\",\"url\":\"https:\/\/secure.gravatar.com\/avatar\/e24cd6b1ffde8ab6db89abab880adb7fde7c16ac20ab0680f85dd546b7855e3f?s=96&d=mm&r=g\",\"contentUrl\":\"https:\/\/secure.gravatar.com\/avatar\/e24cd6b1ffde8ab6db89abab880adb7fde7c16ac20ab0680f85dd546b7855e3f?s=96&d=mm&r=g\",\"caption\":\"Reda\u00e7\u00e3o\"},\"url\":\"https:\/\/www.gaveanews.com\/noticias\/author\/redacao\/\"}]}<\/script>\n<!-- \/ Yoast SEO plugin. -->","yoast_head_json":{"title":"A declara\u00e7\u00e3o do t\u00e9cnico do Fortaleza ap\u00f3s a vit\u00f3ria do Vasco - G\u00e1vea News","robots":{"index":"index","follow":"follow","max-snippet":"max-snippet:-1","max-image-preview":"max-image-preview:large","max-video-preview":"max-video-preview:-1"},"canonical":"https:\/\/www.gaveanews.com\/noticias\/a-declaracao-do-tecnico-do-fortaleza-apos-a-vitoria-do-vasco\/","og_locale":"pt_BR","og_type":"article","og_title":"A declara\u00e7\u00e3o do t\u00e9cnico do Fortaleza ap\u00f3s a vit\u00f3ria do Vasco - G\u00e1vea News","og_description":"Ap\u00f3s a derrota por 2 a 0 para o Vasco, na noite de quarta-feira (15), na Arena Castel\u00e3o, o t\u00e9cnico Mart\u00edn Palermo lamentou o resultado e, principalmente, a forma como a partida terminou. O cl\u00e1ssico terminou com tr\u00eas jogadores do Fortaleza expulsos ap\u00f3s confus\u00e3o generalizada entre os atletas das duas equipes. Para o treinador argentino, [&hellip;]","og_url":"https:\/\/www.gaveanews.com\/noticias\/a-declaracao-do-tecnico-do-fortaleza-apos-a-vitoria-do-vasco\/","og_site_name":"G\u00e1vea News","article_published_time":"2025-10-16T16:50:00+00:00","og_image":[{"width":1280,"height":960,"url":"https:\/\/www.gaveanews.com\/noticias\/wp-content\/uploads\/2025\/10\/Martin-Palermo.jpg","type":"image\/jpeg"}],"author":"Reda\u00e7\u00e3o","twitter_card":"summary_large_image","twitter_misc":{"Escrito por":"Reda\u00e7\u00e3o","Est. tempo de leitura":"3 minutos"},"schema":{"@context":"https:\/\/schema.org","@graph":[{"@type":"WebPage","@id":"https:\/\/www.gaveanews.com\/noticias\/a-declaracao-do-tecnico-do-fortaleza-apos-a-vitoria-do-vasco\/","url":"https:\/\/www.gaveanews.com\/noticias\/a-declaracao-do-tecnico-do-fortaleza-apos-a-vitoria-do-vasco\/","name":"A declara\u00e7\u00e3o do t\u00e9cnico do Fortaleza ap\u00f3s a vit\u00f3ria do Vasco - G\u00e1vea News","isPartOf":{"@id":"https:\/\/www.gaveanews.com\/noticias\/#website"},"primaryImageOfPage":{"@id":"https:\/\/www.gaveanews.com\/noticias\/a-declaracao-do-tecnico-do-fortaleza-apos-a-vitoria-do-vasco\/#primaryimage"},"image":{"@id":"https:\/\/www.gaveanews.com\/noticias\/a-declaracao-do-tecnico-do-fortaleza-apos-a-vitoria-do-vasco\/#primaryimage"},"thumbnailUrl":"https:\/\/www.gaveanews.com\/noticias\/wp-content\/uploads\/2025\/10\/Martin-Palermo.jpg","datePublished":"2025-10-16T16:50:00+00:00","author":{"@id":"https:\/\/www.gaveanews.com\/noticias\/#\/schema\/person\/489b72d06548fd354568004c62ca4bc1"},"breadcrumb":{"@id":"https:\/\/www.gaveanews.com\/noticias\/a-declaracao-do-tecnico-do-fortaleza-apos-a-vitoria-do-vasco\/#breadcrumb"},"inLanguage":"pt-BR","potentialAction":[{"@type":"ReadAction","target":["https:\/\/www.gaveanews.com\/noticias\/a-declaracao-do-tecnico-do-fortaleza-apos-a-vitoria-do-vasco\/"]}]},{"@type":"ImageObject","inLanguage":"pt-BR","@id":"https:\/\/www.gaveanews.com\/noticias\/a-declaracao-do-tecnico-do-fortaleza-apos-a-vitoria-do-vasco\/#primaryimage","url":"https:\/\/www.gaveanews.com\/noticias\/wp-content\/uploads\/2025\/10\/Martin-Palermo.jpg","contentUrl":"https:\/\/www.gaveanews.com\/noticias\/wp-content\/uploads\/2025\/10\/Martin-Palermo.jpg","width":1280,"height":960,"caption":"Mart\u00edn Palermo em coletiva de imprensa (Foto: Reprodu\u00e7\u00e3o)"},{"@type":"BreadcrumbList","@id":"https:\/\/www.gaveanews.com\/noticias\/a-declaracao-do-tecnico-do-fortaleza-apos-a-vitoria-do-vasco\/#breadcrumb","itemListElement":[{"@type":"ListItem","position":1,"name":"In\u00edcio","item":"https:\/\/www.gaveanews.com\/noticias\/"},{"@type":"ListItem","position":2,"name":"A declara\u00e7\u00e3o do t\u00e9cnico do Fortaleza ap\u00f3s a vit\u00f3ria do Vasco"}]},{"@type":"WebSite","@id":"https:\/\/www.gaveanews.com\/noticias\/#website","url":"https:\/\/www.gaveanews.com\/noticias\/","name":"G\u00e1vea News","description":"Veja todas as not\u00edcias sobre o Flamengo: Contrata\u00e7\u00f5es, categorias de base, resultados das partidas, tabela de classifica\u00e7\u00e3o, pr\u00f3ximos jogos!","potentialAction":[{"@type":"SearchAction","target":{"@type":"EntryPoint","urlTemplate":"https:\/\/www.gaveanews.com\/noticias\/?s={search_term_string}"},"query-input":{"@type":"PropertyValueSpecification","valueRequired":true,"valueName":"search_term_string"}}],"inLanguage":"pt-BR"},{"@type":"Person","@id":"https:\/\/www.gaveanews.com\/noticias\/#\/schema\/person\/489b72d06548fd354568004c62ca4bc1","name":"Reda\u00e7\u00e3o","image":{"@type":"ImageObject","inLanguage":"pt-BR","@id":"https:\/\/www.gaveanews.com\/noticias\/#\/schema\/person\/image\/","url":"https:\/\/secure.gravatar.com\/avatar\/e24cd6b1ffde8ab6db89abab880adb7fde7c16ac20ab0680f85dd546b7855e3f?s=96&d=mm&r=g","contentUrl":"https:\/\/secure.gravatar.com\/avatar\/e24cd6b1ffde8ab6db89abab880adb7fde7c16ac20ab0680f85dd546b7855e3f?s=96&d=mm&r=g","caption":"Reda\u00e7\u00e3o"},"url":"https:\/\/www.gaveanews.com\/noticias\/author\/redacao\/"}]}},"_links":{"self":[{"href":"https:\/\/www.gaveanews.com\/noticias\/wp-json\/wp\/v2\/posts\/4446","targetHints":{"allow":["GET"]}}],"collection":[{"href":"https:\/\/www.gaveanews.com\/noticias\/wp-json\/wp\/v2\/posts"}],"about":[{"href":"https:\/\/www.gaveanews.com\/noticias\/wp-json\/wp\/v2\/types\/post"}],"author":[{"embeddable":true,"href":"https:\/\/www.gaveanews.com\/noticias\/wp-json\/wp\/v2\/users\/2"}],"replies":[{"embeddable":true,"href":"https:\/\/www.gaveanews.com\/noticias\/wp-json\/wp\/v2\/comments?post=4446"}],"version-history":[{"count":2,"href":"https:\/\/www.gaveanews.com\/noticias\/wp-json\/wp\/v2\/posts\/4446\/revisions"}],"predecessor-version":[{"id":4503,"href":"https:\/\/www.gaveanews.com\/noticias\/wp-json\/wp\/v2\/posts\/4446\/revisions\/4503"}],"wp:featuredmedia":[{"embeddable":true,"href":"https:\/\/www.gaveanews.com\/noticias\/wp-json\/wp\/v2\/media\/4501"}],"wp:attachment":[{"href":"https:\/\/www.gaveanews.com\/noticias\/wp-json\/wp\/v2\/media?parent=4446"}],"wp:term":[{"taxonomy":"category","embeddable":true,"href":"https:\/\/www.gaveanews.com\/noticias\/wp-json\/wp\/v2\/categories?post=4446"},{"taxonomy":"post_tag","embeddable":true,"href":"https:\/\/www.gaveanews.com\/noticias\/wp-json\/wp\/v2\/tags?post=4446"}],"curies":[{"name":"wp","href":"https:\/\/api.w.org\/{rel}","templated":true}]}}