{"id":4484,"date":"2025-10-16T15:20:00","date_gmt":"2025-10-16T18:20:00","guid":{"rendered":"https:\/\/www.gaveanews.com\/noticias\/?p=4484"},"modified":"2025-10-16T14:49:37","modified_gmt":"2025-10-16T17:49:37","slug":"atletico-mg-vai-acionar-stjd-contra-atacante-do-cruzeiro","status":"publish","type":"post","link":"https:\/\/www.gaveanews.com\/noticias\/atletico-mg-vai-acionar-stjd-contra-atacante-do-cruzeiro\/","title":{"rendered":"Atl\u00e9tico-MG vai acionar STJD contra atacante do Cruzeiro"},"content":{"rendered":"<p data-start=\"114\" data-end=\"488\">O Atl\u00e9tico-MG ir\u00e1 formalizar uma not\u00edcia de infra\u00e7\u00e3o no Superior Tribunal de Justi\u00e7a Desportiva (STJD) contra o atacante Kaio Jorge, do Cruzeiro. A decis\u00e3o foi confirmada ap\u00f3s o epis\u00f3dio ocorrido durante o empate por 1 a 1 no cl\u00e1ssico disputado na Arena MRV.<\/p>\n<p data-start=\"114\" data-end=\"488\">O executivo de futebol do clube, Paulo Bracks, confirmou a a\u00e7\u00e3o nesta quinta-feira (16). O movimento\u00a0do Atl\u00e9tico se baseia em um momento em que Kaio Jorge aperta deliberadamente a m\u00e3o direita do zagueiro Ivan Rom\u00e1n, com uma fratura confirmada no local.<\/p>\n<p data-start=\"114\" data-end=\"488\">A atitude ocorreu durante a partida, e segundo Bracks, trata-se de um gesto \u201ccovarde\u201d e \u201cdesleal\u201d: <span style=\"color: initial;\">\u201cN\u00e3o estamos falando da cotovelada que ele d\u00e1 no Ivan Rom\u00e1n, que gera, na minha opini\u00e3o, erradamente o cart\u00e3o amarelo. N\u00e3o estamos falando do gesto de roubo, que originou o cart\u00e3o vermelho\u201d, iniciou. <\/span><\/p>\n<p data-start=\"114\" data-end=\"488\"><span style=\"color: initial;\">\u201cMas sim de uma atitude covarde e desleal que ele teve com um colega de profiss\u00e3o\u201d, declarou o dirigente atleticano. \u201cUm jogador que pleiteia vaga na sele\u00e7\u00e3o brasileira n\u00e3o pode ter uma atitude covarde como essa.\u201d<\/span><\/p>\n<h3 data-start=\"1184\" data-end=\"1219\">Clube aciona Justi\u00e7a Desportiva<\/h3>\n<p data-start=\"1221\" data-end=\"1394\">De acordo com Bracks, o Atl\u00e9tico-MG entende que o gesto de Kaio Jorge vai al\u00e9m do contexto esportivo e deve ser analisado por inst\u00e2ncias disciplinares da Justi\u00e7a Desportiva.<\/p>\n<p data-start=\"1221\" data-end=\"1394\"><span style=\"color: initial;\">\u201cCiente de que o Ivan tem uma fratura na m\u00e3o, ele fez o que fez. O Tribunal vai analisar se foi uma agress\u00e3o ou uma conduta contr\u00e1ria \u00e0 \u00e9tica e \u00e0 disciplina, mas a gente precisa levar o caso \u00e0 Justi\u00e7a Desportiva.\u201d<\/span><\/p>\n<p data-start=\"1613\" data-end=\"1698\">O pr\u00f3prio Rom\u00e1n, ap\u00f3s o apito final, minimizou o epis\u00f3dio, mas reconheceu o ocorrido: <span style=\"color: initial;\">\u201cTem um v\u00eddeo que d\u00e1 para ver, ele aperta a minha m\u00e3o. Mas s\u00e3o coisas do jogo. Se ele pensou que era uma boa fazer isso, \u00e9 escolha dele. N\u00e3o me importa\u201d, afirmou.<\/span><\/p>\n<h3 data-start=\"1885\" data-end=\"1938\">Les\u00e3o confirmada e situa\u00e7\u00e3o com a sele\u00e7\u00e3o chilena<\/h3>\n<p data-start=\"1940\" data-end=\"2244\">O Atl\u00e9tico confirmou que Ivan Rom\u00e1n possui uma fratura na m\u00e3o direita \u2014 embora, inicialmente, a sele\u00e7\u00e3o do Chile tenha apontado a m\u00e3o esquerda como lesionada.<\/p>\n<p data-start=\"1940\" data-end=\"2244\">A Federa\u00e7\u00e3o Chilena chegou a sugerir uma cirurgia, mas o Galo optou por tratar o caso com cautela, adiando o procedimento at\u00e9 o fim da temporada.<\/p>\n<h3 data-start=\"2441\" data-end=\"2481\"><\/h3>\n","protected":false},"excerpt":{"rendered":"<p>O Atl\u00e9tico-MG ir\u00e1 formalizar uma not\u00edcia de infra\u00e7\u00e3o no Superior Tribunal de Justi\u00e7a Desportiva (STJD) contra o atacante Kaio Jorge, do Cruzeiro. A decis\u00e3o foi confirmada ap\u00f3s o epis\u00f3dio ocorrido durante o empate por 1 a 1 no cl\u00e1ssico disputado na Arena MRV. O executivo de futebol do clube, Paulo Bracks, confirmou a a\u00e7\u00e3o nesta [&hellip;]<\/p>\n","protected":false},"author":2,"featured_media":1480,"comment_status":"open","ping_status":"open","sticky":false,"template":"","format":"standard","meta":{"footnotes":""},"categories":[18],"tags":[],"class_list":{"0":"post-4484","1":"post","2":"type-post","3":"status-publish","4":"format-standard","5":"has-post-thumbnail","7":"category-atletico-mg"},"yoast_head":"<!-- This site is optimized with the Yoast SEO plugin v26.0 - https:\/\/yoast.com\/wordpress\/plugins\/seo\/ -->\n<title>Atl\u00e9tico-MG vai acionar STJD contra atacante do Cruzeiro - G\u00e1vea News<\/title>\n<meta name=\"robots\" content=\"index, follow, max-snippet:-1, max-image-preview:large, max-video-preview:-1\" \/>\n<link rel=\"canonical\" href=\"https:\/\/www.gaveanews.com\/noticias\/atletico-mg-vai-acionar-stjd-contra-atacante-do-cruzeiro\/\" \/>\n<meta property=\"og:locale\" content=\"pt_BR\" \/>\n<meta property=\"og:type\" content=\"article\" \/>\n<meta property=\"og:title\" content=\"Atl\u00e9tico-MG vai acionar STJD contra atacante do Cruzeiro - G\u00e1vea News\" \/>\n<meta property=\"og:description\" content=\"O Atl\u00e9tico-MG ir\u00e1 formalizar uma not\u00edcia de infra\u00e7\u00e3o no Superior Tribunal de Justi\u00e7a Desportiva (STJD) contra o atacante Kaio Jorge, do Cruzeiro. A decis\u00e3o foi confirmada ap\u00f3s o epis\u00f3dio ocorrido durante o empate por 1 a 1 no cl\u00e1ssico disputado na Arena MRV. O executivo de futebol do clube, Paulo Bracks, confirmou a a\u00e7\u00e3o nesta [&hellip;]\" \/>\n<meta property=\"og:url\" content=\"https:\/\/www.gaveanews.com\/noticias\/atletico-mg-vai-acionar-stjd-contra-atacante-do-cruzeiro\/\" \/>\n<meta property=\"og:site_name\" content=\"G\u00e1vea News\" \/>\n<meta property=\"article:published_time\" content=\"2025-10-16T18:20:00+00:00\" \/>\n<meta property=\"og:image\" content=\"https:\/\/www.gaveanews.com\/noticias\/wp-content\/uploads\/2025\/09\/Atletico-MG-1.png\" \/>\n\t<meta property=\"og:image:width\" content=\"1200\" \/>\n\t<meta property=\"og:image:height\" content=\"900\" \/>\n\t<meta property=\"og:image:type\" content=\"image\/png\" \/>\n<meta name=\"author\" content=\"Reda\u00e7\u00e3o\" \/>\n<meta name=\"twitter:card\" content=\"summary_large_image\" \/>\n<meta name=\"twitter:label1\" content=\"Escrito por\" \/>\n\t<meta name=\"twitter:data1\" content=\"Reda\u00e7\u00e3o\" \/>\n\t<meta name=\"twitter:label2\" content=\"Est. tempo de leitura\" \/>\n\t<meta name=\"twitter:data2\" content=\"3 minutos\" \/>\n<script type=\"application\/ld+json\" class=\"yoast-schema-graph\">{\"@context\":\"https:\/\/schema.org\",\"@graph\":[{\"@type\":\"WebPage\",\"@id\":\"https:\/\/www.gaveanews.com\/noticias\/atletico-mg-vai-acionar-stjd-contra-atacante-do-cruzeiro\/\",\"url\":\"https:\/\/www.gaveanews.com\/noticias\/atletico-mg-vai-acionar-stjd-contra-atacante-do-cruzeiro\/\",\"name\":\"Atl\u00e9tico-MG vai acionar STJD contra atacante do Cruzeiro - G\u00e1vea News\",\"isPartOf\":{\"@id\":\"https:\/\/www.gaveanews.com\/noticias\/#website\"},\"primaryImageOfPage\":{\"@id\":\"https:\/\/www.gaveanews.com\/noticias\/atletico-mg-vai-acionar-stjd-contra-atacante-do-cruzeiro\/#primaryimage\"},\"image\":{\"@id\":\"https:\/\/www.gaveanews.com\/noticias\/atletico-mg-vai-acionar-stjd-contra-atacante-do-cruzeiro\/#primaryimage\"},\"thumbnailUrl\":\"https:\/\/www.gaveanews.com\/noticias\/wp-content\/uploads\/2025\/09\/Atletico-MG-1.png\",\"datePublished\":\"2025-10-16T18:20:00+00:00\",\"author\":{\"@id\":\"https:\/\/www.gaveanews.com\/noticias\/#\/schema\/person\/489b72d06548fd354568004c62ca4bc1\"},\"breadcrumb\":{\"@id\":\"https:\/\/www.gaveanews.com\/noticias\/atletico-mg-vai-acionar-stjd-contra-atacante-do-cruzeiro\/#breadcrumb\"},\"inLanguage\":\"pt-BR\",\"potentialAction\":[{\"@type\":\"ReadAction\",\"target\":[\"https:\/\/www.gaveanews.com\/noticias\/atletico-mg-vai-acionar-stjd-contra-atacante-do-cruzeiro\/\"]}]},{\"@type\":\"ImageObject\",\"inLanguage\":\"pt-BR\",\"@id\":\"https:\/\/www.gaveanews.com\/noticias\/atletico-mg-vai-acionar-stjd-contra-atacante-do-cruzeiro\/#primaryimage\",\"url\":\"https:\/\/www.gaveanews.com\/noticias\/wp-content\/uploads\/2025\/09\/Atletico-MG-1.png\",\"contentUrl\":\"https:\/\/www.gaveanews.com\/noticias\/wp-content\/uploads\/2025\/09\/Atletico-MG-1.png\",\"width\":1200,\"height\":900,\"caption\":\"Atl\u00e9tico-MG (Foto: Divulga\u00e7\u00e3o\/Atl\u00e9tico)\"},{\"@type\":\"BreadcrumbList\",\"@id\":\"https:\/\/www.gaveanews.com\/noticias\/atletico-mg-vai-acionar-stjd-contra-atacante-do-cruzeiro\/#breadcrumb\",\"itemListElement\":[{\"@type\":\"ListItem\",\"position\":1,\"name\":\"In\u00edcio\",\"item\":\"https:\/\/www.gaveanews.com\/noticias\/\"},{\"@type\":\"ListItem\",\"position\":2,\"name\":\"Atl\u00e9tico-MG vai acionar STJD contra atacante do Cruzeiro\"}]},{\"@type\":\"WebSite\",\"@id\":\"https:\/\/www.gaveanews.com\/noticias\/#website\",\"url\":\"https:\/\/www.gaveanews.com\/noticias\/\",\"name\":\"G\u00e1vea News\",\"description\":\"Veja todas as not\u00edcias sobre o Flamengo: Contrata\u00e7\u00f5es, categorias de base, resultados das partidas, tabela de classifica\u00e7\u00e3o, pr\u00f3ximos jogos!\",\"potentialAction\":[{\"@type\":\"SearchAction\",\"target\":{\"@type\":\"EntryPoint\",\"urlTemplate\":\"https:\/\/www.gaveanews.com\/noticias\/?s={search_term_string}\"},\"query-input\":{\"@type\":\"PropertyValueSpecification\",\"valueRequired\":true,\"valueName\":\"search_term_string\"}}],\"inLanguage\":\"pt-BR\"},{\"@type\":\"Person\",\"@id\":\"https:\/\/www.gaveanews.com\/noticias\/#\/schema\/person\/489b72d06548fd354568004c62ca4bc1\",\"name\":\"Reda\u00e7\u00e3o\",\"image\":{\"@type\":\"ImageObject\",\"inLanguage\":\"pt-BR\",\"@id\":\"https:\/\/www.gaveanews.com\/noticias\/#\/schema\/person\/image\/\",\"url\":\"https:\/\/secure.gravatar.com\/avatar\/e24cd6b1ffde8ab6db89abab880adb7fde7c16ac20ab0680f85dd546b7855e3f?s=96&d=mm&r=g\",\"contentUrl\":\"https:\/\/secure.gravatar.com\/avatar\/e24cd6b1ffde8ab6db89abab880adb7fde7c16ac20ab0680f85dd546b7855e3f?s=96&d=mm&r=g\",\"caption\":\"Reda\u00e7\u00e3o\"},\"url\":\"https:\/\/www.gaveanews.com\/noticias\/author\/redacao\/\"}]}<\/script>\n<!-- \/ Yoast SEO plugin. -->","yoast_head_json":{"title":"Atl\u00e9tico-MG vai acionar STJD contra atacante do Cruzeiro - G\u00e1vea News","robots":{"index":"index","follow":"follow","max-snippet":"max-snippet:-1","max-image-preview":"max-image-preview:large","max-video-preview":"max-video-preview:-1"},"canonical":"https:\/\/www.gaveanews.com\/noticias\/atletico-mg-vai-acionar-stjd-contra-atacante-do-cruzeiro\/","og_locale":"pt_BR","og_type":"article","og_title":"Atl\u00e9tico-MG vai acionar STJD contra atacante do Cruzeiro - G\u00e1vea News","og_description":"O Atl\u00e9tico-MG ir\u00e1 formalizar uma not\u00edcia de infra\u00e7\u00e3o no Superior Tribunal de Justi\u00e7a Desportiva (STJD) contra o atacante Kaio Jorge, do Cruzeiro. A decis\u00e3o foi confirmada ap\u00f3s o epis\u00f3dio ocorrido durante o empate por 1 a 1 no cl\u00e1ssico disputado na Arena MRV. O executivo de futebol do clube, Paulo Bracks, confirmou a a\u00e7\u00e3o nesta [&hellip;]","og_url":"https:\/\/www.gaveanews.com\/noticias\/atletico-mg-vai-acionar-stjd-contra-atacante-do-cruzeiro\/","og_site_name":"G\u00e1vea News","article_published_time":"2025-10-16T18:20:00+00:00","og_image":[{"width":1200,"height":900,"url":"https:\/\/www.gaveanews.com\/noticias\/wp-content\/uploads\/2025\/09\/Atletico-MG-1.png","type":"image\/png"}],"author":"Reda\u00e7\u00e3o","twitter_card":"summary_large_image","twitter_misc":{"Escrito por":"Reda\u00e7\u00e3o","Est. tempo de leitura":"3 minutos"},"schema":{"@context":"https:\/\/schema.org","@graph":[{"@type":"WebPage","@id":"https:\/\/www.gaveanews.com\/noticias\/atletico-mg-vai-acionar-stjd-contra-atacante-do-cruzeiro\/","url":"https:\/\/www.gaveanews.com\/noticias\/atletico-mg-vai-acionar-stjd-contra-atacante-do-cruzeiro\/","name":"Atl\u00e9tico-MG vai acionar STJD contra atacante do Cruzeiro - G\u00e1vea News","isPartOf":{"@id":"https:\/\/www.gaveanews.com\/noticias\/#website"},"primaryImageOfPage":{"@id":"https:\/\/www.gaveanews.com\/noticias\/atletico-mg-vai-acionar-stjd-contra-atacante-do-cruzeiro\/#primaryimage"},"image":{"@id":"https:\/\/www.gaveanews.com\/noticias\/atletico-mg-vai-acionar-stjd-contra-atacante-do-cruzeiro\/#primaryimage"},"thumbnailUrl":"https:\/\/www.gaveanews.com\/noticias\/wp-content\/uploads\/2025\/09\/Atletico-MG-1.png","datePublished":"2025-10-16T18:20:00+00:00","author":{"@id":"https:\/\/www.gaveanews.com\/noticias\/#\/schema\/person\/489b72d06548fd354568004c62ca4bc1"},"breadcrumb":{"@id":"https:\/\/www.gaveanews.com\/noticias\/atletico-mg-vai-acionar-stjd-contra-atacante-do-cruzeiro\/#breadcrumb"},"inLanguage":"pt-BR","potentialAction":[{"@type":"ReadAction","target":["https:\/\/www.gaveanews.com\/noticias\/atletico-mg-vai-acionar-stjd-contra-atacante-do-cruzeiro\/"]}]},{"@type":"ImageObject","inLanguage":"pt-BR","@id":"https:\/\/www.gaveanews.com\/noticias\/atletico-mg-vai-acionar-stjd-contra-atacante-do-cruzeiro\/#primaryimage","url":"https:\/\/www.gaveanews.com\/noticias\/wp-content\/uploads\/2025\/09\/Atletico-MG-1.png","contentUrl":"https:\/\/www.gaveanews.com\/noticias\/wp-content\/uploads\/2025\/09\/Atletico-MG-1.png","width":1200,"height":900,"caption":"Atl\u00e9tico-MG (Foto: Divulga\u00e7\u00e3o\/Atl\u00e9tico)"},{"@type":"BreadcrumbList","@id":"https:\/\/www.gaveanews.com\/noticias\/atletico-mg-vai-acionar-stjd-contra-atacante-do-cruzeiro\/#breadcrumb","itemListElement":[{"@type":"ListItem","position":1,"name":"In\u00edcio","item":"https:\/\/www.gaveanews.com\/noticias\/"},{"@type":"ListItem","position":2,"name":"Atl\u00e9tico-MG vai acionar STJD contra atacante do Cruzeiro"}]},{"@type":"WebSite","@id":"https:\/\/www.gaveanews.com\/noticias\/#website","url":"https:\/\/www.gaveanews.com\/noticias\/","name":"G\u00e1vea News","description":"Veja todas as not\u00edcias sobre o Flamengo: Contrata\u00e7\u00f5es, categorias de base, resultados das partidas, tabela de classifica\u00e7\u00e3o, pr\u00f3ximos jogos!","potentialAction":[{"@type":"SearchAction","target":{"@type":"EntryPoint","urlTemplate":"https:\/\/www.gaveanews.com\/noticias\/?s={search_term_string}"},"query-input":{"@type":"PropertyValueSpecification","valueRequired":true,"valueName":"search_term_string"}}],"inLanguage":"pt-BR"},{"@type":"Person","@id":"https:\/\/www.gaveanews.com\/noticias\/#\/schema\/person\/489b72d06548fd354568004c62ca4bc1","name":"Reda\u00e7\u00e3o","image":{"@type":"ImageObject","inLanguage":"pt-BR","@id":"https:\/\/www.gaveanews.com\/noticias\/#\/schema\/person\/image\/","url":"https:\/\/secure.gravatar.com\/avatar\/e24cd6b1ffde8ab6db89abab880adb7fde7c16ac20ab0680f85dd546b7855e3f?s=96&d=mm&r=g","contentUrl":"https:\/\/secure.gravatar.com\/avatar\/e24cd6b1ffde8ab6db89abab880adb7fde7c16ac20ab0680f85dd546b7855e3f?s=96&d=mm&r=g","caption":"Reda\u00e7\u00e3o"},"url":"https:\/\/www.gaveanews.com\/noticias\/author\/redacao\/"}]}},"_links":{"self":[{"href":"https:\/\/www.gaveanews.com\/noticias\/wp-json\/wp\/v2\/posts\/4484","targetHints":{"allow":["GET"]}}],"collection":[{"href":"https:\/\/www.gaveanews.com\/noticias\/wp-json\/wp\/v2\/posts"}],"about":[{"href":"https:\/\/www.gaveanews.com\/noticias\/wp-json\/wp\/v2\/types\/post"}],"author":[{"embeddable":true,"href":"https:\/\/www.gaveanews.com\/noticias\/wp-json\/wp\/v2\/users\/2"}],"replies":[{"embeddable":true,"href":"https:\/\/www.gaveanews.com\/noticias\/wp-json\/wp\/v2\/comments?post=4484"}],"version-history":[{"count":1,"href":"https:\/\/www.gaveanews.com\/noticias\/wp-json\/wp\/v2\/posts\/4484\/revisions"}],"predecessor-version":[{"id":4535,"href":"https:\/\/www.gaveanews.com\/noticias\/wp-json\/wp\/v2\/posts\/4484\/revisions\/4535"}],"wp:featuredmedia":[{"embeddable":true,"href":"https:\/\/www.gaveanews.com\/noticias\/wp-json\/wp\/v2\/media\/1480"}],"wp:attachment":[{"href":"https:\/\/www.gaveanews.com\/noticias\/wp-json\/wp\/v2\/media?parent=4484"}],"wp:term":[{"taxonomy":"category","embeddable":true,"href":"https:\/\/www.gaveanews.com\/noticias\/wp-json\/wp\/v2\/categories?post=4484"},{"taxonomy":"post_tag","embeddable":true,"href":"https:\/\/www.gaveanews.com\/noticias\/wp-json\/wp\/v2\/tags?post=4484"}],"curies":[{"name":"wp","href":"https:\/\/api.w.org\/{rel}","templated":true}]}}