{"id":734,"date":"2025-09-15T04:30:18","date_gmt":"2025-09-15T07:30:18","guid":{"rendered":"https:\/\/www.gaveanews.com\/noticias\/?p=734"},"modified":"2025-09-15T04:31:12","modified_gmt":"2025-09-15T07:31:12","slug":"resposta-do-flamengo-para-o-palmeiras-ganha-destaque-na-europa","status":"publish","type":"post","link":"https:\/\/www.gaveanews.com\/noticias\/resposta-do-flamengo-para-o-palmeiras-ganha-destaque-na-europa\/","title":{"rendered":"&#8216;Resposta&#8217; do Flamengo para o Palmeiras ganha destaque na Europa"},"content":{"rendered":"\n<p>O <a href=\"https:\/\/www.gaveanews.com\/index.php\/category\/brasileirao\/flamengo\/\" target=\"_blank\" rel=\"noopener noreferrer\">Flamengo<\/a> venceu o Juventude por 2 a 0, no domingo (14 de setembro), pela 23\u00aa rodada do Campeonato Brasileiro. O jogo foi no Alfredo Jaconi, em Caxias do Sul. Arrascaeta marcou no primeiro tempo, e Emerson Royal ampliou nos minutos finais. Assim, o l\u00edder chegou a 50 pontos e manteve vantagem de quatro sobre o <a href=\"https:\/\/www.gaveanews.com\/index.php\/category\/brasileirao\/palmeiras\/\" target=\"_blank\" rel=\"noopener noreferrer\">Palmeiras<\/a>.<\/p>\n\n\n\n<p>O duelo teve peso simb\u00f3lico para os cariocas, que n\u00e3o venciam em Caxias do Sul havia 28 anos. Diante deste cen\u00e1rio, o jornal &#8216;A bola&#8217; deu destaque para a resposta do Flamengo ao Palmeiras:<\/p>\n\n\n\n<figure class=\"wp-block-embed is-type-rich is-provider-twitter wp-block-embed-twitter\"><div class=\"wp-block-embed__wrapper\">\n<blockquote class=\"twitter-tweet\" data-width=\"550\" data-dnt=\"true\"><p lang=\"pt\" dir=\"ltr\">Imprensa da Europa destaca &#39;resposta&#39; do <a href=\"https:\/\/twitter.com\/hashtag\/Flamengo?src=hash&amp;ref_src=twsrc%5Etfw\">#Flamengo<\/a> ao Palmeiras no Brasileir\u00e3o: <a href=\"https:\/\/t.co\/CSGOOn2lVo\">pic.twitter.com\/CSGOOn2lVo<\/a><\/p>&mdash; G\u00e1vea News (@GaveaNews_) <a href=\"https:\/\/twitter.com\/GaveaNews_\/status\/1967374059668381700?ref_src=twsrc%5Etfw\">September 14, 2025<\/a><\/blockquote><script async src=\"https:\/\/platform.twitter.com\/widgets.js\" charset=\"utf-8\"><\/script>\n<\/div><\/figure>\n\n\n\n<p>Cabe relembrar que no primeiro turno, o Flamengo goleou o Juventude por 6 a 0 no Rio.<\/p>\n\n\n\n<p><strong>Detalhes sobre o jogo:<\/strong><\/p>\n\n\n\n<p>O in\u00edcio foi do time ga\u00facho, que amea\u00e7ou em bolas paradas com Nen\u00ea. A defesa rubro-negra se ajustou e passou a controlar a posse. A primeira jogada efetiva saiu aos 22 minutos, em avan\u00e7o de Samuel Lino pela esquerda. <\/p>\n\n\n\n<p>Pouco depois, aos 31, cruzamento pela faixa lateral encontrou Arrascaeta, que cabeceou para abrir o placar. J\u00e1 na etapa final, o Juventude adiantou as linhas e levantou bolas na \u00e1rea, mas faltou precis\u00e3o. <\/p>\n\n\n\n<p>O Flamengo controlou o ritmo e priorizou a solidez defensiva. Arrascaeta acertou a trave em falta aos 36 minutos. Aos 41, Allan virou o jogo e achou Emerson Royal livre; o lateral cabeceou firme e definiu a vit\u00f3ria.<\/p>\n\n\n\n<p>A partida registrou 15.204 torcedores e renda de R$ 748.973,00. Raphael Claus apitou o jogo. Receberam cart\u00e3o amarelo Ayrton Lucas, Gabriel Taliari e \u00canio.<\/p>\n","protected":false},"excerpt":{"rendered":"<p>O Flamengo venceu o Juventude por 2 a 0, no domingo (14 de setembro), pela 23\u00aa rodada do Campeonato Brasileiro. O jogo foi no Alfredo Jaconi, em Caxias do Sul. Arrascaeta marcou no primeiro tempo, e Emerson Royal ampliou nos minutos finais. Assim, o l\u00edder chegou a 50 pontos e manteve vantagem de quatro sobre [&hellip;]<\/p>\n","protected":false},"author":2,"featured_media":0,"comment_status":"open","ping_status":"open","sticky":false,"template":"","format":"standard","meta":{"footnotes":""},"categories":[12],"tags":[],"class_list":{"0":"post-734","1":"post","2":"type-post","3":"status-publish","4":"format-standard","6":"category-flamengo"},"yoast_head":"<!-- This site is optimized with the Yoast SEO plugin v26.0 - https:\/\/yoast.com\/wordpress\/plugins\/seo\/ -->\n<title>&#039;Resposta&#039; do Flamengo para o Palmeiras ganha destaque na Europa - G\u00e1vea News<\/title>\n<meta name=\"robots\" content=\"index, follow, max-snippet:-1, max-image-preview:large, max-video-preview:-1\" \/>\n<link rel=\"canonical\" href=\"https:\/\/www.gaveanews.com\/noticias\/resposta-do-flamengo-para-o-palmeiras-ganha-destaque-na-europa\/\" \/>\n<meta property=\"og:locale\" content=\"pt_BR\" \/>\n<meta property=\"og:type\" content=\"article\" \/>\n<meta property=\"og:title\" content=\"&#039;Resposta&#039; do Flamengo para o Palmeiras ganha destaque na Europa - G\u00e1vea News\" \/>\n<meta property=\"og:description\" content=\"O Flamengo venceu o Juventude por 2 a 0, no domingo (14 de setembro), pela 23\u00aa rodada do Campeonato Brasileiro. O jogo foi no Alfredo Jaconi, em Caxias do Sul. Arrascaeta marcou no primeiro tempo, e Emerson Royal ampliou nos minutos finais. Assim, o l\u00edder chegou a 50 pontos e manteve vantagem de quatro sobre [&hellip;]\" \/>\n<meta property=\"og:url\" content=\"https:\/\/www.gaveanews.com\/noticias\/resposta-do-flamengo-para-o-palmeiras-ganha-destaque-na-europa\/\" \/>\n<meta property=\"og:site_name\" content=\"G\u00e1vea News\" \/>\n<meta property=\"article:published_time\" content=\"2025-09-15T07:30:18+00:00\" \/>\n<meta property=\"article:modified_time\" content=\"2025-09-15T07:31:12+00:00\" \/>\n<meta property=\"og:image\" content=\"https:\/\/www.gaveanews.com\/noticias\/wp-content\/uploads\/2025\/09\/Filipe-Luis-durante-jogo-do-Flamengo-no-Maracana.webp\" \/>\n\t<meta property=\"og:image:width\" content=\"1319\" \/>\n\t<meta property=\"og:image:height\" content=\"879\" \/>\n\t<meta property=\"og:image:type\" content=\"image\/webp\" \/>\n<meta name=\"author\" content=\"Reda\u00e7\u00e3o\" \/>\n<meta name=\"twitter:card\" content=\"summary_large_image\" \/>\n<meta name=\"twitter:label1\" content=\"Escrito por\" \/>\n\t<meta name=\"twitter:data1\" content=\"Reda\u00e7\u00e3o\" \/>\n\t<meta name=\"twitter:label2\" content=\"Est. tempo de leitura\" \/>\n\t<meta name=\"twitter:data2\" content=\"1 minuto\" \/>\n<script type=\"application\/ld+json\" class=\"yoast-schema-graph\">{\"@context\":\"https:\/\/schema.org\",\"@graph\":[{\"@type\":\"WebPage\",\"@id\":\"https:\/\/www.gaveanews.com\/noticias\/resposta-do-flamengo-para-o-palmeiras-ganha-destaque-na-europa\/\",\"url\":\"https:\/\/www.gaveanews.com\/noticias\/resposta-do-flamengo-para-o-palmeiras-ganha-destaque-na-europa\/\",\"name\":\"'Resposta' do Flamengo para o Palmeiras ganha destaque na Europa - G\u00e1vea News\",\"isPartOf\":{\"@id\":\"https:\/\/www.gaveanews.com\/noticias\/#website\"},\"datePublished\":\"2025-09-15T07:30:18+00:00\",\"dateModified\":\"2025-09-15T07:31:12+00:00\",\"author\":{\"@id\":\"https:\/\/www.gaveanews.com\/noticias\/#\/schema\/person\/489b72d06548fd354568004c62ca4bc1\"},\"breadcrumb\":{\"@id\":\"https:\/\/www.gaveanews.com\/noticias\/resposta-do-flamengo-para-o-palmeiras-ganha-destaque-na-europa\/#breadcrumb\"},\"inLanguage\":\"pt-BR\",\"potentialAction\":[{\"@type\":\"ReadAction\",\"target\":[\"https:\/\/www.gaveanews.com\/noticias\/resposta-do-flamengo-para-o-palmeiras-ganha-destaque-na-europa\/\"]}]},{\"@type\":\"BreadcrumbList\",\"@id\":\"https:\/\/www.gaveanews.com\/noticias\/resposta-do-flamengo-para-o-palmeiras-ganha-destaque-na-europa\/#breadcrumb\",\"itemListElement\":[{\"@type\":\"ListItem\",\"position\":1,\"name\":\"In\u00edcio\",\"item\":\"https:\/\/www.gaveanews.com\/noticias\/\"},{\"@type\":\"ListItem\",\"position\":2,\"name\":\"&#8216;Resposta&#8217; do Flamengo para o Palmeiras ganha destaque na Europa\"}]},{\"@type\":\"WebSite\",\"@id\":\"https:\/\/www.gaveanews.com\/noticias\/#website\",\"url\":\"https:\/\/www.gaveanews.com\/noticias\/\",\"name\":\"G\u00e1vea News\",\"description\":\"Veja todas as not\u00edcias sobre o Flamengo: Contrata\u00e7\u00f5es, categorias de base, resultados das partidas, tabela de classifica\u00e7\u00e3o, pr\u00f3ximos jogos!\",\"potentialAction\":[{\"@type\":\"SearchAction\",\"target\":{\"@type\":\"EntryPoint\",\"urlTemplate\":\"https:\/\/www.gaveanews.com\/noticias\/?s={search_term_string}\"},\"query-input\":{\"@type\":\"PropertyValueSpecification\",\"valueRequired\":true,\"valueName\":\"search_term_string\"}}],\"inLanguage\":\"pt-BR\"},{\"@type\":\"Person\",\"@id\":\"https:\/\/www.gaveanews.com\/noticias\/#\/schema\/person\/489b72d06548fd354568004c62ca4bc1\",\"name\":\"Reda\u00e7\u00e3o\",\"image\":{\"@type\":\"ImageObject\",\"inLanguage\":\"pt-BR\",\"@id\":\"https:\/\/www.gaveanews.com\/noticias\/#\/schema\/person\/image\/\",\"url\":\"https:\/\/secure.gravatar.com\/avatar\/e24cd6b1ffde8ab6db89abab880adb7fde7c16ac20ab0680f85dd546b7855e3f?s=96&d=mm&r=g\",\"contentUrl\":\"https:\/\/secure.gravatar.com\/avatar\/e24cd6b1ffde8ab6db89abab880adb7fde7c16ac20ab0680f85dd546b7855e3f?s=96&d=mm&r=g\",\"caption\":\"Reda\u00e7\u00e3o\"},\"url\":\"https:\/\/www.gaveanews.com\/noticias\/author\/redacao\/\"}]}<\/script>\n<!-- \/ Yoast SEO plugin. -->","yoast_head_json":{"title":"'Resposta' do Flamengo para o Palmeiras ganha destaque na Europa - G\u00e1vea News","robots":{"index":"index","follow":"follow","max-snippet":"max-snippet:-1","max-image-preview":"max-image-preview:large","max-video-preview":"max-video-preview:-1"},"canonical":"https:\/\/www.gaveanews.com\/noticias\/resposta-do-flamengo-para-o-palmeiras-ganha-destaque-na-europa\/","og_locale":"pt_BR","og_type":"article","og_title":"'Resposta' do Flamengo para o Palmeiras ganha destaque na Europa - G\u00e1vea News","og_description":"O Flamengo venceu o Juventude por 2 a 0, no domingo (14 de setembro), pela 23\u00aa rodada do Campeonato Brasileiro. O jogo foi no Alfredo Jaconi, em Caxias do Sul. Arrascaeta marcou no primeiro tempo, e Emerson Royal ampliou nos minutos finais. Assim, o l\u00edder chegou a 50 pontos e manteve vantagem de quatro sobre [&hellip;]","og_url":"https:\/\/www.gaveanews.com\/noticias\/resposta-do-flamengo-para-o-palmeiras-ganha-destaque-na-europa\/","og_site_name":"G\u00e1vea News","article_published_time":"2025-09-15T07:30:18+00:00","article_modified_time":"2025-09-15T07:31:12+00:00","og_image":[{"width":1319,"height":879,"url":"https:\/\/www.gaveanews.com\/noticias\/wp-content\/uploads\/2025\/09\/Filipe-Luis-durante-jogo-do-Flamengo-no-Maracana.webp","type":"image\/webp"}],"author":"Reda\u00e7\u00e3o","twitter_card":"summary_large_image","twitter_misc":{"Escrito por":"Reda\u00e7\u00e3o","Est. tempo de leitura":"1 minuto"},"schema":{"@context":"https:\/\/schema.org","@graph":[{"@type":"WebPage","@id":"https:\/\/www.gaveanews.com\/noticias\/resposta-do-flamengo-para-o-palmeiras-ganha-destaque-na-europa\/","url":"https:\/\/www.gaveanews.com\/noticias\/resposta-do-flamengo-para-o-palmeiras-ganha-destaque-na-europa\/","name":"'Resposta' do Flamengo para o Palmeiras ganha destaque na Europa - G\u00e1vea News","isPartOf":{"@id":"https:\/\/www.gaveanews.com\/noticias\/#website"},"datePublished":"2025-09-15T07:30:18+00:00","dateModified":"2025-09-15T07:31:12+00:00","author":{"@id":"https:\/\/www.gaveanews.com\/noticias\/#\/schema\/person\/489b72d06548fd354568004c62ca4bc1"},"breadcrumb":{"@id":"https:\/\/www.gaveanews.com\/noticias\/resposta-do-flamengo-para-o-palmeiras-ganha-destaque-na-europa\/#breadcrumb"},"inLanguage":"pt-BR","potentialAction":[{"@type":"ReadAction","target":["https:\/\/www.gaveanews.com\/noticias\/resposta-do-flamengo-para-o-palmeiras-ganha-destaque-na-europa\/"]}]},{"@type":"BreadcrumbList","@id":"https:\/\/www.gaveanews.com\/noticias\/resposta-do-flamengo-para-o-palmeiras-ganha-destaque-na-europa\/#breadcrumb","itemListElement":[{"@type":"ListItem","position":1,"name":"In\u00edcio","item":"https:\/\/www.gaveanews.com\/noticias\/"},{"@type":"ListItem","position":2,"name":"&#8216;Resposta&#8217; do Flamengo para o Palmeiras ganha destaque na Europa"}]},{"@type":"WebSite","@id":"https:\/\/www.gaveanews.com\/noticias\/#website","url":"https:\/\/www.gaveanews.com\/noticias\/","name":"G\u00e1vea News","description":"Veja todas as not\u00edcias sobre o Flamengo: Contrata\u00e7\u00f5es, categorias de base, resultados das partidas, tabela de classifica\u00e7\u00e3o, pr\u00f3ximos jogos!","potentialAction":[{"@type":"SearchAction","target":{"@type":"EntryPoint","urlTemplate":"https:\/\/www.gaveanews.com\/noticias\/?s={search_term_string}"},"query-input":{"@type":"PropertyValueSpecification","valueRequired":true,"valueName":"search_term_string"}}],"inLanguage":"pt-BR"},{"@type":"Person","@id":"https:\/\/www.gaveanews.com\/noticias\/#\/schema\/person\/489b72d06548fd354568004c62ca4bc1","name":"Reda\u00e7\u00e3o","image":{"@type":"ImageObject","inLanguage":"pt-BR","@id":"https:\/\/www.gaveanews.com\/noticias\/#\/schema\/person\/image\/","url":"https:\/\/secure.gravatar.com\/avatar\/e24cd6b1ffde8ab6db89abab880adb7fde7c16ac20ab0680f85dd546b7855e3f?s=96&d=mm&r=g","contentUrl":"https:\/\/secure.gravatar.com\/avatar\/e24cd6b1ffde8ab6db89abab880adb7fde7c16ac20ab0680f85dd546b7855e3f?s=96&d=mm&r=g","caption":"Reda\u00e7\u00e3o"},"url":"https:\/\/www.gaveanews.com\/noticias\/author\/redacao\/"}]}},"_links":{"self":[{"href":"https:\/\/www.gaveanews.com\/noticias\/wp-json\/wp\/v2\/posts\/734","targetHints":{"allow":["GET"]}}],"collection":[{"href":"https:\/\/www.gaveanews.com\/noticias\/wp-json\/wp\/v2\/posts"}],"about":[{"href":"https:\/\/www.gaveanews.com\/noticias\/wp-json\/wp\/v2\/types\/post"}],"author":[{"embeddable":true,"href":"https:\/\/www.gaveanews.com\/noticias\/wp-json\/wp\/v2\/users\/2"}],"replies":[{"embeddable":true,"href":"https:\/\/www.gaveanews.com\/noticias\/wp-json\/wp\/v2\/comments?post=734"}],"version-history":[{"count":0,"href":"https:\/\/www.gaveanews.com\/noticias\/wp-json\/wp\/v2\/posts\/734\/revisions"}],"wp:attachment":[{"href":"https:\/\/www.gaveanews.com\/noticias\/wp-json\/wp\/v2\/media?parent=734"}],"wp:term":[{"taxonomy":"category","embeddable":true,"href":"https:\/\/www.gaveanews.com\/noticias\/wp-json\/wp\/v2\/categories?post=734"},{"taxonomy":"post_tag","embeddable":true,"href":"https:\/\/www.gaveanews.com\/noticias\/wp-json\/wp\/v2\/tags?post=734"}],"curies":[{"name":"wp","href":"https:\/\/api.w.org\/{rel}","templated":true}]}}